{"id":13089,"date":"2020-01-10T18:28:20","date_gmt":"2020-01-10T18:28:20","guid":{"rendered":"https:\/\/municipalidadalhue.cl\/portal\/?p=13089"},"modified":"2020-01-10T18:28:24","modified_gmt":"2020-01-10T18:28:24","slug":"nuestro-municipio-colaborara-con-el-carnaval-por-el-agua-que-se-realizara-en-alhue","status":"publish","type":"post","link":"https:\/\/municipalidadalhue.cl\/portal\/nuestro-municipio-colaborara-con-el-carnaval-por-el-agua-que-se-realizara-en-alhue\/","title":{"rendered":"Nuestro municipio colaborar\u00e1 con el \u201cCarnaval por el Agua\u201d que se realizar\u00e1 en Alhu\u00e9"},"content":{"rendered":"\n<p><strong>Entre el 31 de enero,\nel 1 y el 2 de febrero se llevar\u00e1 a cabo este in\u00e9dito evento art\u00edstico en el\nParque Comunal, con el objetivo de concientizar por el uso que se le da al\nvital elemento. En una reuni\u00f3n que sostuvo el Alcalde Roberto Torres Huerta,\njunto a los concejales Hugo Lazo, Mario Huerta y Roberto Aravena con la\ncomisi\u00f3n organizadora de esta iniciativa, se confirm\u00f3 que se otorgar\u00e1 apoyo\nlog\u00edstico para el desarrollo de esta actividad, la que ser\u00e1 totalmente\ngratuita.<\/strong><\/p>\n\n\n\n<p>Durante muchos meses nuestro municipio, liderado por el Alcalde Roberto Torres Huerta y el Honorable Concejo Municipal, ha trabajado arduamente para hacer frente a esta grave sequ\u00eda que est\u00e1 afectando a la comuna, gestionando todo tipo de iniciativas y proyectos para mitigar esta situaci\u00f3n.<\/p>\n\n\n\n<div class=\"wp-block-image\"><figure class=\"alignright size-large is-resized\"><img fetchpriority=\"high\" decoding=\"async\" src=\"https:\/\/municipalidadalhue.cl\/portal\/wp-content\/uploads\/2020\/01\/DSC_00052-1024x683.jpg\" alt=\"\" class=\"wp-image-13091\" width=\"394\" height=\"262\" srcset=\"https:\/\/municipalidadalhue.cl\/portal\/wp-content\/uploads\/2020\/01\/DSC_00052-1024x683.jpg 1024w, https:\/\/municipalidadalhue.cl\/portal\/wp-content\/uploads\/2020\/01\/DSC_00052-300x200.jpg 300w, https:\/\/municipalidadalhue.cl\/portal\/wp-content\/uploads\/2020\/01\/DSC_00052-768x512.jpg 768w, https:\/\/municipalidadalhue.cl\/portal\/wp-content\/uploads\/2020\/01\/DSC_00052-1536x1024.jpg 1536w, https:\/\/municipalidadalhue.cl\/portal\/wp-content\/uploads\/2020\/01\/DSC_00052-2048x1365.jpg 2048w\" sizes=\"(max-width: 394px) 100vw, 394px\" \/><\/figure><\/div>\n\n\n\n<p>En ese sentido, una agrupaci\u00f3n de j\u00f3venes alhu\u00ednos tambi\u00e9n\nha querido sumarse a esta lucha y han ideado el primer \u201cCarnaval por el Agua\u201d\nde Alhu\u00e9, un evento art\u00edstico que busca concientizar sobre el uso que se le da\nal vital elemento, con una serie de presentaciones.<\/p>\n\n\n\n<p>Este carnaval se realizar\u00e1 el 31 de enero, el 1 y el 2 de\nfebrero en el Parque Comunal, a contar de las 18:00 horas, con variadas\npresentaciones art\u00edsticas, talleres, batucadas, charlas medioambientales, entre\notras actividades.<\/p>\n\n\n\n<p>Bajo ese marco, nuestro municipio colaborar\u00e1 con esta\niniciativa, algo que destac\u00f3 el Alcalde Roberto Torres Huerta. \u201cA nombre del\nConcejo Municipal, quiero destacar a una agrupaci\u00f3n de j\u00f3venes que van hacer\nuna actividad importante e in\u00e9dita en Alhu\u00e9, y que a nuestro juicio, es muy\nimportante que podamos apoyar. Ellos har\u00e1n un \u00b4Carnaval por el Agua\u00b4, un evento\nen el que nuestro municipio y el Concejo Municipal lo apoyar\u00e1n, colaborando con\nlas instalaciones\u201d.<\/p>\n\n\n\n<p>Asimismo, dijo que \u201cnosotros pondremos a disposici\u00f3n de los\nj\u00f3venes nuestro Parque Comunal, tambi\u00e9n haremos gesti\u00f3n de algunos recursos,\ncon la locomoci\u00f3n y adem\u00e1s colaboraremos con temas log\u00edsticos\u201d.<\/p>\n\n\n\n<p>Nuestro edil destac\u00f3 la relevancia de este evento. \u201cEs muy importante que nuestros vecinos asistan al carnaval y es muy importante que nos vayamos educando frente al problema h\u00eddrico que tenemos en nuestro pa\u00eds y en especial en nuestra comuna\u201d.<\/p>\n\n\n\n<div class=\"wp-block-image\"><figure class=\"alignright size-large is-resized\"><img decoding=\"async\" src=\"https:\/\/municipalidadalhue.cl\/portal\/wp-content\/uploads\/2020\/01\/DSC_0003-1024x683.jpg\" alt=\"\" class=\"wp-image-13092\" width=\"393\" height=\"262\" srcset=\"https:\/\/municipalidadalhue.cl\/portal\/wp-content\/uploads\/2020\/01\/DSC_0003-1024x683.jpg 1024w, https:\/\/municipalidadalhue.cl\/portal\/wp-content\/uploads\/2020\/01\/DSC_0003-300x200.jpg 300w, https:\/\/municipalidadalhue.cl\/portal\/wp-content\/uploads\/2020\/01\/DSC_0003-768x512.jpg 768w, https:\/\/municipalidadalhue.cl\/portal\/wp-content\/uploads\/2020\/01\/DSC_0003-1536x1024.jpg 1536w, https:\/\/municipalidadalhue.cl\/portal\/wp-content\/uploads\/2020\/01\/DSC_0003-2048x1365.jpg 2048w\" sizes=\"(max-width: 393px) 100vw, 393px\" \/><\/figure><\/div>\n\n\n\n<p>De igual forma, indic\u00f3 que es necesario que se tomen medidas\nadicionales para que esta situaci\u00f3n mejore. \u201cTienen que haber cambios\nestructurales, cambios al C\u00f3digo de Aguas, cambios a la Constituci\u00f3n de la\nRep\u00fablica, porque el agua es un bien que nos pertenece a todos y hoy est\u00e1 en\nmanos de unos pocos. Pero debe haber una prioridad para los seres humanos, en\ncu\u00e1nto a dignificar la entrega de agua, no estar entreg\u00e1ndola en bidones o en\ncamiones aljibes, sino que debe ser otorgada de acuerdo a los tiempos que\nestamos viviendo\u201d.<\/p>\n\n\n\n<p>Finalmente, el jefe comunal aprovech\u00f3 de \u201cfelicitar a este\ngrupo j\u00f3venes por este carnaval que est\u00e1n organizando. Esperamos que la\ncomunidad los apoye y participe de esta actividad, porque lo importante es que\nnos vayamos educando, ya que este es un problema muy grave, pero tambi\u00e9n\ndebemos revisar la disposici\u00f3n del agua que tenemos, porque en Alhu\u00e9 tambi\u00e9n\ntenemos agua disponible, la que tenemos que distribuir de buena forma\u201d.<\/p>\n","protected":false},"excerpt":{"rendered":"<p>Entre el 31 de enero, el 1 y el 2 de febrero se llevar\u00e1 a cabo este in\u00e9dito evento art\u00edstico en el Parque Comunal, con el objetivo de concientizar por el uso que se le da al vital elemento. En una reuni\u00f3n que sostuvo el Alcalde Roberto Torres Huerta, junto a los concejales Hugo Lazo, Mario Huerta y Roberto Aravena con la comisi\u00f3n organizadora de esta iniciativa, se confirm\u00f3 que se otorgar\u00e1 apoyo log\u00edstico para el desarrollo de esta actividad, la que ser\u00e1 totalmente gratuita. Durante muchos meses nuestro municipio,&hellip;<\/p>\n","protected":false},"author":1,"featured_media":13090,"comment_status":"closed","ping_status":"closed","sticky":false,"template":"","format":"standard","meta":{"footnotes":""},"categories":[10,4,5,6,8],"tags":[],"class_list":["post-13089","post","type-post","status-publish","format-standard","has-post-thumbnail","hentry","category-alcaldesa","category-comunidad","category-concejo","category-cultura","category-noticia"],"_links":{"self":[{"href":"https:\/\/municipalidadalhue.cl\/portal\/wp-json\/wp\/v2\/posts\/13089","targetHints":{"allow":["GET"]}}],"collection":[{"href":"https:\/\/municipalidadalhue.cl\/portal\/wp-json\/wp\/v2\/posts"}],"about":[{"href":"https:\/\/municipalidadalhue.cl\/portal\/wp-json\/wp\/v2\/types\/post"}],"author":[{"embeddable":true,"href":"https:\/\/municipalidadalhue.cl\/portal\/wp-json\/wp\/v2\/users\/1"}],"replies":[{"embeddable":true,"href":"https:\/\/municipalidadalhue.cl\/portal\/wp-json\/wp\/v2\/comments?post=13089"}],"version-history":[{"count":0,"href":"https:\/\/municipalidadalhue.cl\/portal\/wp-json\/wp\/v2\/posts\/13089\/revisions"}],"wp:featuredmedia":[{"embeddable":true,"href":"https:\/\/municipalidadalhue.cl\/portal\/wp-json\/wp\/v2\/media\/13090"}],"wp:attachment":[{"href":"https:\/\/municipalidadalhue.cl\/portal\/wp-json\/wp\/v2\/media?parent=13089"}],"wp:term":[{"taxonomy":"category","embeddable":true,"href":"https:\/\/municipalidadalhue.cl\/portal\/wp-json\/wp\/v2\/categories?post=13089"},{"taxonomy":"post_tag","embeddable":true,"href":"https:\/\/municipalidadalhue.cl\/portal\/wp-json\/wp\/v2\/tags?post=13089"}],"curies":[{"name":"wp","href":"https:\/\/api.w.org\/{rel}","templated":true}]}}