{"id":13460,"date":"2020-02-25T20:07:44","date_gmt":"2020-02-25T20:07:44","guid":{"rendered":"https:\/\/municipalidadalhue.cl\/portal\/?p=13460"},"modified":"2020-02-25T20:07:47","modified_gmt":"2020-02-25T20:07:47","slug":"positivo-balance-de-nuestras-autoridades-tras-semana-alhuina-2020","status":"publish","type":"post","link":"https:\/\/municipalidadalhue.cl\/portal\/positivo-balance-de-nuestras-autoridades-tras-semana-alhuina-2020\/","title":{"rendered":"Positivo balance de nuestras autoridades tras Semana Alhu\u00edna 2020"},"content":{"rendered":"\n<p><strong>El Alcalde y\nel Honorable Concejo Municipal se mostraron satisfechos con el desarrollo de\nesta fiesta comunal, destacando la alta participaci\u00f3n del p\u00fablico y los grandes\nartistas que se presentaron durante todos los d\u00edas de celebraciones.<\/strong><\/p>\n\n\n\n<p>Con el t\u00e9rmino de la Semana Alhu\u00edna\ncomienzan los balances, tal como lo realizaron nuestras autoridades, que manifestaron\nsu alegr\u00eda por los resultados que obtuvo la 46\u00aa versi\u00f3n de esta fiesta comunal.<\/p>\n\n\n\n<p>\u201cLo primero que quiero hacer es\nreiterar mis agradecimientos a todos y cada uno de los funcionarios de nuestra\nmunicipalidad que han hecho posible la Semana Alhu\u00edna 2020, porque ha sido un\ntrabajo tremendo, mucho trasnoche, m\u00e1s el trabajo que tienen de d\u00eda, algo que\ndebemos destacar. Agradecer tambi\u00e9n al Concejo Municipal, por haber participado\nde todos estos d\u00edas de fiesta que tanto queremos como comunidad\u201d, resalt\u00f3 el Alcalde\nRoberto Torres.<\/p>\n\n\n\n<p>Asimismo, subray\u00f3 la participaci\u00f3n de\nlas organizaciones sociales. \u201cEl trabajo que hicieron con sus carros aleg\u00f3ricos\nlas organizaciones comunitarias fue muy importante, por lo que nosotros lo\ndebemos destacar y agradecer, porque el d\u00eda en que estuvimos en la Plaza de\nArmas fue precioso\u201d.<\/p>\n\n\n\n<p>De igual forma, sostuvo que \u201cdespu\u00e9s\nque nos trasladamos hasta el Parque los d\u00edas jueves, viernes, s\u00e1bado y domingo,\ndonde particip\u00f3 una gran cantidad de vecinos y de visitantes. El Parque Comunal\nha estado pr\u00e1cticamente lleno todos estos d\u00edas, as\u00ed que el balance es bastante positivo,\nporque nuestra Semana Alhu\u00edna la preparamos para los alhu\u00ednos y es de los\nalhu\u00ednos, y tambi\u00e9n para todas las personas que nos visitan\u201d.<\/p>\n\n\n\n<p>Conjuntamente, recalc\u00f3 la conducta del\np\u00fablico. \u201cPr\u00e1cticamente no tuvimos desmanes, un comportamiento ejemplar del\np\u00fablico, as\u00ed que estamos muy agradecidos, porque el Parque Comunal es de todos\nlos alhu\u00ednos y de nuestros visitantes\u201d.<\/p>\n\n\n\n<p>En tanto, la concejala Nancy Cerda\nmanifest\u00f3 que \u201cestoy muy contenta de toda la participaci\u00f3n que hemos tenido, de\nla gente alhu\u00edna y de los visitantes. Hemos estado muy contentos de que todo haya\nresultado muy bonito, algo que nos han se\u00f1alado los vecinos, que est\u00e1n muy\nfelices con todos los artistas que trajimos hasta la comuna\u201d.<\/p>\n\n\n\n<p>Algo similar precis\u00f3 el concejal\nRoberto Aravena. \u201cEstamos muy contentos por la participaci\u00f3n que hemos tenido\nen la Semana Alhu\u00edna, desde que partimos en la Plaza de Armas, adem\u00e1s del\nf\u00fatbol, aparte con los carros aleg\u00f3ricos, agradecer a las organizaciones\nsociales por su participaci\u00f3n. En el Parque todo ha estado muy bonito, con muy\nbuenos grupos, aparte que la gente se ha portado muy bien, destacar el cuidado\nque le han dado a este espacio\u201d.<\/p>\n\n\n\n<p>Por su parte, el concejal Rafael Cerda\nse mostr\u00f3 conforme con esta fiesta. \u201cQued\u00e9 muy satisfecho con esta Semana\nAlhu\u00edna, creo que ha sido muy buena, donde hemos tenido mucha asistencia de\np\u00fablico. S\u00f3lo podemos felicitar a la gente, creo que se han portado un 7.0, han\nrespondido a nuestra invitaci\u00f3n y con un muy buen comportamiento\u201d.<\/p>\n\n\n\n<p>A su vez, el concejal Leonel Acevedo\nindic\u00f3 que \u201cla verdad es que s\u00f3lo podemos hacer un balance muy positivo. Creemos\nque ha sido una Semana Alhu\u00edna extraordinariamente concurrida, ha venido mucha\ngente, se ha notado que lo han pasado bien. Adem\u00e1s, hemos tenido varios\nservicios, como son cociner\u00edas y bar, lo que ha funcionado muy bien, del agrado\nde nuestra gente\u201d.<\/p>\n\n\n\n<p>Finalmente, el concejal Mario Huerta\ndestac\u00f3 que \u201ccreo que el balance es muy exitoso. Comenzamos en el Parque con un\nshow totalmente redondo, con el folclore, para luego seguir el viernes, el s\u00e1bado\ny el domingo con espectaculares presentaciones. Creo que el p\u00fablico ha\nrespondido, ten\u00edamos un poco de temor, por el estallido social, sabemos que\ntodas las demandas son necesarias, pero esta fiesta es nuestra, y no pod\u00edamos\nempa\u00f1arla. Agradezco a todo el p\u00fablico que ha comprendido esto y han\nparticipado de la Semana Alhu\u00edna 2020\u201d.<\/p>\n","protected":false},"excerpt":{"rendered":"<p>El Alcalde y el Honorable Concejo Municipal se mostraron satisfechos con el desarrollo de esta fiesta comunal, destacando la alta participaci\u00f3n del p\u00fablico y los grandes artistas que se presentaron durante todos los d\u00edas de celebraciones. Con el t\u00e9rmino de la Semana Alhu\u00edna comienzan los balances, tal como lo realizaron nuestras autoridades, que manifestaron su alegr\u00eda por los resultados que obtuvo la 46\u00aa versi\u00f3n de esta fiesta comunal. \u201cLo primero que quiero hacer es reiterar mis agradecimientos a todos y cada uno de los funcionarios de nuestra municipalidad que han&hellip;<\/p>\n","protected":false},"author":1,"featured_media":13461,"comment_status":"closed","ping_status":"closed","sticky":false,"template":"","format":"standard","meta":{"footnotes":""},"categories":[10,4,5,6,8],"tags":[],"class_list":["post-13460","post","type-post","status-publish","format-standard","has-post-thumbnail","hentry","category-alcaldesa","category-comunidad","category-concejo","category-cultura","category-noticia"],"_links":{"self":[{"href":"https:\/\/municipalidadalhue.cl\/portal\/wp-json\/wp\/v2\/posts\/13460","targetHints":{"allow":["GET"]}}],"collection":[{"href":"https:\/\/municipalidadalhue.cl\/portal\/wp-json\/wp\/v2\/posts"}],"about":[{"href":"https:\/\/municipalidadalhue.cl\/portal\/wp-json\/wp\/v2\/types\/post"}],"author":[{"embeddable":true,"href":"https:\/\/municipalidadalhue.cl\/portal\/wp-json\/wp\/v2\/users\/1"}],"replies":[{"embeddable":true,"href":"https:\/\/municipalidadalhue.cl\/portal\/wp-json\/wp\/v2\/comments?post=13460"}],"version-history":[{"count":0,"href":"https:\/\/municipalidadalhue.cl\/portal\/wp-json\/wp\/v2\/posts\/13460\/revisions"}],"wp:featuredmedia":[{"embeddable":true,"href":"https:\/\/municipalidadalhue.cl\/portal\/wp-json\/wp\/v2\/media\/13461"}],"wp:attachment":[{"href":"https:\/\/municipalidadalhue.cl\/portal\/wp-json\/wp\/v2\/media?parent=13460"}],"wp:term":[{"taxonomy":"category","embeddable":true,"href":"https:\/\/municipalidadalhue.cl\/portal\/wp-json\/wp\/v2\/categories?post=13460"},{"taxonomy":"post_tag","embeddable":true,"href":"https:\/\/municipalidadalhue.cl\/portal\/wp-json\/wp\/v2\/tags?post=13460"}],"curies":[{"name":"wp","href":"https:\/\/api.w.org\/{rel}","templated":true}]}}