{"id":15154,"date":"2022-02-07T18:00:24","date_gmt":"2022-02-07T18:00:24","guid":{"rendered":"https:\/\/municipalidadalhue.cl\/portal\/?p=15154"},"modified":"2022-02-07T18:00:24","modified_gmt":"2022-02-07T18:00:24","slug":"se-retomaron-obras-de-mejoramiento-del-jardin-infantil-y-sala-cuna-las-uvitas-de-hacienda-alhue","status":"publish","type":"post","link":"https:\/\/municipalidadalhue.cl\/portal\/se-retomaron-obras-de-mejoramiento-del-jardin-infantil-y-sala-cuna-las-uvitas-de-hacienda-alhue\/","title":{"rendered":"Se retomaron obras de mejoramiento del Jard\u00edn Infantil y Sala Cuna Las Uvitas de Hacienda Alhu\u00e9"},"content":{"rendered":"<p>Una completa renovaci\u00f3n en infraestructura se est\u00e1 realizando en el Jard\u00edn Infantil y Sala Cuna Las Uvitas de Hacienda Alhu\u00e9, todo con el objetivo de recibir de la mejor forma a ni\u00f1os y ni\u00f1as que son usuarios de este recinto preescolar.<\/p>\n<p>El Alcalde Roberto Torres Huerta, junto a los concejales Roberto Aravena, Alex Riquelme y Leonel Acevedo recorrieron los trabajos de mejoramiento.<\/p>\n<p>\u201cYa hemos retomado los trabajos para hacer las mejoras necesarias en este recinto, ya que lamentablemente hab\u00edamos tenido muchos inconvenientes con algunas empresas y tuvimos que terminar los contratos, porque no cumplieron los procesos administrativos\u201d, subray\u00f3 el jefe comunal.<\/p>\n<p>Agregando que \u201cla nueva empresa que se adjudic\u00f3 estas obras ya comenz\u00f3 los trabajos en el Jard\u00edn Las Uvitas, donde pretendemos que est\u00e9 habilitado durante el mes de marzo si sale todo bien\u201d.<\/p>\n<p>Por otra parte, la autoridad se refiri\u00f3 a diversos proyectos que se est\u00e1n ejecutando en la localidad de Hacienda Alhu\u00e9. \u201cHemos estado mejorando una serie de caminos y callejones que ya se han asfaltado, adem\u00e1s de las obras que hemos realizado en la Escuela Hacienda Alhu\u00e9, que mejorar\u00e1n la calidad de la educaci\u00f3n que se ofrece, tanto para los ni\u00f1os, como los asistentes de la educaci\u00f3n y los profesores, con nuevas salas disponibles\u201d.<\/p>\n<p>En ese sentido, destac\u00f3 que \u201ccon el Concejo Municipal estamos disponibles a seguir trabajando por los vecinos, en especial por los ni\u00f1os y ni\u00f1as. As\u00ed que vamos avanzando en nuestra comuna con estos proyectos tan importantes\u201d<\/p>\n<p>Cabe consignar, que el Jard\u00edn Infantil y Sala Cuna Las Uvitas de Hacienda Alhu\u00e9 se renovar\u00e1 por completo, con la construcci\u00f3n de una oficina de direcci\u00f3n, mejora de los servicios higi\u00e9nicos y del comedor docente, adem\u00e1s de nuevas techumbres y mejoramiento de la accesibilidad universal de este establecimiento.<\/p>\n<p>La inversi\u00f3n de estas mejoras es de m\u00e1s de $75 millones, financiados por la Junta Nacional de Jardines Infantiles (JUNJI).<\/p>\n","protected":false},"excerpt":{"rendered":"<p>Una completa renovaci\u00f3n en infraestructura se est\u00e1 realizando en el Jard\u00edn Infantil y Sala Cuna Las Uvitas de Hacienda Alhu\u00e9, todo con el objetivo de recibir de la mejor forma a ni\u00f1os y ni\u00f1as que son usuarios de este recinto preescolar. El Alcalde Roberto Torres Huerta, junto a los concejales Roberto Aravena, Alex Riquelme y Leonel Acevedo recorrieron los trabajos de mejoramiento. \u201cYa hemos retomado los trabajos para hacer las mejoras necesarias en este recinto, ya que lamentablemente hab\u00edamos tenido muchos inconvenientes con algunas empresas y tuvimos que terminar los&hellip;<\/p>\n","protected":false},"author":1,"featured_media":15155,"comment_status":"closed","ping_status":"closed","sticky":false,"template":"","format":"standard","meta":{"footnotes":""},"categories":[10,4,5,8,9],"tags":[],"class_list":["post-15154","post","type-post","status-publish","format-standard","has-post-thumbnail","hentry","category-alcaldesa","category-comunidad","category-concejo","category-noticia","category-proyectos"],"_links":{"self":[{"href":"https:\/\/municipalidadalhue.cl\/portal\/wp-json\/wp\/v2\/posts\/15154","targetHints":{"allow":["GET"]}}],"collection":[{"href":"https:\/\/municipalidadalhue.cl\/portal\/wp-json\/wp\/v2\/posts"}],"about":[{"href":"https:\/\/municipalidadalhue.cl\/portal\/wp-json\/wp\/v2\/types\/post"}],"author":[{"embeddable":true,"href":"https:\/\/municipalidadalhue.cl\/portal\/wp-json\/wp\/v2\/users\/1"}],"replies":[{"embeddable":true,"href":"https:\/\/municipalidadalhue.cl\/portal\/wp-json\/wp\/v2\/comments?post=15154"}],"version-history":[{"count":0,"href":"https:\/\/municipalidadalhue.cl\/portal\/wp-json\/wp\/v2\/posts\/15154\/revisions"}],"wp:featuredmedia":[{"embeddable":true,"href":"https:\/\/municipalidadalhue.cl\/portal\/wp-json\/wp\/v2\/media\/15155"}],"wp:attachment":[{"href":"https:\/\/municipalidadalhue.cl\/portal\/wp-json\/wp\/v2\/media?parent=15154"}],"wp:term":[{"taxonomy":"category","embeddable":true,"href":"https:\/\/municipalidadalhue.cl\/portal\/wp-json\/wp\/v2\/categories?post=15154"},{"taxonomy":"post_tag","embeddable":true,"href":"https:\/\/municipalidadalhue.cl\/portal\/wp-json\/wp\/v2\/tags?post=15154"}],"curies":[{"name":"wp","href":"https:\/\/api.w.org\/{rel}","templated":true}]}}