{"id":15171,"date":"2022-02-17T13:01:05","date_gmt":"2022-02-17T13:01:05","guid":{"rendered":"https:\/\/municipalidadalhue.cl\/portal\/?p=15171"},"modified":"2022-02-17T13:03:26","modified_gmt":"2022-02-17T13:03:26","slug":"se-conmemoro-el-dia-contra-el-cancer-infantil-en-alhue","status":"publish","type":"post","link":"https:\/\/municipalidadalhue.cl\/portal\/se-conmemoro-el-dia-contra-el-cancer-infantil-en-alhue\/","title":{"rendered":"Se conmemor\u00f3 el D\u00eda contra el c\u00e1ncer infantil en Alhu\u00e9"},"content":{"rendered":"<p>El 15 de febrero se conmemora el D\u00eda Internacional de la lucha contra el C\u00e1ncer Infantil, con el objetivo de concientizar a la sociedad sobre esta enfermedad, y sobre la necesidad de que todos los ni\u00f1os y ni\u00f1as que padecen c\u00e1ncer, tengan acceso a un diagn\u00f3stico y tratamiento adecuados.<\/p>\n<p>Bajo ese marco, nuestro municipio, por medio de la Oficina de la Infancia de DIDECO (Direcci\u00f3n de Desarrollo Comunitario), realiz\u00f3 una jornada de concientizaci\u00f3n sobre el c\u00e1ncer infantil desde la Plaza de Armas de Villa Alhu\u00e9, donde se entreg\u00f3 informaci\u00f3n sobre esta enfermedad, adem\u00e1s de recalcar la importancia de entregar tratamientos a los afectados.<\/p>\n<p>De igual forma, se inaugur\u00f3 e instal\u00f3 un punto de reciclaje de tapas pl\u00e1sticas, una iniciativa del Jard\u00edn CECI de Valdebenito, con el objetivo de reunir todo tipo de \u201ctapitas\u201d pl\u00e1sticas, que apoyar\u00e1n el financiamiento de tratamientos contra el c\u00e1ncer infantil.<\/p>\n<p>Asimismo, se realiz\u00f3 una colecta para ayudar a la \u201cFundaci\u00f3n Vivir m\u00e1s Feliz\u201d, quienes trabajan en tratamientos de ni\u00f1os y ni\u00f1as que padecen c\u00e1ncer.<\/p>\n<div id='gallery-1' class='gallery galleryid-15171 gallery-columns-3 gallery-size-thumbnail'><figure class='gallery-item'>\n\t\t\t<div class='gallery-icon landscape'>\n\t\t\t\t<a href='https:\/\/municipalidadalhue.cl\/portal\/se-conmemoro-el-dia-contra-el-cancer-infantil-en-alhue\/dsc_0018-2\/'><img fetchpriority=\"high\" decoding=\"async\" width=\"500\" height=\"280\" src=\"https:\/\/municipalidadalhue.cl\/portal\/wp-content\/uploads\/2022\/02\/DSC_0018-500x280.jpg\" class=\"attachment-thumbnail size-thumbnail\" alt=\"\" \/><\/a>\n\t\t\t<\/div><\/figure><figure class='gallery-item'>\n\t\t\t<div class='gallery-icon landscape'>\n\t\t\t\t<a href='https:\/\/municipalidadalhue.cl\/portal\/se-conmemoro-el-dia-contra-el-cancer-infantil-en-alhue\/dsc_0019-2\/'><img decoding=\"async\" width=\"500\" height=\"280\" src=\"https:\/\/municipalidadalhue.cl\/portal\/wp-content\/uploads\/2022\/02\/DSC_0019-500x280.jpg\" class=\"attachment-thumbnail size-thumbnail\" alt=\"\" \/><\/a>\n\t\t\t<\/div><\/figure><figure class='gallery-item'>\n\t\t\t<div class='gallery-icon landscape'>\n\t\t\t\t<a href='https:\/\/municipalidadalhue.cl\/portal\/se-conmemoro-el-dia-contra-el-cancer-infantil-en-alhue\/dsc_0022\/'><img decoding=\"async\" width=\"500\" height=\"280\" src=\"https:\/\/municipalidadalhue.cl\/portal\/wp-content\/uploads\/2022\/02\/DSC_0022-500x280.jpg\" class=\"attachment-thumbnail size-thumbnail\" alt=\"\" \/><\/a>\n\t\t\t<\/div><\/figure><figure class='gallery-item'>\n\t\t\t<div class='gallery-icon landscape'>\n\t\t\t\t<a href='https:\/\/municipalidadalhue.cl\/portal\/se-conmemoro-el-dia-contra-el-cancer-infantil-en-alhue\/dsc_0026-2\/'><img loading=\"lazy\" decoding=\"async\" width=\"500\" height=\"280\" src=\"https:\/\/municipalidadalhue.cl\/portal\/wp-content\/uploads\/2022\/02\/DSC_0026-500x280.jpg\" class=\"attachment-thumbnail size-thumbnail\" alt=\"\" \/><\/a>\n\t\t\t<\/div><\/figure><figure class='gallery-item'>\n\t\t\t<div class='gallery-icon landscape'>\n\t\t\t\t<a href='https:\/\/municipalidadalhue.cl\/portal\/se-conmemoro-el-dia-contra-el-cancer-infantil-en-alhue\/dsc_0029-2\/'><img loading=\"lazy\" decoding=\"async\" width=\"500\" height=\"280\" src=\"https:\/\/municipalidadalhue.cl\/portal\/wp-content\/uploads\/2022\/02\/DSC_0029-500x280.jpg\" class=\"attachment-thumbnail size-thumbnail\" alt=\"\" \/><\/a>\n\t\t\t<\/div><\/figure><figure class='gallery-item'>\n\t\t\t<div class='gallery-icon landscape'>\n\t\t\t\t<a href='https:\/\/municipalidadalhue.cl\/portal\/se-conmemoro-el-dia-contra-el-cancer-infantil-en-alhue\/dsc_0035-3\/'><img loading=\"lazy\" decoding=\"async\" width=\"500\" height=\"280\" src=\"https:\/\/municipalidadalhue.cl\/portal\/wp-content\/uploads\/2022\/02\/DSC_0035-500x280.jpg\" class=\"attachment-thumbnail size-thumbnail\" alt=\"\" \/><\/a>\n\t\t\t<\/div><\/figure><figure class='gallery-item'>\n\t\t\t<div class='gallery-icon landscape'>\n\t\t\t\t<a href='https:\/\/municipalidadalhue.cl\/portal\/se-conmemoro-el-dia-contra-el-cancer-infantil-en-alhue\/dsc_0041-2\/'><img loading=\"lazy\" decoding=\"async\" width=\"500\" height=\"280\" src=\"https:\/\/municipalidadalhue.cl\/portal\/wp-content\/uploads\/2022\/02\/DSC_0041-500x280.jpg\" class=\"attachment-thumbnail size-thumbnail\" alt=\"\" \/><\/a>\n\t\t\t<\/div><\/figure><figure class='gallery-item'>\n\t\t\t<div class='gallery-icon landscape'>\n\t\t\t\t<a href='https:\/\/municipalidadalhue.cl\/portal\/se-conmemoro-el-dia-contra-el-cancer-infantil-en-alhue\/dsc_0042\/'><img loading=\"lazy\" decoding=\"async\" width=\"500\" height=\"280\" src=\"https:\/\/municipalidadalhue.cl\/portal\/wp-content\/uploads\/2022\/02\/DSC_0042-500x280.jpg\" class=\"attachment-thumbnail size-thumbnail\" alt=\"\" \/><\/a>\n\t\t\t<\/div><\/figure><figure class='gallery-item'>\n\t\t\t<div class='gallery-icon landscape'>\n\t\t\t\t<a href='https:\/\/municipalidadalhue.cl\/portal\/se-conmemoro-el-dia-contra-el-cancer-infantil-en-alhue\/dsc_0053-2\/'><img loading=\"lazy\" decoding=\"async\" width=\"500\" height=\"280\" src=\"https:\/\/municipalidadalhue.cl\/portal\/wp-content\/uploads\/2022\/02\/DSC_0053-500x280.jpg\" class=\"attachment-thumbnail size-thumbnail\" alt=\"\" \/><\/a>\n\t\t\t<\/div><\/figure><figure class='gallery-item'>\n\t\t\t<div class='gallery-icon landscape'>\n\t\t\t\t<a href='https:\/\/municipalidadalhue.cl\/portal\/se-conmemoro-el-dia-contra-el-cancer-infantil-en-alhue\/whatsapp-image-2022-02-15-at-16-42-09\/'><img loading=\"lazy\" decoding=\"async\" width=\"500\" height=\"280\" src=\"https:\/\/municipalidadalhue.cl\/portal\/wp-content\/uploads\/2022\/02\/WhatsApp-Image-2022-02-15-at-16.42.09-500x280.jpeg\" class=\"attachment-thumbnail size-thumbnail\" alt=\"\" \/><\/a>\n\t\t\t<\/div><\/figure><figure class='gallery-item'>\n\t\t\t<div class='gallery-icon landscape'>\n\t\t\t\t<a href='https:\/\/municipalidadalhue.cl\/portal\/se-conmemoro-el-dia-contra-el-cancer-infantil-en-alhue\/whatsapp-image-2022-02-15-at-16-42-10-1\/'><img loading=\"lazy\" decoding=\"async\" width=\"500\" height=\"280\" src=\"https:\/\/municipalidadalhue.cl\/portal\/wp-content\/uploads\/2022\/02\/WhatsApp-Image-2022-02-15-at-16.42.10-1-500x280.jpeg\" class=\"attachment-thumbnail size-thumbnail\" alt=\"\" \/><\/a>\n\t\t\t<\/div><\/figure><figure class='gallery-item'>\n\t\t\t<div class='gallery-icon landscape'>\n\t\t\t\t<a href='https:\/\/municipalidadalhue.cl\/portal\/se-conmemoro-el-dia-contra-el-cancer-infantil-en-alhue\/whatsapp-image-2022-02-15-at-16-42-12\/'><img loading=\"lazy\" decoding=\"async\" width=\"500\" height=\"280\" src=\"https:\/\/municipalidadalhue.cl\/portal\/wp-content\/uploads\/2022\/02\/WhatsApp-Image-2022-02-15-at-16.42.12-500x280.jpeg\" class=\"attachment-thumbnail size-thumbnail\" alt=\"\" \/><\/a>\n\t\t\t<\/div><\/figure>\n\t\t<\/div>\n\n","protected":false},"excerpt":{"rendered":"<p>El 15 de febrero se conmemora el D\u00eda Internacional de la lucha contra el C\u00e1ncer Infantil, con el objetivo de concientizar a la sociedad sobre esta enfermedad, y sobre la necesidad de que todos los ni\u00f1os y ni\u00f1as que padecen c\u00e1ncer, tengan acceso a un diagn\u00f3stico y tratamiento adecuados. Bajo ese marco, nuestro municipio, por medio de la Oficina de la Infancia de DIDECO (Direcci\u00f3n de Desarrollo Comunitario), realiz\u00f3 una jornada de concientizaci\u00f3n sobre el c\u00e1ncer infantil desde la Plaza de Armas de Villa Alhu\u00e9, donde se entreg\u00f3 informaci\u00f3n sobre&hellip;<\/p>\n","protected":false},"author":1,"featured_media":15186,"comment_status":"closed","ping_status":"closed","sticky":false,"template":"","format":"standard","meta":{"footnotes":""},"categories":[4,8],"tags":[],"class_list":["post-15171","post","type-post","status-publish","format-standard","has-post-thumbnail","hentry","category-comunidad","category-noticia"],"_links":{"self":[{"href":"https:\/\/municipalidadalhue.cl\/portal\/wp-json\/wp\/v2\/posts\/15171","targetHints":{"allow":["GET"]}}],"collection":[{"href":"https:\/\/municipalidadalhue.cl\/portal\/wp-json\/wp\/v2\/posts"}],"about":[{"href":"https:\/\/municipalidadalhue.cl\/portal\/wp-json\/wp\/v2\/types\/post"}],"author":[{"embeddable":true,"href":"https:\/\/municipalidadalhue.cl\/portal\/wp-json\/wp\/v2\/users\/1"}],"replies":[{"embeddable":true,"href":"https:\/\/municipalidadalhue.cl\/portal\/wp-json\/wp\/v2\/comments?post=15171"}],"version-history":[{"count":0,"href":"https:\/\/municipalidadalhue.cl\/portal\/wp-json\/wp\/v2\/posts\/15171\/revisions"}],"wp:featuredmedia":[{"embeddable":true,"href":"https:\/\/municipalidadalhue.cl\/portal\/wp-json\/wp\/v2\/media\/15186"}],"wp:attachment":[{"href":"https:\/\/municipalidadalhue.cl\/portal\/wp-json\/wp\/v2\/media?parent=15171"}],"wp:term":[{"taxonomy":"category","embeddable":true,"href":"https:\/\/municipalidadalhue.cl\/portal\/wp-json\/wp\/v2\/categories?post=15171"},{"taxonomy":"post_tag","embeddable":true,"href":"https:\/\/municipalidadalhue.cl\/portal\/wp-json\/wp\/v2\/tags?post=15171"}],"curies":[{"name":"wp","href":"https:\/\/api.w.org\/{rel}","templated":true}]}}