{"id":15251,"date":"2022-03-01T14:52:44","date_gmt":"2022-03-01T14:52:44","guid":{"rendered":"https:\/\/municipalidadalhue.cl\/portal\/?p=15251"},"modified":"2022-03-01T14:52:44","modified_gmt":"2022-03-01T14:52:44","slug":"nuestras-autoridades-visitaron-establecimientos-educacionales-en-marco-de-inicio-de-ano-escolar-2022","status":"publish","type":"post","link":"https:\/\/municipalidadalhue.cl\/portal\/nuestras-autoridades-visitaron-establecimientos-educacionales-en-marco-de-inicio-de-ano-escolar-2022\/","title":{"rendered":"Nuestras autoridades visitaron establecimientos educacionales en marco de inicio de A\u00f1o Escolar 2022"},"content":{"rendered":"<p>Un recorrido por todos los establecimientos educacionales de la comuna realiz\u00f3 el Alcalde Roberto Torres Huerta junto a los concejales Marco Urbano, Carmen Gloria Espinoza, Roberto Aravena, Jos\u00e9 Arellano, Alex Riquelme y Leonel Acevedo.<\/p>\n<p>En esta visita las autoridades pudieron ver en terreno los mejoramientos que se han desarrollado en cada uno de los recintos, y c\u00f3mo se han preparado para iniciar el a\u00f1o escolar 2022.<\/p>\n<p>Los directores de los establecimientos de educaci\u00f3n alentaron a padres y apoderados a enviar a sus hijas e hijos a clases, ya que est\u00e1n todas las medidas de seguridad para recibirlos.<\/p>\n<p>Cabe recordar, que las clases se inician este mi\u00e9rcoles 02 de marzo a las 08:00 horas en el Liceo Sara Troncoso, y a las 08:30 horas en las escuelas de San Alfonso, Hacienda Alhu\u00e9, Pichi y El Asiento.<\/p>\n<div id='gallery-1' class='gallery galleryid-15251 gallery-columns-3 gallery-size-thumbnail'><figure class='gallery-item'>\n\t\t\t<div class='gallery-icon landscape'>\n\t\t\t\t<a href='https:\/\/municipalidadalhue.cl\/portal\/nuestras-autoridades-visitaron-establecimientos-educacionales-en-marco-de-inicio-de-ano-escolar-2022\/dji_20220228_133648_3693\/'><img fetchpriority=\"high\" decoding=\"async\" width=\"500\" height=\"280\" src=\"https:\/\/municipalidadalhue.cl\/portal\/wp-content\/uploads\/2022\/03\/DJI_20220228_133648_3693-500x280.jpg\" class=\"attachment-thumbnail size-thumbnail\" alt=\"\" srcset=\"https:\/\/municipalidadalhue.cl\/portal\/wp-content\/uploads\/2022\/03\/DJI_20220228_133648_3693-500x280.jpg 500w, https:\/\/municipalidadalhue.cl\/portal\/wp-content\/uploads\/2022\/03\/DJI_20220228_133648_3693-649x365.jpg 649w, https:\/\/municipalidadalhue.cl\/portal\/wp-content\/uploads\/2022\/03\/DJI_20220228_133648_3693-768x432.jpg 768w, https:\/\/municipalidadalhue.cl\/portal\/wp-content\/uploads\/2022\/03\/DJI_20220228_133648_3693-1536x864.jpg 1536w, https:\/\/municipalidadalhue.cl\/portal\/wp-content\/uploads\/2022\/03\/DJI_20220228_133648_3693-2048x1152.jpg 2048w\" sizes=\"(max-width: 500px) 100vw, 500px\" \/><\/a>\n\t\t\t<\/div><\/figure><figure class='gallery-item'>\n\t\t\t<div class='gallery-icon landscape'>\n\t\t\t\t<a href='https:\/\/municipalidadalhue.cl\/portal\/nuestras-autoridades-visitaron-establecimientos-educacionales-en-marco-de-inicio-de-ano-escolar-2022\/dji_20220228_133706_3694\/'><img decoding=\"async\" width=\"500\" height=\"280\" src=\"https:\/\/municipalidadalhue.cl\/portal\/wp-content\/uploads\/2022\/03\/DJI_20220228_133706_3694-500x280.jpg\" class=\"attachment-thumbnail size-thumbnail\" alt=\"\" srcset=\"https:\/\/municipalidadalhue.cl\/portal\/wp-content\/uploads\/2022\/03\/DJI_20220228_133706_3694-500x280.jpg 500w, https:\/\/municipalidadalhue.cl\/portal\/wp-content\/uploads\/2022\/03\/DJI_20220228_133706_3694-649x365.jpg 649w, https:\/\/municipalidadalhue.cl\/portal\/wp-content\/uploads\/2022\/03\/DJI_20220228_133706_3694-768x432.jpg 768w, https:\/\/municipalidadalhue.cl\/portal\/wp-content\/uploads\/2022\/03\/DJI_20220228_133706_3694-1536x864.jpg 1536w, https:\/\/municipalidadalhue.cl\/portal\/wp-content\/uploads\/2022\/03\/DJI_20220228_133706_3694-2048x1152.jpg 2048w\" sizes=\"(max-width: 500px) 100vw, 500px\" \/><\/a>\n\t\t\t<\/div><\/figure><figure class='gallery-item'>\n\t\t\t<div class='gallery-icon landscape'>\n\t\t\t\t<a href='https:\/\/municipalidadalhue.cl\/portal\/nuestras-autoridades-visitaron-establecimientos-educacionales-en-marco-de-inicio-de-ano-escolar-2022\/dji_20220228_143033_3715\/'><img decoding=\"async\" width=\"500\" height=\"280\" src=\"https:\/\/municipalidadalhue.cl\/portal\/wp-content\/uploads\/2022\/03\/DJI_20220228_143033_3715-500x280.jpg\" class=\"attachment-thumbnail size-thumbnail\" alt=\"\" srcset=\"https:\/\/municipalidadalhue.cl\/portal\/wp-content\/uploads\/2022\/03\/DJI_20220228_143033_3715-500x280.jpg 500w, https:\/\/municipalidadalhue.cl\/portal\/wp-content\/uploads\/2022\/03\/DJI_20220228_143033_3715-649x365.jpg 649w, https:\/\/municipalidadalhue.cl\/portal\/wp-content\/uploads\/2022\/03\/DJI_20220228_143033_3715-768x432.jpg 768w, https:\/\/municipalidadalhue.cl\/portal\/wp-content\/uploads\/2022\/03\/DJI_20220228_143033_3715-1536x864.jpg 1536w, https:\/\/municipalidadalhue.cl\/portal\/wp-content\/uploads\/2022\/03\/DJI_20220228_143033_3715-2048x1152.jpg 2048w\" sizes=\"(max-width: 500px) 100vw, 500px\" \/><\/a>\n\t\t\t<\/div><\/figure><figure class='gallery-item'>\n\t\t\t<div class='gallery-icon landscape'>\n\t\t\t\t<a href='https:\/\/municipalidadalhue.cl\/portal\/nuestras-autoridades-visitaron-establecimientos-educacionales-en-marco-de-inicio-de-ano-escolar-2022\/dji_20220228_143043_3716\/'><img loading=\"lazy\" decoding=\"async\" width=\"500\" height=\"280\" src=\"https:\/\/municipalidadalhue.cl\/portal\/wp-content\/uploads\/2022\/03\/DJI_20220228_143043_3716-500x280.jpg\" class=\"attachment-thumbnail size-thumbnail\" alt=\"\" srcset=\"https:\/\/municipalidadalhue.cl\/portal\/wp-content\/uploads\/2022\/03\/DJI_20220228_143043_3716-500x280.jpg 500w, https:\/\/municipalidadalhue.cl\/portal\/wp-content\/uploads\/2022\/03\/DJI_20220228_143043_3716-649x365.jpg 649w, https:\/\/municipalidadalhue.cl\/portal\/wp-content\/uploads\/2022\/03\/DJI_20220228_143043_3716-768x432.jpg 768w, https:\/\/municipalidadalhue.cl\/portal\/wp-content\/uploads\/2022\/03\/DJI_20220228_143043_3716-1536x864.jpg 1536w, https:\/\/municipalidadalhue.cl\/portal\/wp-content\/uploads\/2022\/03\/DJI_20220228_143043_3716-2048x1152.jpg 2048w\" sizes=\"(max-width: 500px) 100vw, 500px\" \/><\/a>\n\t\t\t<\/div><\/figure><figure class='gallery-item'>\n\t\t\t<div class='gallery-icon landscape'>\n\t\t\t\t<a href='https:\/\/municipalidadalhue.cl\/portal\/nuestras-autoridades-visitaron-establecimientos-educacionales-en-marco-de-inicio-de-ano-escolar-2022\/dji_20220228_143547_3730\/'><img loading=\"lazy\" decoding=\"async\" width=\"500\" height=\"280\" src=\"https:\/\/municipalidadalhue.cl\/portal\/wp-content\/uploads\/2022\/03\/DJI_20220228_143547_3730-500x280.jpg\" class=\"attachment-thumbnail size-thumbnail\" alt=\"\" srcset=\"https:\/\/municipalidadalhue.cl\/portal\/wp-content\/uploads\/2022\/03\/DJI_20220228_143547_3730-500x280.jpg 500w, https:\/\/municipalidadalhue.cl\/portal\/wp-content\/uploads\/2022\/03\/DJI_20220228_143547_3730-649x365.jpg 649w, https:\/\/municipalidadalhue.cl\/portal\/wp-content\/uploads\/2022\/03\/DJI_20220228_143547_3730-768x432.jpg 768w, https:\/\/municipalidadalhue.cl\/portal\/wp-content\/uploads\/2022\/03\/DJI_20220228_143547_3730-1536x864.jpg 1536w, https:\/\/municipalidadalhue.cl\/portal\/wp-content\/uploads\/2022\/03\/DJI_20220228_143547_3730-2048x1152.jpg 2048w\" sizes=\"(max-width: 500px) 100vw, 500px\" \/><\/a>\n\t\t\t<\/div><\/figure><figure class='gallery-item'>\n\t\t\t<div class='gallery-icon landscape'>\n\t\t\t\t<a href='https:\/\/municipalidadalhue.cl\/portal\/nuestras-autoridades-visitaron-establecimientos-educacionales-en-marco-de-inicio-de-ano-escolar-2022\/dji_20220228_143738_3735\/'><img loading=\"lazy\" decoding=\"async\" width=\"500\" height=\"280\" src=\"https:\/\/municipalidadalhue.cl\/portal\/wp-content\/uploads\/2022\/03\/DJI_20220228_143738_3735-500x280.jpg\" class=\"attachment-thumbnail size-thumbnail\" alt=\"\" srcset=\"https:\/\/municipalidadalhue.cl\/portal\/wp-content\/uploads\/2022\/03\/DJI_20220228_143738_3735-500x280.jpg 500w, https:\/\/municipalidadalhue.cl\/portal\/wp-content\/uploads\/2022\/03\/DJI_20220228_143738_3735-649x365.jpg 649w, https:\/\/municipalidadalhue.cl\/portal\/wp-content\/uploads\/2022\/03\/DJI_20220228_143738_3735-768x432.jpg 768w, https:\/\/municipalidadalhue.cl\/portal\/wp-content\/uploads\/2022\/03\/DJI_20220228_143738_3735-1536x864.jpg 1536w, https:\/\/municipalidadalhue.cl\/portal\/wp-content\/uploads\/2022\/03\/DJI_20220228_143738_3735-2048x1152.jpg 2048w\" sizes=\"(max-width: 500px) 100vw, 500px\" \/><\/a>\n\t\t\t<\/div><\/figure><figure class='gallery-item'>\n\t\t\t<div class='gallery-icon landscape'>\n\t\t\t\t<a href='https:\/\/municipalidadalhue.cl\/portal\/nuestras-autoridades-visitaron-establecimientos-educacionales-en-marco-de-inicio-de-ano-escolar-2022\/dji_20220228_155907_3763\/'><img loading=\"lazy\" decoding=\"async\" width=\"500\" height=\"280\" src=\"https:\/\/municipalidadalhue.cl\/portal\/wp-content\/uploads\/2022\/03\/DJI_20220228_155907_3763-500x280.jpg\" class=\"attachment-thumbnail size-thumbnail\" alt=\"\" srcset=\"https:\/\/municipalidadalhue.cl\/portal\/wp-content\/uploads\/2022\/03\/DJI_20220228_155907_3763-500x280.jpg 500w, https:\/\/municipalidadalhue.cl\/portal\/wp-content\/uploads\/2022\/03\/DJI_20220228_155907_3763-649x365.jpg 649w, https:\/\/municipalidadalhue.cl\/portal\/wp-content\/uploads\/2022\/03\/DJI_20220228_155907_3763-768x432.jpg 768w, https:\/\/municipalidadalhue.cl\/portal\/wp-content\/uploads\/2022\/03\/DJI_20220228_155907_3763-1536x864.jpg 1536w, https:\/\/municipalidadalhue.cl\/portal\/wp-content\/uploads\/2022\/03\/DJI_20220228_155907_3763-2048x1152.jpg 2048w\" sizes=\"(max-width: 500px) 100vw, 500px\" \/><\/a>\n\t\t\t<\/div><\/figure><figure class='gallery-item'>\n\t\t\t<div class='gallery-icon landscape'>\n\t\t\t\t<a href='https:\/\/municipalidadalhue.cl\/portal\/nuestras-autoridades-visitaron-establecimientos-educacionales-en-marco-de-inicio-de-ano-escolar-2022\/dji_20220228_155913_3764\/'><img loading=\"lazy\" decoding=\"async\" width=\"500\" height=\"280\" src=\"https:\/\/municipalidadalhue.cl\/portal\/wp-content\/uploads\/2022\/03\/DJI_20220228_155913_3764-500x280.jpg\" class=\"attachment-thumbnail size-thumbnail\" alt=\"\" srcset=\"https:\/\/municipalidadalhue.cl\/portal\/wp-content\/uploads\/2022\/03\/DJI_20220228_155913_3764-500x280.jpg 500w, https:\/\/municipalidadalhue.cl\/portal\/wp-content\/uploads\/2022\/03\/DJI_20220228_155913_3764-649x365.jpg 649w, https:\/\/municipalidadalhue.cl\/portal\/wp-content\/uploads\/2022\/03\/DJI_20220228_155913_3764-768x432.jpg 768w, https:\/\/municipalidadalhue.cl\/portal\/wp-content\/uploads\/2022\/03\/DJI_20220228_155913_3764-1536x864.jpg 1536w, https:\/\/municipalidadalhue.cl\/portal\/wp-content\/uploads\/2022\/03\/DJI_20220228_155913_3764-2048x1152.jpg 2048w\" sizes=\"(max-width: 500px) 100vw, 500px\" \/><\/a>\n\t\t\t<\/div><\/figure><figure class='gallery-item'>\n\t\t\t<div class='gallery-icon landscape'>\n\t\t\t\t<a href='https:\/\/municipalidadalhue.cl\/portal\/nuestras-autoridades-visitaron-establecimientos-educacionales-en-marco-de-inicio-de-ano-escolar-2022\/dji_20220228_155917_3765\/'><img loading=\"lazy\" decoding=\"async\" width=\"500\" height=\"280\" src=\"https:\/\/municipalidadalhue.cl\/portal\/wp-content\/uploads\/2022\/03\/DJI_20220228_155917_3765-500x280.jpg\" class=\"attachment-thumbnail size-thumbnail\" alt=\"\" srcset=\"https:\/\/municipalidadalhue.cl\/portal\/wp-content\/uploads\/2022\/03\/DJI_20220228_155917_3765-500x280.jpg 500w, https:\/\/municipalidadalhue.cl\/portal\/wp-content\/uploads\/2022\/03\/DJI_20220228_155917_3765-649x365.jpg 649w, https:\/\/municipalidadalhue.cl\/portal\/wp-content\/uploads\/2022\/03\/DJI_20220228_155917_3765-768x432.jpg 768w, https:\/\/municipalidadalhue.cl\/portal\/wp-content\/uploads\/2022\/03\/DJI_20220228_155917_3765-1536x864.jpg 1536w, https:\/\/municipalidadalhue.cl\/portal\/wp-content\/uploads\/2022\/03\/DJI_20220228_155917_3765-2048x1152.jpg 2048w\" sizes=\"(max-width: 500px) 100vw, 500px\" \/><\/a>\n\t\t\t<\/div><\/figure><figure class='gallery-item'>\n\t\t\t<div class='gallery-icon landscape'>\n\t\t\t\t<a href='https:\/\/municipalidadalhue.cl\/portal\/nuestras-autoridades-visitaron-establecimientos-educacionales-en-marco-de-inicio-de-ano-escolar-2022\/dji_20220228_155923_3766\/'><img loading=\"lazy\" decoding=\"async\" width=\"500\" height=\"280\" src=\"https:\/\/municipalidadalhue.cl\/portal\/wp-content\/uploads\/2022\/03\/DJI_20220228_155923_3766-500x280.jpg\" class=\"attachment-thumbnail size-thumbnail\" alt=\"\" srcset=\"https:\/\/municipalidadalhue.cl\/portal\/wp-content\/uploads\/2022\/03\/DJI_20220228_155923_3766-500x280.jpg 500w, https:\/\/municipalidadalhue.cl\/portal\/wp-content\/uploads\/2022\/03\/DJI_20220228_155923_3766-649x365.jpg 649w, https:\/\/municipalidadalhue.cl\/portal\/wp-content\/uploads\/2022\/03\/DJI_20220228_155923_3766-768x432.jpg 768w, https:\/\/municipalidadalhue.cl\/portal\/wp-content\/uploads\/2022\/03\/DJI_20220228_155923_3766-1536x864.jpg 1536w, https:\/\/municipalidadalhue.cl\/portal\/wp-content\/uploads\/2022\/03\/DJI_20220228_155923_3766-2048x1152.jpg 2048w\" sizes=\"(max-width: 500px) 100vw, 500px\" \/><\/a>\n\t\t\t<\/div><\/figure><figure class='gallery-item'>\n\t\t\t<div class='gallery-icon landscape'>\n\t\t\t\t<a href='https:\/\/municipalidadalhue.cl\/portal\/nuestras-autoridades-visitaron-establecimientos-educacionales-en-marco-de-inicio-de-ano-escolar-2022\/dji_20220228_164732_3788-2\/'><img loading=\"lazy\" decoding=\"async\" width=\"500\" height=\"280\" src=\"https:\/\/municipalidadalhue.cl\/portal\/wp-content\/uploads\/2022\/03\/DJI_20220228_164732_3788-1-500x280.jpg\" class=\"attachment-thumbnail size-thumbnail\" alt=\"\" srcset=\"https:\/\/municipalidadalhue.cl\/portal\/wp-content\/uploads\/2022\/03\/DJI_20220228_164732_3788-1-500x280.jpg 500w, https:\/\/municipalidadalhue.cl\/portal\/wp-content\/uploads\/2022\/03\/DJI_20220228_164732_3788-1-649x365.jpg 649w, https:\/\/municipalidadalhue.cl\/portal\/wp-content\/uploads\/2022\/03\/DJI_20220228_164732_3788-1-768x432.jpg 768w, https:\/\/municipalidadalhue.cl\/portal\/wp-content\/uploads\/2022\/03\/DJI_20220228_164732_3788-1-1536x864.jpg 1536w, https:\/\/municipalidadalhue.cl\/portal\/wp-content\/uploads\/2022\/03\/DJI_20220228_164732_3788-1-2048x1152.jpg 2048w\" sizes=\"(max-width: 500px) 100vw, 500px\" \/><\/a>\n\t\t\t<\/div><\/figure><figure class='gallery-item'>\n\t\t\t<div class='gallery-icon landscape'>\n\t\t\t\t<a href='https:\/\/municipalidadalhue.cl\/portal\/nuestras-autoridades-visitaron-establecimientos-educacionales-en-marco-de-inicio-de-ano-escolar-2022\/dji_20220228_165128_3795\/'><img loading=\"lazy\" decoding=\"async\" width=\"500\" height=\"280\" src=\"https:\/\/municipalidadalhue.cl\/portal\/wp-content\/uploads\/2022\/03\/DJI_20220228_165128_3795-500x280.jpg\" class=\"attachment-thumbnail size-thumbnail\" alt=\"\" srcset=\"https:\/\/municipalidadalhue.cl\/portal\/wp-content\/uploads\/2022\/03\/DJI_20220228_165128_3795-500x280.jpg 500w, https:\/\/municipalidadalhue.cl\/portal\/wp-content\/uploads\/2022\/03\/DJI_20220228_165128_3795-649x365.jpg 649w, https:\/\/municipalidadalhue.cl\/portal\/wp-content\/uploads\/2022\/03\/DJI_20220228_165128_3795-768x432.jpg 768w, https:\/\/municipalidadalhue.cl\/portal\/wp-content\/uploads\/2022\/03\/DJI_20220228_165128_3795-1536x864.jpg 1536w, https:\/\/municipalidadalhue.cl\/portal\/wp-content\/uploads\/2022\/03\/DJI_20220228_165128_3795-2048x1152.jpg 2048w\" sizes=\"(max-width: 500px) 100vw, 500px\" \/><\/a>\n\t\t\t<\/div><\/figure>\n\t\t<\/div>\n\n","protected":false},"excerpt":{"rendered":"<p>Un recorrido por todos los establecimientos educacionales de la comuna realiz\u00f3 el Alcalde Roberto Torres Huerta junto a los concejales Marco Urbano, Carmen Gloria Espinoza, Roberto Aravena, Jos\u00e9 Arellano, Alex Riquelme y Leonel Acevedo. En esta visita las autoridades pudieron ver en terreno los mejoramientos que se han desarrollado en cada uno de los recintos, y c\u00f3mo se han preparado para iniciar el a\u00f1o escolar 2022. Los directores de los establecimientos de educaci\u00f3n alentaron a padres y apoderados a enviar a sus hijas e hijos a clases, ya que est\u00e1n&hellip;<\/p>\n","protected":false},"author":1,"featured_media":15252,"comment_status":"closed","ping_status":"closed","sticky":false,"template":"","format":"standard","meta":{"footnotes":""},"categories":[10,4,5,8,9],"tags":[],"class_list":["post-15251","post","type-post","status-publish","format-standard","has-post-thumbnail","hentry","category-alcaldesa","category-comunidad","category-concejo","category-noticia","category-proyectos"],"_links":{"self":[{"href":"https:\/\/municipalidadalhue.cl\/portal\/wp-json\/wp\/v2\/posts\/15251","targetHints":{"allow":["GET"]}}],"collection":[{"href":"https:\/\/municipalidadalhue.cl\/portal\/wp-json\/wp\/v2\/posts"}],"about":[{"href":"https:\/\/municipalidadalhue.cl\/portal\/wp-json\/wp\/v2\/types\/post"}],"author":[{"embeddable":true,"href":"https:\/\/municipalidadalhue.cl\/portal\/wp-json\/wp\/v2\/users\/1"}],"replies":[{"embeddable":true,"href":"https:\/\/municipalidadalhue.cl\/portal\/wp-json\/wp\/v2\/comments?post=15251"}],"version-history":[{"count":0,"href":"https:\/\/municipalidadalhue.cl\/portal\/wp-json\/wp\/v2\/posts\/15251\/revisions"}],"wp:featuredmedia":[{"embeddable":true,"href":"https:\/\/municipalidadalhue.cl\/portal\/wp-json\/wp\/v2\/media\/15252"}],"wp:attachment":[{"href":"https:\/\/municipalidadalhue.cl\/portal\/wp-json\/wp\/v2\/media?parent=15251"}],"wp:term":[{"taxonomy":"category","embeddable":true,"href":"https:\/\/municipalidadalhue.cl\/portal\/wp-json\/wp\/v2\/categories?post=15251"},{"taxonomy":"post_tag","embeddable":true,"href":"https:\/\/municipalidadalhue.cl\/portal\/wp-json\/wp\/v2\/tags?post=15251"}],"curies":[{"name":"wp","href":"https:\/\/api.w.org\/{rel}","templated":true}]}}