{"id":15386,"date":"2022-04-01T14:50:54","date_gmt":"2022-04-01T14:50:54","guid":{"rendered":"https:\/\/municipalidadalhue.cl\/portal\/?p=15386"},"modified":"2022-04-01T14:50:54","modified_gmt":"2022-04-01T14:50:54","slug":"para-trabajar-en-materias-de-seguridad-comunal-nuestras-autoridades-se-reunieron-con-maxima-autoridad-de-la-prefectura-costa-de-carabineros","status":"publish","type":"post","link":"https:\/\/municipalidadalhue.cl\/portal\/para-trabajar-en-materias-de-seguridad-comunal-nuestras-autoridades-se-reunieron-con-maxima-autoridad-de-la-prefectura-costa-de-carabineros\/","title":{"rendered":"Para trabajar en materias de seguridad comunal, nuestras autoridades se reunieron con m\u00e1xima autoridad de la Prefectura Costa de Carabineros"},"content":{"rendered":"<p>El Alcalde Roberto Torres Huerta, junto a los concejales Alex Riquelme y Roberto Aravena se reunieron con el prefecto de Carabineros de la Prefectura Costa, coronel Carlos Rojas, para seguir trabajando en diversas \u00e1reas relacionadas con seguridad comunal.<\/p>\n<p>\u201cHemos comprometido un trabajo en conjunto, en equipo y mancomunado en diversas tem\u00e1ticas, como es en el \u00e1mbito de la delincuencia, del tr\u00e1nsito. Hemos conversado por los conductores que exceden la velocidad que la ley permite, necesitamos disminuir la posibilidad de riesgos de accidentes\u201d, explic\u00f3 el jefe comunal.<\/p>\n<p>A\u00f1adiendo que se empezar\u00e1 a emitir partes de cortes\u00eda a los conductores mal estacionados. \u201cEsto porque lamentablemente no estamos respetando la se\u00f1al\u00e9tica vial, tanto en lo rural, como lo urbano\u201d.<\/p>\n<p>De igual forma, la autoridad se refiri\u00f3 a la implementaci\u00f3n vehicular que se ha gestionado para carabineros. \u201cLes entregaremos nuevas motos y bicicletas, vamos a entregarles un ret\u00e9n m\u00f3vil, porque nosotros les hemos solicitado que haya un mayor apoyo a las localidades m\u00e1s apartadas, porque ha llegado mucha gente hasta nuestra comuna, como es en El Asiento, Ignacio Carrera Pinto, Polulo, Hacienda y Villa Alhu\u00e9\u201d.<\/p>\n<p>Asimismo, se est\u00e1 trabajando en un plan para trabajar con cada una de las comunidades escolares del territorio. \u201cTodos sabemos que la violencia ha ido aumentando de forma exponencial en Chile y particularmente en los establecimientos educacionales, y carabineros nos ofreci\u00f3 su apoyo. Vamos a hacer un plan en conjunto, para ir disminuyendo y evitar los grados de violencia que est\u00e1n ocurriendo en los establecimientos educacionales, siendo claves los padres y apoderados\u201d.<\/p>\n<p>Por su parte, el prefecto de Carabineros de la Prefectura Costa, coronel Carlos Rojas, manifest\u00f3 que \u201cesta reuni\u00f3n fue muy provechosa, ahora nosotros vinimos para concretar cosas (\u2026). Carabineros tiene sus puertas abiertas, as\u00ed que los vecinos pueden acercarse con toda confianza\u201d.<\/p>\n<p>Por \u00faltimo, nuestro edil recalc\u00f3 y agradeci\u00f3 la visita del coronel de Carabineros, destacando que con un trabajo en conjunto y mancomunado, se pueden lograr los objetivos.<\/p>\n","protected":false},"excerpt":{"rendered":"<p>El Alcalde Roberto Torres Huerta, junto a los concejales Alex Riquelme y Roberto Aravena se reunieron con el prefecto de Carabineros de la Prefectura Costa, coronel Carlos Rojas, para seguir trabajando en diversas \u00e1reas relacionadas con seguridad comunal. \u201cHemos comprometido un trabajo en conjunto, en equipo y mancomunado en diversas tem\u00e1ticas, como es en el \u00e1mbito de la delincuencia, del tr\u00e1nsito. Hemos conversado por los conductores que exceden la velocidad que la ley permite, necesitamos disminuir la posibilidad de riesgos de accidentes\u201d, explic\u00f3 el jefe comunal. A\u00f1adiendo que se empezar\u00e1&hellip;<\/p>\n","protected":false},"author":1,"featured_media":15389,"comment_status":"closed","ping_status":"closed","sticky":false,"template":"","format":"standard","meta":{"footnotes":""},"categories":[10,4,5,8,9],"tags":[],"class_list":["post-15386","post","type-post","status-publish","format-standard","has-post-thumbnail","hentry","category-alcaldesa","category-comunidad","category-concejo","category-noticia","category-proyectos"],"_links":{"self":[{"href":"https:\/\/municipalidadalhue.cl\/portal\/wp-json\/wp\/v2\/posts\/15386","targetHints":{"allow":["GET"]}}],"collection":[{"href":"https:\/\/municipalidadalhue.cl\/portal\/wp-json\/wp\/v2\/posts"}],"about":[{"href":"https:\/\/municipalidadalhue.cl\/portal\/wp-json\/wp\/v2\/types\/post"}],"author":[{"embeddable":true,"href":"https:\/\/municipalidadalhue.cl\/portal\/wp-json\/wp\/v2\/users\/1"}],"replies":[{"embeddable":true,"href":"https:\/\/municipalidadalhue.cl\/portal\/wp-json\/wp\/v2\/comments?post=15386"}],"version-history":[{"count":0,"href":"https:\/\/municipalidadalhue.cl\/portal\/wp-json\/wp\/v2\/posts\/15386\/revisions"}],"wp:featuredmedia":[{"embeddable":true,"href":"https:\/\/municipalidadalhue.cl\/portal\/wp-json\/wp\/v2\/media\/15389"}],"wp:attachment":[{"href":"https:\/\/municipalidadalhue.cl\/portal\/wp-json\/wp\/v2\/media?parent=15386"}],"wp:term":[{"taxonomy":"category","embeddable":true,"href":"https:\/\/municipalidadalhue.cl\/portal\/wp-json\/wp\/v2\/categories?post=15386"},{"taxonomy":"post_tag","embeddable":true,"href":"https:\/\/municipalidadalhue.cl\/portal\/wp-json\/wp\/v2\/tags?post=15386"}],"curies":[{"name":"wp","href":"https:\/\/api.w.org\/{rel}","templated":true}]}}