{"id":15391,"date":"2022-04-01T15:48:42","date_gmt":"2022-04-01T15:48:42","guid":{"rendered":"https:\/\/municipalidadalhue.cl\/portal\/?p=15391"},"modified":"2022-04-01T15:48:42","modified_gmt":"2022-04-01T15:48:42","slug":"con-gran-participacion-se-desarrollo-2-encuentro-para-reactivar-actividades-culturales-en-alhue","status":"publish","type":"post","link":"https:\/\/municipalidadalhue.cl\/portal\/con-gran-participacion-se-desarrollo-2-encuentro-para-reactivar-actividades-culturales-en-alhue\/","title":{"rendered":"Con gran participaci\u00f3n se desarroll\u00f3 2\u00b0 Encuentro para reactivar actividades culturales en Alhu\u00e9"},"content":{"rendered":"<p>Con alta convocatoria se realiz\u00f3 desde el sal\u00f3n del Estadio Municipal el segundo Encuentro Cultural de Alhu\u00e9. La actividad fue liderada por los equipos de la Oficina de Cultura y Turismo de DIDECO, adem\u00e1s de profesionales del Programa para Peque\u00f1as Localidades.<\/p>\n<p>La actividad cont\u00f3 con la participaci\u00f3n de representantes de diversas organizaciones culturales locales, adem\u00e1s de ni\u00f1os y j\u00f3venes, quienes tuvieron la oportunidad de trabajar en equipos.<\/p>\n<p>El objetivo era recabar iniciativas, ideas y proyectos que los cultores y asistentes conversaron en sus diversos grupos, y al mismo tiempo, fue una instancia para ellos pudieran compartir sus experiencias, adem\u00e1s de poder conocerse. Esto est\u00e1 enmarcado en la reactivaci\u00f3n de las actividades culturales de nuestra comuna.<\/p>\n<p>Cabe destacar, que se extiende la invitaci\u00f3n a m\u00e1s personas para que se hagan parte del pr\u00f3ximo Encuentro Cultural que se realizar\u00e1 el 21 de abril, a las 19:00 horas en el sal\u00f3n del Estadio Municipal.<\/p>\n<p>\u00abLa cultura es la memoria del pueblo, la conciencia colectiva de la continuidad hist\u00f3rica, el modo de pensar y de vivir\u00bb.<\/p>\n<div id='gallery-1' class='gallery galleryid-15391 gallery-columns-3 gallery-size-thumbnail'><figure class='gallery-item'>\n\t\t\t<div class='gallery-icon landscape'>\n\t\t\t\t<a href='https:\/\/municipalidadalhue.cl\/portal\/con-gran-participacion-se-desarrollo-2-encuentro-para-reactivar-actividades-culturales-en-alhue\/f1_mesa-de-trabajo-1\/'><img fetchpriority=\"high\" decoding=\"async\" width=\"500\" height=\"280\" src=\"https:\/\/municipalidadalhue.cl\/portal\/wp-content\/uploads\/2022\/04\/f1_Mesa-de-trabajo-1-500x280.jpg\" class=\"attachment-thumbnail size-thumbnail\" alt=\"\" \/><\/a>\n\t\t\t<\/div><\/figure><figure class='gallery-item'>\n\t\t\t<div class='gallery-icon landscape'>\n\t\t\t\t<a href='https:\/\/municipalidadalhue.cl\/portal\/con-gran-participacion-se-desarrollo-2-encuentro-para-reactivar-actividades-culturales-en-alhue\/f2_mesa-de-trabajo-1\/'><img decoding=\"async\" width=\"500\" height=\"280\" src=\"https:\/\/municipalidadalhue.cl\/portal\/wp-content\/uploads\/2022\/04\/f2_Mesa-de-trabajo-1-500x280.jpg\" class=\"attachment-thumbnail size-thumbnail\" alt=\"\" \/><\/a>\n\t\t\t<\/div><\/figure><figure class='gallery-item'>\n\t\t\t<div class='gallery-icon landscape'>\n\t\t\t\t<a href='https:\/\/municipalidadalhue.cl\/portal\/con-gran-participacion-se-desarrollo-2-encuentro-para-reactivar-actividades-culturales-en-alhue\/fec1_mesa-de-trabajo-1\/'><img decoding=\"async\" width=\"500\" height=\"280\" src=\"https:\/\/municipalidadalhue.cl\/portal\/wp-content\/uploads\/2022\/04\/FEC1_Mesa-de-trabajo-1-500x280.jpg\" class=\"attachment-thumbnail size-thumbnail\" alt=\"\" \/><\/a>\n\t\t\t<\/div><\/figure><figure class='gallery-item'>\n\t\t\t<div class='gallery-icon landscape'>\n\t\t\t\t<a href='https:\/\/municipalidadalhue.cl\/portal\/con-gran-participacion-se-desarrollo-2-encuentro-para-reactivar-actividades-culturales-en-alhue\/fec2_mesa-de-trabajo-1\/'><img loading=\"lazy\" decoding=\"async\" width=\"500\" height=\"280\" src=\"https:\/\/municipalidadalhue.cl\/portal\/wp-content\/uploads\/2022\/04\/FEC2_Mesa-de-trabajo-1-500x280.jpg\" class=\"attachment-thumbnail size-thumbnail\" alt=\"\" \/><\/a>\n\t\t\t<\/div><\/figure><figure class='gallery-item'>\n\t\t\t<div class='gallery-icon landscape'>\n\t\t\t\t<a href='https:\/\/municipalidadalhue.cl\/portal\/con-gran-participacion-se-desarrollo-2-encuentro-para-reactivar-actividades-culturales-en-alhue\/fec3_mesa-de-trabajo-1\/'><img loading=\"lazy\" decoding=\"async\" width=\"500\" height=\"280\" src=\"https:\/\/municipalidadalhue.cl\/portal\/wp-content\/uploads\/2022\/04\/FEC3_Mesa-de-trabajo-1-500x280.jpg\" class=\"attachment-thumbnail size-thumbnail\" alt=\"\" \/><\/a>\n\t\t\t<\/div><\/figure><figure class='gallery-item'>\n\t\t\t<div class='gallery-icon landscape'>\n\t\t\t\t<a href='https:\/\/municipalidadalhue.cl\/portal\/con-gran-participacion-se-desarrollo-2-encuentro-para-reactivar-actividades-culturales-en-alhue\/fec4_mesa-de-trabajo-1\/'><img loading=\"lazy\" decoding=\"async\" width=\"500\" height=\"280\" src=\"https:\/\/municipalidadalhue.cl\/portal\/wp-content\/uploads\/2022\/04\/FEC4_Mesa-de-trabajo-1-500x280.jpg\" class=\"attachment-thumbnail size-thumbnail\" alt=\"\" \/><\/a>\n\t\t\t<\/div><\/figure>\n\t\t<\/div>\n\n","protected":false},"excerpt":{"rendered":"<p>Con alta convocatoria se realiz\u00f3 desde el sal\u00f3n del Estadio Municipal el segundo Encuentro Cultural de Alhu\u00e9. La actividad fue liderada por los equipos de la Oficina de Cultura y Turismo de DIDECO, adem\u00e1s de profesionales del Programa para Peque\u00f1as Localidades. La actividad cont\u00f3 con la participaci\u00f3n de representantes de diversas organizaciones culturales locales, adem\u00e1s de ni\u00f1os y j\u00f3venes, quienes tuvieron la oportunidad de trabajar en equipos. El objetivo era recabar iniciativas, ideas y proyectos que los cultores y asistentes conversaron en sus diversos grupos, y al mismo tiempo, fue&hellip;<\/p>\n","protected":false},"author":1,"featured_media":15398,"comment_status":"closed","ping_status":"closed","sticky":false,"template":"","format":"standard","meta":{"footnotes":""},"categories":[4,6,8],"tags":[],"class_list":["post-15391","post","type-post","status-publish","format-standard","has-post-thumbnail","hentry","category-comunidad","category-cultura","category-noticia"],"_links":{"self":[{"href":"https:\/\/municipalidadalhue.cl\/portal\/wp-json\/wp\/v2\/posts\/15391","targetHints":{"allow":["GET"]}}],"collection":[{"href":"https:\/\/municipalidadalhue.cl\/portal\/wp-json\/wp\/v2\/posts"}],"about":[{"href":"https:\/\/municipalidadalhue.cl\/portal\/wp-json\/wp\/v2\/types\/post"}],"author":[{"embeddable":true,"href":"https:\/\/municipalidadalhue.cl\/portal\/wp-json\/wp\/v2\/users\/1"}],"replies":[{"embeddable":true,"href":"https:\/\/municipalidadalhue.cl\/portal\/wp-json\/wp\/v2\/comments?post=15391"}],"version-history":[{"count":0,"href":"https:\/\/municipalidadalhue.cl\/portal\/wp-json\/wp\/v2\/posts\/15391\/revisions"}],"wp:featuredmedia":[{"embeddable":true,"href":"https:\/\/municipalidadalhue.cl\/portal\/wp-json\/wp\/v2\/media\/15398"}],"wp:attachment":[{"href":"https:\/\/municipalidadalhue.cl\/portal\/wp-json\/wp\/v2\/media?parent=15391"}],"wp:term":[{"taxonomy":"category","embeddable":true,"href":"https:\/\/municipalidadalhue.cl\/portal\/wp-json\/wp\/v2\/categories?post=15391"},{"taxonomy":"post_tag","embeddable":true,"href":"https:\/\/municipalidadalhue.cl\/portal\/wp-json\/wp\/v2\/tags?post=15391"}],"curies":[{"name":"wp","href":"https:\/\/api.w.org\/{rel}","templated":true}]}}