{"id":15400,"date":"2022-04-04T20:25:20","date_gmt":"2022-04-04T20:25:20","guid":{"rendered":"https:\/\/municipalidadalhue.cl\/portal\/?p=15400"},"modified":"2022-04-04T20:25:20","modified_gmt":"2022-04-04T20:25:20","slug":"alcalde-roberto-torres-huerta-sostuvo-encuentro-con-ministro-de-transporte-para-solicitar-mejoras-en-recorridos-a-melipilla-y-vi-region","status":"publish","type":"post","link":"https:\/\/municipalidadalhue.cl\/portal\/alcalde-roberto-torres-huerta-sostuvo-encuentro-con-ministro-de-transporte-para-solicitar-mejoras-en-recorridos-a-melipilla-y-vi-region\/","title":{"rendered":"Alcalde Roberto Torres Huerta sostuvo encuentro con ministro de Transporte para solicitar mejoras en recorridos a Melipilla y VI Regi\u00f3n"},"content":{"rendered":"<p>El Alcalde Roberto Torres Huerta, junto al Honorable Concejo Municipal, han estado durante los \u00faltimos meses trabajando en los temas de transporte tanto interno de la comuna (transporte escolar), como el transporte provincial a Melipilla y a la VI Regi\u00f3n (empresa de transporte Sextur).<\/p>\n<p>Por esto es que en compa\u00f1\u00eda de los diputados Leo Soto, Marisela Santib\u00e1\u00f1ez y Camila Musante, adem\u00e1s de la Consejera Regional, Cristina Soto, y la delegada presidencial provincial, Sandra Saavedra, se reunieron con el ministro de Transportes, Juan Carlos Mu\u00f1oz, para plantear los problemas de conectividad que sufren las comunas rurales donde, el transporte p\u00fablico ha reducido sus recorridos o en algunos casos simplemente hay recorridos que han sido eliminados, lo que ha derivado en m\u00faltiples complicaciones especialmente para estudiantes y trabajadores.<\/p>\n<p>En la reuni\u00f3n nuestro edil plante\u00f3 la situaci\u00f3n de la empresa Sextur que elimin\u00f3 los recorridos de Alhu\u00e9 a la VI Regi\u00f3n, situaci\u00f3n que ser\u00e1 revisada por el Ministerio de Transportes.<\/p>\n<p>Adem\u00e1s, El jefe comunal solicit\u00f3 al secretario de Estado la dificultad de acceso vial que existe al ingreso a Melipilla, lo que se traduce en una problem\u00e1tica grave de ingreso para las ambulancias que en muchas ocasiones trasladan pacientes graves desde Alhu\u00e9. El ministro acogi\u00f3 las demandas del Alcalde y las autoridades, por lo tanto, se crear\u00e1 una mesa de trabajo para tratar esa problem\u00e1tica.<\/p>\n<p>Por \u00faltimo, el Alcalde Torres agradeci\u00f3 la buena disposici\u00f3n del ministro de Transportes al acoger las demandas planteadas.<\/p>\n","protected":false},"excerpt":{"rendered":"<p>El Alcalde Roberto Torres Huerta, junto al Honorable Concejo Municipal, han estado durante los \u00faltimos meses trabajando en los temas de transporte tanto interno de la comuna (transporte escolar), como el transporte provincial a Melipilla y a la VI Regi\u00f3n (empresa de transporte Sextur). Por esto es que en compa\u00f1\u00eda de los diputados Leo Soto, Marisela Santib\u00e1\u00f1ez y Camila Musante, adem\u00e1s de la Consejera Regional, Cristina Soto, y la delegada presidencial provincial, Sandra Saavedra, se reunieron con el ministro de Transportes, Juan Carlos Mu\u00f1oz, para plantear los problemas de conectividad&hellip;<\/p>\n","protected":false},"author":1,"featured_media":15401,"comment_status":"closed","ping_status":"closed","sticky":false,"template":"","format":"standard","meta":{"footnotes":""},"categories":[10,4,8,9],"tags":[],"class_list":["post-15400","post","type-post","status-publish","format-standard","has-post-thumbnail","hentry","category-alcaldesa","category-comunidad","category-noticia","category-proyectos"],"_links":{"self":[{"href":"https:\/\/municipalidadalhue.cl\/portal\/wp-json\/wp\/v2\/posts\/15400","targetHints":{"allow":["GET"]}}],"collection":[{"href":"https:\/\/municipalidadalhue.cl\/portal\/wp-json\/wp\/v2\/posts"}],"about":[{"href":"https:\/\/municipalidadalhue.cl\/portal\/wp-json\/wp\/v2\/types\/post"}],"author":[{"embeddable":true,"href":"https:\/\/municipalidadalhue.cl\/portal\/wp-json\/wp\/v2\/users\/1"}],"replies":[{"embeddable":true,"href":"https:\/\/municipalidadalhue.cl\/portal\/wp-json\/wp\/v2\/comments?post=15400"}],"version-history":[{"count":0,"href":"https:\/\/municipalidadalhue.cl\/portal\/wp-json\/wp\/v2\/posts\/15400\/revisions"}],"wp:featuredmedia":[{"embeddable":true,"href":"https:\/\/municipalidadalhue.cl\/portal\/wp-json\/wp\/v2\/media\/15401"}],"wp:attachment":[{"href":"https:\/\/municipalidadalhue.cl\/portal\/wp-json\/wp\/v2\/media?parent=15400"}],"wp:term":[{"taxonomy":"category","embeddable":true,"href":"https:\/\/municipalidadalhue.cl\/portal\/wp-json\/wp\/v2\/categories?post=15400"},{"taxonomy":"post_tag","embeddable":true,"href":"https:\/\/municipalidadalhue.cl\/portal\/wp-json\/wp\/v2\/tags?post=15400"}],"curies":[{"name":"wp","href":"https:\/\/api.w.org\/{rel}","templated":true}]}}