{"id":16412,"date":"2022-12-26T16:05:11","date_gmt":"2022-12-26T16:05:11","guid":{"rendered":"https:\/\/municipalidadalhue.cl\/portal\/?p=16412"},"modified":"2022-12-26T17:53:30","modified_gmt":"2022-12-26T17:53:30","slug":"cientos-de-ninos-y-ninas-pudieron-disfrutar-fiesta-navidena-de-alhue","status":"publish","type":"post","link":"https:\/\/municipalidadalhue.cl\/portal\/cientos-de-ninos-y-ninas-pudieron-disfrutar-fiesta-navidena-de-alhue\/","title":{"rendered":"Cientos de ni\u00f1os y ni\u00f1as pudieron disfrutar de la Fiesta Navide\u00f1a de Alhu\u00e9"},"content":{"rendered":"<p>Con destacada participaci\u00f3n se llev\u00f3 a cabo nuevamente la Fiesta Navide\u00f1a para cada uno de los ni\u00f1os y ni\u00f1as de Alhu\u00e9, tras a\u00f1os sin poder realizar esta celebraci\u00f3n debido a la pandemia.<\/p>\n<p>Desde el Parque Comunal se desarroll\u00f3 esta fiesta, en donde los m\u00e1s peque\u00f1os pudieron disfrutar de juegos inflables, pintacaritas, golosinas, adem\u00e1s de entretenidos concursos.<\/p>\n<p>Durante la jornada estuvo presente el Alcalde Roberto Torres Huerta, adem\u00e1s de los concejales Marco Urbano, Carmen Gloria Espinoza y Roberto Aravena, entre otros asistentes.<\/p>\n<p>\u201cEstamos muy contentos, porque ha venido una enorme cantidad de gente, que era lo que quer\u00edamos, que se reencontrara la familia. Con los equipos municipales calculamos que hab\u00edan m\u00e1s de mil personas en el Parque Comunal, as\u00ed que felices, porque esta Fiesta es para las familias alhu\u00ednas, para nuestros ni\u00f1os y ni\u00f1as\u201d, resalt\u00f3 el Acalde Roberto Torres Huerta.<\/p>\n<p>Asimismo, dijo que \u201cquiero aprovechar de agradecer a los funcionarios municipales, que hacen posible que esto lo podamos llevar a cabo\u201d.<\/p>\n<p>Las familias asistentes a esta fiesta agradecieron y destacaron la realizaci\u00f3n de la celebraci\u00f3n, al igual que los ni\u00f1os y ni\u00f1as, que pudieron disfrutar de cada una de las actividades preparadas para ellos.<\/p>\n<p>La Ilustre Municipalidad de Alhu\u00e9 agradece a cada una de las personas que participaron de esta celebraci\u00f3n, deseando que hayan pasado una hermosa Navidad y un espectacular 2023.<\/p>\n<div id='gallery-1' class='gallery galleryid-16412 gallery-columns-3 gallery-size-thumbnail'><figure class='gallery-item'>\n\t\t\t<div class='gallery-icon landscape'>\n\t\t\t\t<a href='https:\/\/municipalidadalhue.cl\/portal\/cientos-de-ninos-y-ninas-pudieron-disfrutar-fiesta-navidena-de-alhue\/dsc_0001-15\/'><img fetchpriority=\"high\" decoding=\"async\" width=\"500\" height=\"280\" src=\"https:\/\/municipalidadalhue.cl\/portal\/wp-content\/uploads\/2022\/12\/DSC_0001-1-500x280.jpg\" class=\"attachment-thumbnail size-thumbnail\" alt=\"\" srcset=\"https:\/\/municipalidadalhue.cl\/portal\/wp-content\/uploads\/2022\/12\/DSC_0001-1-500x280.jpg 500w, https:\/\/municipalidadalhue.cl\/portal\/wp-content\/uploads\/2022\/12\/DSC_0001-1-768x432.jpg 768w, https:\/\/municipalidadalhue.cl\/portal\/wp-content\/uploads\/2022\/12\/DSC_0001-1.jpg 2048w\" sizes=\"(max-width: 500px) 100vw, 500px\" \/><\/a>\n\t\t\t<\/div><\/figure><figure class='gallery-item'>\n\t\t\t<div class='gallery-icon landscape'>\n\t\t\t\t<a href='https:\/\/municipalidadalhue.cl\/portal\/cientos-de-ninos-y-ninas-pudieron-disfrutar-fiesta-navidena-de-alhue\/dsc_0009-12\/'><img decoding=\"async\" width=\"500\" height=\"280\" src=\"https:\/\/municipalidadalhue.cl\/portal\/wp-content\/uploads\/2022\/12\/DSC_0009-1-500x280.jpg\" class=\"attachment-thumbnail size-thumbnail\" alt=\"\" \/><\/a>\n\t\t\t<\/div><\/figure><figure class='gallery-item'>\n\t\t\t<div class='gallery-icon landscape'>\n\t\t\t\t<a href='https:\/\/municipalidadalhue.cl\/portal\/cientos-de-ninos-y-ninas-pudieron-disfrutar-fiesta-navidena-de-alhue\/dsc_0022-7\/'><img decoding=\"async\" width=\"500\" height=\"280\" src=\"https:\/\/municipalidadalhue.cl\/portal\/wp-content\/uploads\/2022\/12\/DSC_0022-500x280.jpg\" class=\"attachment-thumbnail size-thumbnail\" alt=\"\" \/><\/a>\n\t\t\t<\/div><\/figure><figure class='gallery-item'>\n\t\t\t<div class='gallery-icon landscape'>\n\t\t\t\t<a href='https:\/\/municipalidadalhue.cl\/portal\/cientos-de-ninos-y-ninas-pudieron-disfrutar-fiesta-navidena-de-alhue\/dsc_0024-6\/'><img loading=\"lazy\" decoding=\"async\" width=\"500\" height=\"280\" src=\"https:\/\/municipalidadalhue.cl\/portal\/wp-content\/uploads\/2022\/12\/DSC_0024-1-500x280.jpg\" class=\"attachment-thumbnail size-thumbnail\" alt=\"\" \/><\/a>\n\t\t\t<\/div><\/figure><figure class='gallery-item'>\n\t\t\t<div class='gallery-icon landscape'>\n\t\t\t\t<a href='https:\/\/municipalidadalhue.cl\/portal\/cientos-de-ninos-y-ninas-pudieron-disfrutar-fiesta-navidena-de-alhue\/dsc_0032-3\/'><img loading=\"lazy\" decoding=\"async\" width=\"500\" height=\"280\" src=\"https:\/\/municipalidadalhue.cl\/portal\/wp-content\/uploads\/2022\/12\/DSC_0032-1-500x280.jpg\" class=\"attachment-thumbnail size-thumbnail\" alt=\"\" \/><\/a>\n\t\t\t<\/div><\/figure><figure class='gallery-item'>\n\t\t\t<div class='gallery-icon landscape'>\n\t\t\t\t<a href='https:\/\/municipalidadalhue.cl\/portal\/cientos-de-ninos-y-ninas-pudieron-disfrutar-fiesta-navidena-de-alhue\/dsc_0037-5\/'><img loading=\"lazy\" decoding=\"async\" width=\"500\" height=\"280\" src=\"https:\/\/municipalidadalhue.cl\/portal\/wp-content\/uploads\/2022\/12\/DSC_0037-1-500x280.jpg\" class=\"attachment-thumbnail size-thumbnail\" alt=\"\" \/><\/a>\n\t\t\t<\/div><\/figure><figure class='gallery-item'>\n\t\t\t<div class='gallery-icon landscape'>\n\t\t\t\t<a href='https:\/\/municipalidadalhue.cl\/portal\/cientos-de-ninos-y-ninas-pudieron-disfrutar-fiesta-navidena-de-alhue\/dsc_0044-5\/'><img loading=\"lazy\" decoding=\"async\" width=\"500\" height=\"280\" src=\"https:\/\/municipalidadalhue.cl\/portal\/wp-content\/uploads\/2022\/12\/DSC_0044-500x280.jpg\" class=\"attachment-thumbnail size-thumbnail\" alt=\"\" \/><\/a>\n\t\t\t<\/div><\/figure><figure class='gallery-item'>\n\t\t\t<div class='gallery-icon landscape'>\n\t\t\t\t<a href='https:\/\/municipalidadalhue.cl\/portal\/cientos-de-ninos-y-ninas-pudieron-disfrutar-fiesta-navidena-de-alhue\/dsc_0053-7\/'><img loading=\"lazy\" decoding=\"async\" width=\"500\" height=\"280\" src=\"https:\/\/municipalidadalhue.cl\/portal\/wp-content\/uploads\/2022\/12\/DSC_0053-2-500x280.jpg\" class=\"attachment-thumbnail size-thumbnail\" alt=\"\" \/><\/a>\n\t\t\t<\/div><\/figure><figure class='gallery-item'>\n\t\t\t<div class='gallery-icon landscape'>\n\t\t\t\t<a href='https:\/\/municipalidadalhue.cl\/portal\/cientos-de-ninos-y-ninas-pudieron-disfrutar-fiesta-navidena-de-alhue\/dsc_0057-5\/'><img loading=\"lazy\" decoding=\"async\" width=\"500\" height=\"280\" src=\"https:\/\/municipalidadalhue.cl\/portal\/wp-content\/uploads\/2022\/12\/DSC_0057-500x280.jpg\" class=\"attachment-thumbnail size-thumbnail\" alt=\"\" \/><\/a>\n\t\t\t<\/div><\/figure><figure class='gallery-item'>\n\t\t\t<div class='gallery-icon landscape'>\n\t\t\t\t<a href='https:\/\/municipalidadalhue.cl\/portal\/cientos-de-ninos-y-ninas-pudieron-disfrutar-fiesta-navidena-de-alhue\/dsc_0060-2\/'><img loading=\"lazy\" decoding=\"async\" width=\"500\" height=\"280\" src=\"https:\/\/municipalidadalhue.cl\/portal\/wp-content\/uploads\/2022\/12\/DSC_0060-500x280.jpg\" class=\"attachment-thumbnail size-thumbnail\" alt=\"\" \/><\/a>\n\t\t\t<\/div><\/figure><figure class='gallery-item'>\n\t\t\t<div class='gallery-icon landscape'>\n\t\t\t\t<a href='https:\/\/municipalidadalhue.cl\/portal\/cientos-de-ninos-y-ninas-pudieron-disfrutar-fiesta-navidena-de-alhue\/dsc_0065-3\/'><img loading=\"lazy\" decoding=\"async\" width=\"500\" height=\"280\" src=\"https:\/\/municipalidadalhue.cl\/portal\/wp-content\/uploads\/2022\/12\/DSC_0065-500x280.jpg\" class=\"attachment-thumbnail size-thumbnail\" alt=\"\" \/><\/a>\n\t\t\t<\/div><\/figure><figure class='gallery-item'>\n\t\t\t<div class='gallery-icon landscape'>\n\t\t\t\t<a href='https:\/\/municipalidadalhue.cl\/portal\/cientos-de-ninos-y-ninas-pudieron-disfrutar-fiesta-navidena-de-alhue\/dsc_0096\/'><img loading=\"lazy\" decoding=\"async\" width=\"500\" height=\"280\" src=\"https:\/\/municipalidadalhue.cl\/portal\/wp-content\/uploads\/2022\/12\/DSC_0096-500x280.jpg\" class=\"attachment-thumbnail size-thumbnail\" alt=\"\" \/><\/a>\n\t\t\t<\/div><\/figure><figure class='gallery-item'>\n\t\t\t<div class='gallery-icon landscape'>\n\t\t\t\t<a href='https:\/\/municipalidadalhue.cl\/portal\/cientos-de-ninos-y-ninas-pudieron-disfrutar-fiesta-navidena-de-alhue\/dsc_0103-3\/'><img loading=\"lazy\" decoding=\"async\" width=\"500\" height=\"280\" src=\"https:\/\/municipalidadalhue.cl\/portal\/wp-content\/uploads\/2022\/12\/DSC_0103-1-500x280.jpg\" class=\"attachment-thumbnail size-thumbnail\" alt=\"\" \/><\/a>\n\t\t\t<\/div><\/figure><figure class='gallery-item'>\n\t\t\t<div class='gallery-icon landscape'>\n\t\t\t\t<a href='https:\/\/municipalidadalhue.cl\/portal\/cientos-de-ninos-y-ninas-pudieron-disfrutar-fiesta-navidena-de-alhue\/dsc_0104-3\/'><img loading=\"lazy\" decoding=\"async\" width=\"500\" height=\"280\" src=\"https:\/\/municipalidadalhue.cl\/portal\/wp-content\/uploads\/2022\/12\/DSC_0104-500x280.jpg\" class=\"attachment-thumbnail size-thumbnail\" alt=\"\" \/><\/a>\n\t\t\t<\/div><\/figure><figure class='gallery-item'>\n\t\t\t<div class='gallery-icon landscape'>\n\t\t\t\t<a href='https:\/\/municipalidadalhue.cl\/portal\/cientos-de-ninos-y-ninas-pudieron-disfrutar-fiesta-navidena-de-alhue\/dsc_0126-4\/'><img loading=\"lazy\" decoding=\"async\" width=\"500\" height=\"280\" src=\"https:\/\/municipalidadalhue.cl\/portal\/wp-content\/uploads\/2022\/12\/DSC_0126-500x280.jpg\" class=\"attachment-thumbnail size-thumbnail\" alt=\"\" \/><\/a>\n\t\t\t<\/div><\/figure><figure class='gallery-item'>\n\t\t\t<div class='gallery-icon landscape'>\n\t\t\t\t<a href='https:\/\/municipalidadalhue.cl\/portal\/cientos-de-ninos-y-ninas-pudieron-disfrutar-fiesta-navidena-de-alhue\/dsc_0139-3\/'><img loading=\"lazy\" decoding=\"async\" width=\"500\" height=\"280\" src=\"https:\/\/municipalidadalhue.cl\/portal\/wp-content\/uploads\/2022\/12\/DSC_0139-500x280.jpg\" class=\"attachment-thumbnail size-thumbnail\" alt=\"\" \/><\/a>\n\t\t\t<\/div><\/figure><figure class='gallery-item'>\n\t\t\t<div class='gallery-icon landscape'>\n\t\t\t\t<a href='https:\/\/municipalidadalhue.cl\/portal\/cientos-de-ninos-y-ninas-pudieron-disfrutar-fiesta-navidena-de-alhue\/dsc_0159-2\/'><img loading=\"lazy\" decoding=\"async\" width=\"500\" height=\"280\" src=\"https:\/\/municipalidadalhue.cl\/portal\/wp-content\/uploads\/2022\/12\/DSC_0159-500x280.jpg\" class=\"attachment-thumbnail size-thumbnail\" alt=\"\" \/><\/a>\n\t\t\t<\/div><\/figure><figure class='gallery-item'>\n\t\t\t<div class='gallery-icon landscape'>\n\t\t\t\t<a href='https:\/\/municipalidadalhue.cl\/portal\/cientos-de-ninos-y-ninas-pudieron-disfrutar-fiesta-navidena-de-alhue\/dsc_0166-2\/'><img loading=\"lazy\" decoding=\"async\" width=\"500\" height=\"280\" src=\"https:\/\/municipalidadalhue.cl\/portal\/wp-content\/uploads\/2022\/12\/DSC_0166-500x280.jpg\" class=\"attachment-thumbnail size-thumbnail\" alt=\"\" \/><\/a>\n\t\t\t<\/div><\/figure><figure class='gallery-item'>\n\t\t\t<div class='gallery-icon landscape'>\n\t\t\t\t<a href='https:\/\/municipalidadalhue.cl\/portal\/cientos-de-ninos-y-ninas-pudieron-disfrutar-fiesta-navidena-de-alhue\/dsc_0182-2\/'><img loading=\"lazy\" decoding=\"async\" width=\"500\" height=\"280\" src=\"https:\/\/municipalidadalhue.cl\/portal\/wp-content\/uploads\/2022\/12\/DSC_0182-500x280.jpg\" class=\"attachment-thumbnail size-thumbnail\" alt=\"\" \/><\/a>\n\t\t\t<\/div><\/figure><figure class='gallery-item'>\n\t\t\t<div class='gallery-icon landscape'>\n\t\t\t\t<a href='https:\/\/municipalidadalhue.cl\/portal\/cientos-de-ninos-y-ninas-pudieron-disfrutar-fiesta-navidena-de-alhue\/dsc_0191-2\/'><img loading=\"lazy\" decoding=\"async\" width=\"500\" height=\"280\" src=\"https:\/\/municipalidadalhue.cl\/portal\/wp-content\/uploads\/2022\/12\/DSC_0191-500x280.jpg\" class=\"attachment-thumbnail size-thumbnail\" alt=\"\" \/><\/a>\n\t\t\t<\/div><\/figure><figure class='gallery-item'>\n\t\t\t<div class='gallery-icon landscape'>\n\t\t\t\t<a href='https:\/\/municipalidadalhue.cl\/portal\/cientos-de-ninos-y-ninas-pudieron-disfrutar-fiesta-navidena-de-alhue\/dsc_0193\/'><img loading=\"lazy\" decoding=\"async\" width=\"500\" height=\"280\" src=\"https:\/\/municipalidadalhue.cl\/portal\/wp-content\/uploads\/2022\/12\/DSC_0193-500x280.jpg\" class=\"attachment-thumbnail size-thumbnail\" alt=\"\" srcset=\"https:\/\/municipalidadalhue.cl\/portal\/wp-content\/uploads\/2022\/12\/DSC_0193-500x280.jpg 500w, https:\/\/municipalidadalhue.cl\/portal\/wp-content\/uploads\/2022\/12\/DSC_0193-768x432.jpg 768w, https:\/\/municipalidadalhue.cl\/portal\/wp-content\/uploads\/2022\/12\/DSC_0193.jpg 2048w\" sizes=\"(max-width: 500px) 100vw, 500px\" \/><\/a>\n\t\t\t<\/div><\/figure>\n\t\t<\/div>\n\n","protected":false},"excerpt":{"rendered":"<p>Con destacada participaci\u00f3n se llev\u00f3 a cabo nuevamente la Fiesta Navide\u00f1a para cada uno de los ni\u00f1os y ni\u00f1as de Alhu\u00e9, tras a\u00f1os sin poder realizar esta celebraci\u00f3n debido a la pandemia. Desde el Parque Comunal se desarroll\u00f3 esta fiesta, en donde los m\u00e1s peque\u00f1os pudieron disfrutar de juegos inflables, pintacaritas, golosinas, adem\u00e1s de entretenidos concursos. Durante la jornada estuvo presente el Alcalde Roberto Torres Huerta, adem\u00e1s de los concejales Marco Urbano, Carmen Gloria Espinoza y Roberto Aravena, entre otros asistentes. \u201cEstamos muy contentos, porque ha venido una enorme cantidad&hellip;<\/p>\n","protected":false},"author":1,"featured_media":16413,"comment_status":"closed","ping_status":"closed","sticky":false,"template":"","format":"standard","meta":{"footnotes":""},"categories":[10,4,5,8],"tags":[],"class_list":["post-16412","post","type-post","status-publish","format-standard","has-post-thumbnail","hentry","category-alcaldesa","category-comunidad","category-concejo","category-noticia"],"_links":{"self":[{"href":"https:\/\/municipalidadalhue.cl\/portal\/wp-json\/wp\/v2\/posts\/16412","targetHints":{"allow":["GET"]}}],"collection":[{"href":"https:\/\/municipalidadalhue.cl\/portal\/wp-json\/wp\/v2\/posts"}],"about":[{"href":"https:\/\/municipalidadalhue.cl\/portal\/wp-json\/wp\/v2\/types\/post"}],"author":[{"embeddable":true,"href":"https:\/\/municipalidadalhue.cl\/portal\/wp-json\/wp\/v2\/users\/1"}],"replies":[{"embeddable":true,"href":"https:\/\/municipalidadalhue.cl\/portal\/wp-json\/wp\/v2\/comments?post=16412"}],"version-history":[{"count":0,"href":"https:\/\/municipalidadalhue.cl\/portal\/wp-json\/wp\/v2\/posts\/16412\/revisions"}],"wp:featuredmedia":[{"embeddable":true,"href":"https:\/\/municipalidadalhue.cl\/portal\/wp-json\/wp\/v2\/media\/16413"}],"wp:attachment":[{"href":"https:\/\/municipalidadalhue.cl\/portal\/wp-json\/wp\/v2\/media?parent=16412"}],"wp:term":[{"taxonomy":"category","embeddable":true,"href":"https:\/\/municipalidadalhue.cl\/portal\/wp-json\/wp\/v2\/categories?post=16412"},{"taxonomy":"post_tag","embeddable":true,"href":"https:\/\/municipalidadalhue.cl\/portal\/wp-json\/wp\/v2\/tags?post=16412"}],"curies":[{"name":"wp","href":"https:\/\/api.w.org\/{rel}","templated":true}]}}