{"id":17016,"date":"2023-06-05T16:29:07","date_gmt":"2023-06-05T16:29:07","guid":{"rendered":"https:\/\/municipalidadalhue.cl\/portal\/?p=17016"},"modified":"2023-06-05T16:55:24","modified_gmt":"2023-06-05T16:55:24","slug":"con-destacada-participacion-se-efectuo-lanzamiento-del-programa-barrio-comercial-de-alhue","status":"publish","type":"post","link":"https:\/\/municipalidadalhue.cl\/portal\/con-destacada-participacion-se-efectuo-lanzamiento-del-programa-barrio-comercial-de-alhue\/","title":{"rendered":"Con destacada participaci\u00f3n se efectu\u00f3 lanzamiento del programa Barrio Comercial de Alhu\u00e9"},"content":{"rendered":"<p>El 03 de junio desde nuestra Plaza de Armas se realiz\u00f3 el hito inaugural del Programa Barrio Comercial y Patrimonial de Alhu\u00e9 de SERCOTEC (Servicio de Cooperaci\u00f3n T\u00e9cnica).<\/p>\n<p>Este un proyecto que postul\u00f3 y gan\u00f3 la C\u00e1mara de Comercio y Turismo de Alhu\u00e9, que les permitir\u00e1 trabajar con sus asociados durante tres a\u00f1os, con el objetivo de dar realce a la zona comercial y patrimonial donde se desempe\u00f1an.<\/p>\n<p>En el inicio de la actividad particip\u00f3 el Alcalde Roberto Torres Huerta junto a los concejales Marco Urbano, Carmen Gloria Espinoza y Roberto Aravena, en representaci\u00f3n de SERCOTEC, estuvo Juanita Rom\u00e1n, adem\u00e1s de la presidenta de la C\u00e1mara de Comercio y Turismo de Alhu\u00e9, Marta Valenzuela.<\/p>\n<p>Durante la jornada hubo variadas actividades, como es el Mercado Campesino; una atractiva muestra de autos antiguos; carros de comida; la presentaci\u00f3n de la Agrupaci\u00f3n de Ra\u00edces y A\u00f1oranzas; adem\u00e1s de un show de Ballet a cargo de las estudiantes que componen este taller danza, finalizando con una obra de teatro a cargo de la Agrupaci\u00f3n Alambique.<\/p>\n","protected":false},"excerpt":{"rendered":"<p>El 03 de junio desde nuestra Plaza de Armas se realiz\u00f3 el hito inaugural del Programa Barrio Comercial y Patrimonial de Alhu\u00e9 de SERCOTEC (Servicio de Cooperaci\u00f3n T\u00e9cnica). Este un proyecto que postul\u00f3 y gan\u00f3 la C\u00e1mara de Comercio y Turismo de Alhu\u00e9, que les permitir\u00e1 trabajar con sus asociados durante tres a\u00f1os, con el objetivo de dar realce a la zona comercial y patrimonial donde se desempe\u00f1an. En el inicio de la actividad particip\u00f3 el Alcalde Roberto Torres Huerta junto a los concejales Marco Urbano, Carmen Gloria Espinoza y&hellip;<\/p>\n","protected":false},"author":1,"featured_media":17021,"comment_status":"closed","ping_status":"closed","sticky":false,"template":"","format":"standard","meta":{"footnotes":""},"categories":[10,4,5,8,9],"tags":[],"class_list":["post-17016","post","type-post","status-publish","format-standard","has-post-thumbnail","hentry","category-alcaldesa","category-comunidad","category-concejo","category-noticia","category-proyectos"],"_links":{"self":[{"href":"https:\/\/municipalidadalhue.cl\/portal\/wp-json\/wp\/v2\/posts\/17016","targetHints":{"allow":["GET"]}}],"collection":[{"href":"https:\/\/municipalidadalhue.cl\/portal\/wp-json\/wp\/v2\/posts"}],"about":[{"href":"https:\/\/municipalidadalhue.cl\/portal\/wp-json\/wp\/v2\/types\/post"}],"author":[{"embeddable":true,"href":"https:\/\/municipalidadalhue.cl\/portal\/wp-json\/wp\/v2\/users\/1"}],"replies":[{"embeddable":true,"href":"https:\/\/municipalidadalhue.cl\/portal\/wp-json\/wp\/v2\/comments?post=17016"}],"version-history":[{"count":0,"href":"https:\/\/municipalidadalhue.cl\/portal\/wp-json\/wp\/v2\/posts\/17016\/revisions"}],"wp:featuredmedia":[{"embeddable":true,"href":"https:\/\/municipalidadalhue.cl\/portal\/wp-json\/wp\/v2\/media\/17021"}],"wp:attachment":[{"href":"https:\/\/municipalidadalhue.cl\/portal\/wp-json\/wp\/v2\/media?parent=17016"}],"wp:term":[{"taxonomy":"category","embeddable":true,"href":"https:\/\/municipalidadalhue.cl\/portal\/wp-json\/wp\/v2\/categories?post=17016"},{"taxonomy":"post_tag","embeddable":true,"href":"https:\/\/municipalidadalhue.cl\/portal\/wp-json\/wp\/v2\/tags?post=17016"}],"curies":[{"name":"wp","href":"https:\/\/api.w.org\/{rel}","templated":true}]}}