{"id":17090,"date":"2023-06-27T18:51:08","date_gmt":"2023-06-27T18:51:08","guid":{"rendered":"https:\/\/municipalidadalhue.cl\/portal\/?p=17090"},"modified":"2023-06-27T19:36:14","modified_gmt":"2023-06-27T19:36:14","slug":"con-presentaciones-artisticas-y-rememorando-tradiciones-se-desarrollo-vispera-de-noche-de-san-juan","status":"publish","type":"post","link":"https:\/\/municipalidadalhue.cl\/portal\/con-presentaciones-artisticas-y-rememorando-tradiciones-se-desarrollo-vispera-de-noche-de-san-juan\/","title":{"rendered":"Con presentaciones art\u00edsticas y rememorando tradiciones se desarroll\u00f3 V\u00edspera de Noche de San Juan"},"content":{"rendered":"<p>Con una destacada concurrencia de vecinos y vecinas se celebr\u00f3 la \u201cV\u00edspera de la noche de San Juan\u201d, en esta ocasi\u00f3n desde la Quinta de Recreo El Par\u00eds, con una serie de entretenida actividades.<\/p>\n<p>Esta jornada cont\u00f3 con una alta participaci\u00f3n de vecinos, as\u00ed como tambi\u00e9n de turistas, quienes destacaron el desarrollo de esta noche llena de misterios.<\/p>\n<p>Distintas agrupaciones art\u00edsticas de Alhu\u00e9 se hicieron parte de esta noche, como es Ra\u00edces y A\u00f1oranzas, Warara, el Grupo de Cantores de Alhu\u00e9, el Taller de Ukelele, liderados por el profesor Jos\u00e9 Luis D\u00edaz. Adem\u00e1s, estuvo presente el concejal Leonel Acevedo.<\/p>\n<p>Asimismo, se llev\u00f3 a cabo una presentaci\u00f3n de la Agrupaci\u00f3n de Teatro Alambique, quienes rememoraron las tradiciones que se llevan a cabo durante esta fecha tan especial.<\/p>\n<p>Cabe destacar, que se realizaron reconocimientos a diversas personas que siempre apoyan a nuestro municipio en materia cultural, como es:<\/p>\n<ul>\n<li>Ernesto Acevedo, m\u00e1s conocido como \u00abpelito \u2018e liebre\u00bb, por ser una persona muy importante por nuestra identidad campesina, adem\u00e1s de relatar con orgullo las historias de Alhu\u00e9 a toda la comunidad.<\/li>\n<li>Fanny Zabala, por ser una de las cofundadoras y principal anfitriona del grupo Warara.<\/li>\n<li>Marta Maldonado y Sabina Bustamante, por ser una de las principales fundadoras del grupo Ra\u00edces y A\u00f1oranzas y activas participantes del grupo en la actualidad.<\/li>\n<li>Jos\u00e9 Luis D\u00edaz, por su entrega y aporte constante a la cultura, adem\u00e1s de fundar el Taller de Ukelele.<\/li>\n<\/ul>\n","protected":false},"excerpt":{"rendered":"<p>Con una destacada concurrencia de vecinos y vecinas se celebr\u00f3 la \u201cV\u00edspera de la noche de San Juan\u201d, en esta ocasi\u00f3n desde la Quinta de Recreo El Par\u00eds, con una serie de entretenida actividades. Esta jornada cont\u00f3 con una alta participaci\u00f3n de vecinos, as\u00ed como tambi\u00e9n de turistas, quienes destacaron el desarrollo de esta noche llena de misterios. Distintas agrupaciones art\u00edsticas de Alhu\u00e9 se hicieron parte de esta noche, como es Ra\u00edces y A\u00f1oranzas, Warara, el Grupo de Cantores de Alhu\u00e9, el Taller de Ukelele, liderados por el profesor Jos\u00e9&hellip;<\/p>\n","protected":false},"author":1,"featured_media":17093,"comment_status":"closed","ping_status":"closed","sticky":false,"template":"","format":"standard","meta":{"footnotes":""},"categories":[4,5,6,8],"tags":[],"class_list":["post-17090","post","type-post","status-publish","format-standard","has-post-thumbnail","hentry","category-comunidad","category-concejo","category-cultura","category-noticia"],"_links":{"self":[{"href":"https:\/\/municipalidadalhue.cl\/portal\/wp-json\/wp\/v2\/posts\/17090","targetHints":{"allow":["GET"]}}],"collection":[{"href":"https:\/\/municipalidadalhue.cl\/portal\/wp-json\/wp\/v2\/posts"}],"about":[{"href":"https:\/\/municipalidadalhue.cl\/portal\/wp-json\/wp\/v2\/types\/post"}],"author":[{"embeddable":true,"href":"https:\/\/municipalidadalhue.cl\/portal\/wp-json\/wp\/v2\/users\/1"}],"replies":[{"embeddable":true,"href":"https:\/\/municipalidadalhue.cl\/portal\/wp-json\/wp\/v2\/comments?post=17090"}],"version-history":[{"count":0,"href":"https:\/\/municipalidadalhue.cl\/portal\/wp-json\/wp\/v2\/posts\/17090\/revisions"}],"wp:featuredmedia":[{"embeddable":true,"href":"https:\/\/municipalidadalhue.cl\/portal\/wp-json\/wp\/v2\/media\/17093"}],"wp:attachment":[{"href":"https:\/\/municipalidadalhue.cl\/portal\/wp-json\/wp\/v2\/media?parent=17090"}],"wp:term":[{"taxonomy":"category","embeddable":true,"href":"https:\/\/municipalidadalhue.cl\/portal\/wp-json\/wp\/v2\/categories?post=17090"},{"taxonomy":"post_tag","embeddable":true,"href":"https:\/\/municipalidadalhue.cl\/portal\/wp-json\/wp\/v2\/tags?post=17090"}],"curies":[{"name":"wp","href":"https:\/\/api.w.org\/{rel}","templated":true}]}}