{"id":17267,"date":"2023-08-16T19:18:09","date_gmt":"2023-08-16T19:18:09","guid":{"rendered":"https:\/\/municipalidadalhue.cl\/portal\/?p=17267"},"modified":"2023-08-16T19:28:09","modified_gmt":"2023-08-16T19:28:09","slug":"cientos-de-personas-pudieron-disfrutar-del-dia-de-la-ninez-que-ofrecio-nuestro-municipio","status":"publish","type":"post","link":"https:\/\/municipalidadalhue.cl\/portal\/cientos-de-personas-pudieron-disfrutar-del-dia-de-la-ninez-que-ofrecio-nuestro-municipio\/","title":{"rendered":"Cientos de personas pudieron disfrutar del D\u00eda de la Ni\u00f1ez que ofreci\u00f3 nuestro municipio"},"content":{"rendered":"<p>Con la participaci\u00f3n de cientos de personas se realiz\u00f3 desde el Parque Comunal la celebraci\u00f3n del D\u00eda de la Ni\u00f1ez, donde nuestros peque\u00f1os y peque\u00f1as tuvieron la oportunidad de disfrutar de juegos, ricas golosinas y shows art\u00edsticos.<\/p>\n<p>Adem\u00e1s, por primera vez en Alhu\u00e9 nuestros ni\u00f1os y ni\u00f1as se entretuvieron con rampas de hielo, aparte de juegos inflables y pinta caritas.<\/p>\n<p>Los pap\u00e1s y mam\u00e1s de los ni\u00f1os y ni\u00f1as se mostraron muy felices de poder disfrutar de una tarde recreativa junto a sus hijos.<\/p>\n<p>En esta destacada jornada estuvo presente el Alcalde Roberto Torres Huerta, y los concejales Roberto Aravena y \u00c1lex Riquelme, quienes resaltaron la alta participaci\u00f3n de vecinos en este D\u00eda de la Ni\u00f1ez, destacando que esta celebraci\u00f3n se realiza con mucho cari\u00f1o para cada uno de los ni\u00f1os y ni\u00f1as de Alhu\u00e9.<\/p>\n","protected":false},"excerpt":{"rendered":"<p>Con la participaci\u00f3n de cientos de personas se realiz\u00f3 desde el Parque Comunal la celebraci\u00f3n del D\u00eda de la Ni\u00f1ez, donde nuestros peque\u00f1os y peque\u00f1as tuvieron la oportunidad de disfrutar de juegos, ricas golosinas y shows art\u00edsticos. Adem\u00e1s, por primera vez en Alhu\u00e9 nuestros ni\u00f1os y ni\u00f1as se entretuvieron con rampas de hielo, aparte de juegos inflables y pinta caritas. Los pap\u00e1s y mam\u00e1s de los ni\u00f1os y ni\u00f1as se mostraron muy felices de poder disfrutar de una tarde recreativa junto a sus hijos. En esta destacada jornada estuvo presente&hellip;<\/p>\n","protected":false},"author":1,"featured_media":17270,"comment_status":"closed","ping_status":"closed","sticky":false,"template":"","format":"standard","meta":{"footnotes":""},"categories":[10,4,5,8],"tags":[],"class_list":["post-17267","post","type-post","status-publish","format-standard","has-post-thumbnail","hentry","category-alcaldesa","category-comunidad","category-concejo","category-noticia"],"_links":{"self":[{"href":"https:\/\/municipalidadalhue.cl\/portal\/wp-json\/wp\/v2\/posts\/17267","targetHints":{"allow":["GET"]}}],"collection":[{"href":"https:\/\/municipalidadalhue.cl\/portal\/wp-json\/wp\/v2\/posts"}],"about":[{"href":"https:\/\/municipalidadalhue.cl\/portal\/wp-json\/wp\/v2\/types\/post"}],"author":[{"embeddable":true,"href":"https:\/\/municipalidadalhue.cl\/portal\/wp-json\/wp\/v2\/users\/1"}],"replies":[{"embeddable":true,"href":"https:\/\/municipalidadalhue.cl\/portal\/wp-json\/wp\/v2\/comments?post=17267"}],"version-history":[{"count":1,"href":"https:\/\/municipalidadalhue.cl\/portal\/wp-json\/wp\/v2\/posts\/17267\/revisions"}],"predecessor-version":[{"id":17269,"href":"https:\/\/municipalidadalhue.cl\/portal\/wp-json\/wp\/v2\/posts\/17267\/revisions\/17269"}],"wp:featuredmedia":[{"embeddable":true,"href":"https:\/\/municipalidadalhue.cl\/portal\/wp-json\/wp\/v2\/media\/17270"}],"wp:attachment":[{"href":"https:\/\/municipalidadalhue.cl\/portal\/wp-json\/wp\/v2\/media?parent=17267"}],"wp:term":[{"taxonomy":"category","embeddable":true,"href":"https:\/\/municipalidadalhue.cl\/portal\/wp-json\/wp\/v2\/categories?post=17267"},{"taxonomy":"post_tag","embeddable":true,"href":"https:\/\/municipalidadalhue.cl\/portal\/wp-json\/wp\/v2\/tags?post=17267"}],"curies":[{"name":"wp","href":"https:\/\/api.w.org\/{rel}","templated":true}]}}