{"id":17273,"date":"2023-08-24T15:20:03","date_gmt":"2023-08-24T15:20:03","guid":{"rendered":"https:\/\/municipalidadalhue.cl\/portal\/?p=17273"},"modified":"2023-08-24T16:10:56","modified_gmt":"2023-08-24T16:10:56","slug":"se-celebro-noche-de-encanto-y-tradicion-con-destacada-participacion","status":"publish","type":"post","link":"https:\/\/municipalidadalhue.cl\/portal\/se-celebro-noche-de-encanto-y-tradicion-con-destacada-participacion\/","title":{"rendered":"Se celebr\u00f3 \u201cNoche de Encanto y Tradici\u00f3n\u201d con destacada participaci\u00f3n"},"content":{"rendered":"<p>El 18 de agosto se celebr\u00f3 una de las actividades m\u00e1s bellas de nuestra comuna, la \u201cNoche de Encanto y Tradici\u00f3n\u201d, evento que se enmarca en las celebraciones de los 268 a\u00f1os de Alhu\u00e9.<\/p>\n<p>Esta actividad se llev\u00f3 a cabo desde la Quinta de Recreo \u201cEl Paris\u201d, con una alta participaci\u00f3n de alhu\u00ednos y turistas que pudieron disfrutar de una noche de m\u00fasica y alegr\u00eda. Asimismo, en la celebraci\u00f3n estuvo presente el concejal \u00c1lex Riquelme.<\/p>\n<p>La Oficina de la Cultura de DIDECO (Direcci\u00f3n de Desarrollo Comunitario) fue la encargada de organizar esta actividad tan t\u00edpica de nuestro territorio.<\/p>\n<p>Cabe destacar, que en esta jornada se presentaron variados grupos folcl\u00f3ricos de la zona, como es Ra\u00edces y A\u00f1oranzas; el Taller de Guitarra del profesor Jos\u00e9 Luis D\u00edaz; Las Hermanas Donoso, adem\u00e1s del folclorista Ram\u00f3n Arenas, y una entretenida obra a cargo del grupo de teatro El Alambique.<\/p>\n<p>Asimismo, un grupo de vecinos y vecinas de Alhu\u00e9 le presentaron a nuestra comunidad diferentes historias y vivencias por las que han pasado, y que mantuvieron muy atentos a cada uno de los asistentes.<\/p>\n","protected":false},"excerpt":{"rendered":"<p>El 18 de agosto se celebr\u00f3 una de las actividades m\u00e1s bellas de nuestra comuna, la \u201cNoche de Encanto y Tradici\u00f3n\u201d, evento que se enmarca en las celebraciones de los 268 a\u00f1os de Alhu\u00e9. Esta actividad se llev\u00f3 a cabo desde la Quinta de Recreo \u201cEl Paris\u201d, con una alta participaci\u00f3n de alhu\u00ednos y turistas que pudieron disfrutar de una noche de m\u00fasica y alegr\u00eda. Asimismo, en la celebraci\u00f3n estuvo presente el concejal \u00c1lex Riquelme. La Oficina de la Cultura de DIDECO (Direcci\u00f3n de Desarrollo Comunitario) fue la encargada de&hellip;<\/p>\n","protected":false},"author":1,"featured_media":17274,"comment_status":"closed","ping_status":"closed","sticky":false,"template":"","format":"standard","meta":{"footnotes":""},"categories":[4,5,6,8],"tags":[],"class_list":["post-17273","post","type-post","status-publish","format-standard","has-post-thumbnail","hentry","category-comunidad","category-concejo","category-cultura","category-noticia"],"_links":{"self":[{"href":"https:\/\/municipalidadalhue.cl\/portal\/wp-json\/wp\/v2\/posts\/17273","targetHints":{"allow":["GET"]}}],"collection":[{"href":"https:\/\/municipalidadalhue.cl\/portal\/wp-json\/wp\/v2\/posts"}],"about":[{"href":"https:\/\/municipalidadalhue.cl\/portal\/wp-json\/wp\/v2\/types\/post"}],"author":[{"embeddable":true,"href":"https:\/\/municipalidadalhue.cl\/portal\/wp-json\/wp\/v2\/users\/1"}],"replies":[{"embeddable":true,"href":"https:\/\/municipalidadalhue.cl\/portal\/wp-json\/wp\/v2\/comments?post=17273"}],"version-history":[{"count":2,"href":"https:\/\/municipalidadalhue.cl\/portal\/wp-json\/wp\/v2\/posts\/17273\/revisions"}],"predecessor-version":[{"id":17276,"href":"https:\/\/municipalidadalhue.cl\/portal\/wp-json\/wp\/v2\/posts\/17273\/revisions\/17276"}],"wp:featuredmedia":[{"embeddable":true,"href":"https:\/\/municipalidadalhue.cl\/portal\/wp-json\/wp\/v2\/media\/17274"}],"wp:attachment":[{"href":"https:\/\/municipalidadalhue.cl\/portal\/wp-json\/wp\/v2\/media?parent=17273"}],"wp:term":[{"taxonomy":"category","embeddable":true,"href":"https:\/\/municipalidadalhue.cl\/portal\/wp-json\/wp\/v2\/categories?post=17273"},{"taxonomy":"post_tag","embeddable":true,"href":"https:\/\/municipalidadalhue.cl\/portal\/wp-json\/wp\/v2\/tags?post=17273"}],"curies":[{"name":"wp","href":"https:\/\/api.w.org\/{rel}","templated":true}]}}