{"id":17303,"date":"2023-08-31T16:22:20","date_gmt":"2023-08-31T16:22:20","guid":{"rendered":"https:\/\/municipalidadalhue.cl\/portal\/?p=17303"},"modified":"2023-08-31T16:42:20","modified_gmt":"2023-08-31T16:42:20","slug":"estudiantes-de-la-carrera-tecnica-del-liceo-sara-troncoso-realizaron-exitosa-feria-expositiva-desde-nuestra-plaza-de-armas","status":"publish","type":"post","link":"https:\/\/municipalidadalhue.cl\/portal\/estudiantes-de-la-carrera-tecnica-del-liceo-sara-troncoso-realizaron-exitosa-feria-expositiva-desde-nuestra-plaza-de-armas\/","title":{"rendered":"Estudiantes de la carrera t\u00e9cnica del Liceo Sara Troncoso realizaron exitosa Feria expositiva desde nuestra Plaza de Armas"},"content":{"rendered":"<p>En el marco de la celebraci\u00f3n de los 81 a\u00f1os de la Educaci\u00f3n T\u00e9cnico Profesional en Chile, el Liceo Sara Troncoso ha realizado variadas actividades para conmemorar este D\u00eda.<\/p>\n<p>En ese sentido, se llev\u00f3 a cabo desde la Plaza de Armas de Villa Alhu\u00e9 la Feria EXPO-TP (T\u00e9cnico Profesional), con la presentaci\u00f3n de diferentes stands a cargo de los mismos estudiantes, dando a conocer los emprendimientos particulares que realizan los alumnos y alumnas, quienes son asesorados por sus profesores desde los M\u00f3dulos o Asignaturas que se imparten en su \u00e1rea t\u00e9cnico profesional.<\/p>\n<p>En esta instancia los estudiantes fueron apoyados por sus padres y apoderados, para que sus pupilos pudieran llevar a cabo estas presentaciones de la mejor manera.<\/p>\n<p>Se\u00f1alar que la carrera T\u00e9cnica del Liceo Sara Troncoso busca formar personas integrales, que puedan desenvolverse creativamente en un mundo globalizado, que exige cada vez m\u00e1s mayor esfuerzo de habilidades t\u00e9cnicas y sociales.<\/p>\n<p>Como municipio, docentes y asistentes de la educaci\u00f3n del Liceo Sara Troncoso, agradecemos el trabajo y el esfuerzo de estudiantes, padres y apoderados, para poder desarrollar esta feria de la mejor manera.<\/p>\n","protected":false},"excerpt":{"rendered":"<p>En el marco de la celebraci\u00f3n de los 81 a\u00f1os de la Educaci\u00f3n T\u00e9cnico Profesional en Chile, el Liceo Sara Troncoso ha realizado variadas actividades para conmemorar este D\u00eda. En ese sentido, se llev\u00f3 a cabo desde la Plaza de Armas de Villa Alhu\u00e9 la Feria EXPO-TP (T\u00e9cnico Profesional), con la presentaci\u00f3n de diferentes stands a cargo de los mismos estudiantes, dando a conocer los emprendimientos particulares que realizan los alumnos y alumnas, quienes son asesorados por sus profesores desde los M\u00f3dulos o Asignaturas que se imparten en su \u00e1rea&hellip;<\/p>\n","protected":false},"author":1,"featured_media":17306,"comment_status":"closed","ping_status":"closed","sticky":false,"template":"","format":"standard","meta":{"footnotes":""},"categories":[4,31,8],"tags":[],"class_list":["post-17303","post","type-post","status-publish","format-standard","has-post-thumbnail","hentry","category-comunidad","category-educacion","category-noticia"],"_links":{"self":[{"href":"https:\/\/municipalidadalhue.cl\/portal\/wp-json\/wp\/v2\/posts\/17303","targetHints":{"allow":["GET"]}}],"collection":[{"href":"https:\/\/municipalidadalhue.cl\/portal\/wp-json\/wp\/v2\/posts"}],"about":[{"href":"https:\/\/municipalidadalhue.cl\/portal\/wp-json\/wp\/v2\/types\/post"}],"author":[{"embeddable":true,"href":"https:\/\/municipalidadalhue.cl\/portal\/wp-json\/wp\/v2\/users\/1"}],"replies":[{"embeddable":true,"href":"https:\/\/municipalidadalhue.cl\/portal\/wp-json\/wp\/v2\/comments?post=17303"}],"version-history":[{"count":1,"href":"https:\/\/municipalidadalhue.cl\/portal\/wp-json\/wp\/v2\/posts\/17303\/revisions"}],"predecessor-version":[{"id":17305,"href":"https:\/\/municipalidadalhue.cl\/portal\/wp-json\/wp\/v2\/posts\/17303\/revisions\/17305"}],"wp:featuredmedia":[{"embeddable":true,"href":"https:\/\/municipalidadalhue.cl\/portal\/wp-json\/wp\/v2\/media\/17306"}],"wp:attachment":[{"href":"https:\/\/municipalidadalhue.cl\/portal\/wp-json\/wp\/v2\/media?parent=17303"}],"wp:term":[{"taxonomy":"category","embeddable":true,"href":"https:\/\/municipalidadalhue.cl\/portal\/wp-json\/wp\/v2\/categories?post=17303"},{"taxonomy":"post_tag","embeddable":true,"href":"https:\/\/municipalidadalhue.cl\/portal\/wp-json\/wp\/v2\/tags?post=17303"}],"curies":[{"name":"wp","href":"https:\/\/api.w.org\/{rel}","templated":true}]}}