{"id":17570,"date":"2023-11-27T15:53:51","date_gmt":"2023-11-27T15:53:51","guid":{"rendered":"https:\/\/municipalidadalhue.cl\/portal\/?p=17570"},"modified":"2023-11-27T15:53:51","modified_gmt":"2023-11-27T15:53:51","slug":"con-destacada-participacion-se-realizo-conmemoracion-del-dia-internacional-de-la-erradicacion-contra-la-violencia-hacia-la-mujer","status":"publish","type":"post","link":"https:\/\/municipalidadalhue.cl\/portal\/con-destacada-participacion-se-realizo-conmemoracion-del-dia-internacional-de-la-erradicacion-contra-la-violencia-hacia-la-mujer\/","title":{"rendered":"Con destacada participaci\u00f3n se realiz\u00f3 conmemoraci\u00f3n del D\u00eda Internacional de la Erradicaci\u00f3n contra la violencia hacia la Mujer"},"content":{"rendered":"<p>Con \u00e9xito se realiz\u00f3 desde la Plaza de Armas de Villa Alhu\u00e9 una jornada enmarcada en la conmemoraci\u00f3n del D\u00eda Internacional de la Erradicaci\u00f3n contra la violencia hacia la Mujer, donde se llevaron a cabo una serie de actividades para recordar esta fecha que busca terminar con estas situaciones.<\/p>\n<p>En ese sentido, se desarrollaron variadas tem\u00e1ticas con estudiantes del Liceo Sara Troncoso, adem\u00e1s de una intervenci\u00f3n que busca sensibilizar a la comunidad por las v\u00edctimas de femicidios.<\/p>\n<p>Adem\u00e1s, los estudiantes tuvieron la oportunidad de crear lienzos alusivos al tema, pint\u00e1ndolos con diferentes mensajes que buscan erradicar la violencia de g\u00e9nero.<\/p>\n<p>Asimismo, se presentaron diversos stands de la Direcci\u00f3n de Desarrollo Comunitario (DIDECO), como es la Oficina de la Juventud, la Oficina de Discapacidad, Oficina de Adulto Mayor y la Oficina Local de la Ni\u00f1ez, con el objetivo de concientizar a la comunidad frente a este tema.<\/p>\n<p>De igual forma, se cont\u00f3 con un stand de la Biblioteca P\u00fablica Municipal y del Departamento de Salud, con realizaci\u00f3n de ex\u00e1menes de medicina preventiva, adem\u00e1s de realizar charlas de enfocadas en violencia sexual.<\/p>\n<p>Tambi\u00e9n se hizo presente el Programa Para Peque\u00f1as Localidades, con el desarrollo de una intervenci\u00f3n que busca que las mismas estudiantes manifestar\u00e1n cu\u00e1l era un espacio p\u00fablico seguro para ellas.<\/p>\n<p>Destacar que esta jornada fue organizada por nuestro municipio, por medio del Centro de Atenci\u00f3n a la Familia (CAF), con el fundamental apoyo de la DIDECO y del Departamento de Educaci\u00f3n.<\/p>\n<p>Desde ya agradecemos a cada una de las personas que acogieron este mensaje, que nos ayuda como sociedad a tener una actitud m\u00e1s proactiva frente a la violencia de g\u00e9nero.<\/p>\n","protected":false},"excerpt":{"rendered":"<p>Con \u00e9xito se realiz\u00f3 desde la Plaza de Armas de Villa Alhu\u00e9 una jornada enmarcada en la conmemoraci\u00f3n del D\u00eda Internacional de la Erradicaci\u00f3n contra la violencia hacia la Mujer, donde se llevaron a cabo una serie de actividades para recordar esta fecha que busca terminar con estas situaciones. En ese sentido, se desarrollaron variadas tem\u00e1ticas con estudiantes del Liceo Sara Troncoso, adem\u00e1s de una intervenci\u00f3n que busca sensibilizar a la comunidad por las v\u00edctimas de femicidios. Adem\u00e1s, los estudiantes tuvieron la oportunidad de crear lienzos alusivos al tema, pint\u00e1ndolos&hellip;<\/p>\n","protected":false},"author":1,"featured_media":17571,"comment_status":"closed","ping_status":"closed","sticky":false,"template":"","format":"standard","meta":{"footnotes":""},"categories":[4,8],"tags":[],"class_list":["post-17570","post","type-post","status-publish","format-standard","has-post-thumbnail","hentry","category-comunidad","category-noticia"],"_links":{"self":[{"href":"https:\/\/municipalidadalhue.cl\/portal\/wp-json\/wp\/v2\/posts\/17570","targetHints":{"allow":["GET"]}}],"collection":[{"href":"https:\/\/municipalidadalhue.cl\/portal\/wp-json\/wp\/v2\/posts"}],"about":[{"href":"https:\/\/municipalidadalhue.cl\/portal\/wp-json\/wp\/v2\/types\/post"}],"author":[{"embeddable":true,"href":"https:\/\/municipalidadalhue.cl\/portal\/wp-json\/wp\/v2\/users\/1"}],"replies":[{"embeddable":true,"href":"https:\/\/municipalidadalhue.cl\/portal\/wp-json\/wp\/v2\/comments?post=17570"}],"version-history":[{"count":1,"href":"https:\/\/municipalidadalhue.cl\/portal\/wp-json\/wp\/v2\/posts\/17570\/revisions"}],"predecessor-version":[{"id":17572,"href":"https:\/\/municipalidadalhue.cl\/portal\/wp-json\/wp\/v2\/posts\/17570\/revisions\/17572"}],"wp:featuredmedia":[{"embeddable":true,"href":"https:\/\/municipalidadalhue.cl\/portal\/wp-json\/wp\/v2\/media\/17571"}],"wp:attachment":[{"href":"https:\/\/municipalidadalhue.cl\/portal\/wp-json\/wp\/v2\/media?parent=17570"}],"wp:term":[{"taxonomy":"category","embeddable":true,"href":"https:\/\/municipalidadalhue.cl\/portal\/wp-json\/wp\/v2\/categories?post=17570"},{"taxonomy":"post_tag","embeddable":true,"href":"https:\/\/municipalidadalhue.cl\/portal\/wp-json\/wp\/v2\/tags?post=17570"}],"curies":[{"name":"wp","href":"https:\/\/api.w.org\/{rel}","templated":true}]}}