{"id":17573,"date":"2023-11-27T16:06:56","date_gmt":"2023-11-27T16:06:56","guid":{"rendered":"https:\/\/municipalidadalhue.cl\/portal\/?p=17573"},"modified":"2023-11-27T18:21:43","modified_gmt":"2023-11-27T18:21:43","slug":"estudiantes-de-alhue-matriculados-el-2022-recibieron-computadores-portatiles","status":"publish","type":"post","link":"https:\/\/municipalidadalhue.cl\/portal\/estudiantes-de-alhue-matriculados-el-2022-recibieron-computadores-portatiles\/","title":{"rendered":"Estudiantes de Alhu\u00e9 matriculados el 2022 recibieron computadores port\u00e1tiles"},"content":{"rendered":"<p>Tal como sucedi\u00f3 el a\u00f1o 2021, el 23 de noviembre se hizo entrega de computadores port\u00e1tiles a los estudiantes de cada uno de los establecimientos educacionales de Alhu\u00e9 matriculados el 2022.<\/p>\n<p>Este destacado proyecto fue gestionado por nuestro municipio con el Gobierno de Santiago, quienes financiaron esta iniciativa, que entrega 200 notebooks a alumnos de los 5 recintos escolares de Alhu\u00e9.<\/p>\n<p>En esta importante ceremonia estuvo presente el Alcalde Roberto Torres Huerta, el gobernador de Santiago, Claudio Orrego, la consejera regional Cristina Soto, adem\u00e1s de los concejales Marco Urbano, Carmen Gloria Espinoza, Roberto Aravena, \u00c1lex Riquelme y Leonel Acevedo, quienes se manifestaron su alegr\u00eda al concretar esta entrega de computadores.<\/p>\n<p>Cabe destacar, que muy pronto se realizar\u00e1 la entrega de notebooks para los estudiantes que fueron matriculados este a\u00f1o 2023 en todos los establecimientos educacionales de Alhu\u00e9, proyecto que ser\u00e1 financiado en su totalidad por nuestro municipio.<\/p>\n<div id='gallery-1' class='gallery galleryid-17573 gallery-columns-3 gallery-size-thumbnail'><figure class='gallery-item'>\n\t\t\t<div class='gallery-icon landscape'>\n\t\t\t\t<a href='https:\/\/municipalidadalhue.cl\/portal\/estudiantes-de-alhue-matriculados-el-2022-recibieron-computadores-portatiles\/dsc_0057-9\/'><img fetchpriority=\"high\" decoding=\"async\" width=\"500\" height=\"280\" src=\"https:\/\/municipalidadalhue.cl\/portal\/wp-content\/uploads\/2023\/11\/DSC_0057-1-500x280.jpg\" class=\"attachment-thumbnail size-thumbnail\" alt=\"\" \/><\/a>\n\t\t\t<\/div><\/figure><figure class='gallery-item'>\n\t\t\t<div class='gallery-icon landscape'>\n\t\t\t\t<a href='https:\/\/municipalidadalhue.cl\/portal\/estudiantes-de-alhue-matriculados-el-2022-recibieron-computadores-portatiles\/dsc_0051-10\/'><img decoding=\"async\" width=\"500\" height=\"280\" src=\"https:\/\/municipalidadalhue.cl\/portal\/wp-content\/uploads\/2023\/11\/DSC_0051-1-500x280.jpg\" class=\"attachment-thumbnail size-thumbnail\" alt=\"\" \/><\/a>\n\t\t\t<\/div><\/figure><figure class='gallery-item'>\n\t\t\t<div class='gallery-icon landscape'>\n\t\t\t\t<a href='https:\/\/municipalidadalhue.cl\/portal\/estudiantes-de-alhue-matriculados-el-2022-recibieron-computadores-portatiles\/dsc_0054-9\/'><img decoding=\"async\" width=\"500\" height=\"280\" src=\"https:\/\/municipalidadalhue.cl\/portal\/wp-content\/uploads\/2023\/11\/DSC_0054-500x280.jpg\" class=\"attachment-thumbnail size-thumbnail\" alt=\"\" \/><\/a>\n\t\t\t<\/div><\/figure><figure class='gallery-item'>\n\t\t\t<div class='gallery-icon landscape'>\n\t\t\t\t<a href='https:\/\/municipalidadalhue.cl\/portal\/estudiantes-de-alhue-matriculados-el-2022-recibieron-computadores-portatiles\/dsc_0059-6\/'><img loading=\"lazy\" decoding=\"async\" width=\"500\" height=\"280\" src=\"https:\/\/municipalidadalhue.cl\/portal\/wp-content\/uploads\/2023\/11\/DSC_0059-500x280.jpg\" class=\"attachment-thumbnail size-thumbnail\" alt=\"\" \/><\/a>\n\t\t\t<\/div><\/figure><figure class='gallery-item'>\n\t\t\t<div class='gallery-icon landscape'>\n\t\t\t\t<a href='https:\/\/municipalidadalhue.cl\/portal\/estudiantes-de-alhue-matriculados-el-2022-recibieron-computadores-portatiles\/dsc_0017-22\/'><img loading=\"lazy\" decoding=\"async\" width=\"500\" height=\"280\" src=\"https:\/\/municipalidadalhue.cl\/portal\/wp-content\/uploads\/2023\/11\/DSC_0017-2-500x280.jpg\" class=\"attachment-thumbnail size-thumbnail\" alt=\"\" \/><\/a>\n\t\t\t<\/div><\/figure><figure class='gallery-item'>\n\t\t\t<div class='gallery-icon landscape'>\n\t\t\t\t<a href='https:\/\/municipalidadalhue.cl\/portal\/estudiantes-de-alhue-matriculados-el-2022-recibieron-computadores-portatiles\/dsc_0018-16\/'><img loading=\"lazy\" decoding=\"async\" width=\"500\" height=\"280\" src=\"https:\/\/municipalidadalhue.cl\/portal\/wp-content\/uploads\/2023\/11\/DSC_0018-2-500x280.jpg\" class=\"attachment-thumbnail size-thumbnail\" alt=\"\" \/><\/a>\n\t\t\t<\/div><\/figure><figure class='gallery-item'>\n\t\t\t<div class='gallery-icon landscape'>\n\t\t\t\t<a href='https:\/\/municipalidadalhue.cl\/portal\/estudiantes-de-alhue-matriculados-el-2022-recibieron-computadores-portatiles\/dsc_0020-16\/'><img loading=\"lazy\" decoding=\"async\" width=\"500\" height=\"280\" src=\"https:\/\/municipalidadalhue.cl\/portal\/wp-content\/uploads\/2023\/11\/DSC_0020-1-500x280.jpg\" class=\"attachment-thumbnail size-thumbnail\" alt=\"\" \/><\/a>\n\t\t\t<\/div><\/figure><figure class='gallery-item'>\n\t\t\t<div class='gallery-icon landscape'>\n\t\t\t\t<a href='https:\/\/municipalidadalhue.cl\/portal\/estudiantes-de-alhue-matriculados-el-2022-recibieron-computadores-portatiles\/dsc_0022-11\/'><img loading=\"lazy\" decoding=\"async\" width=\"500\" height=\"280\" src=\"https:\/\/municipalidadalhue.cl\/portal\/wp-content\/uploads\/2023\/11\/DSC_0022-2-500x280.jpg\" class=\"attachment-thumbnail size-thumbnail\" alt=\"\" \/><\/a>\n\t\t\t<\/div><\/figure><figure class='gallery-item'>\n\t\t\t<div class='gallery-icon landscape'>\n\t\t\t\t<a href='https:\/\/municipalidadalhue.cl\/portal\/estudiantes-de-alhue-matriculados-el-2022-recibieron-computadores-portatiles\/dsc_0026-10\/'><img loading=\"lazy\" decoding=\"async\" width=\"500\" height=\"280\" src=\"https:\/\/municipalidadalhue.cl\/portal\/wp-content\/uploads\/2023\/11\/DSC_0026-1-500x280.jpg\" class=\"attachment-thumbnail size-thumbnail\" alt=\"\" \/><\/a>\n\t\t\t<\/div><\/figure><figure class='gallery-item'>\n\t\t\t<div class='gallery-icon landscape'>\n\t\t\t\t<a href='https:\/\/municipalidadalhue.cl\/portal\/estudiantes-de-alhue-matriculados-el-2022-recibieron-computadores-portatiles\/dsc_0028-12\/'><img loading=\"lazy\" decoding=\"async\" width=\"500\" height=\"280\" src=\"https:\/\/municipalidadalhue.cl\/portal\/wp-content\/uploads\/2023\/11\/DSC_0028-500x280.jpg\" class=\"attachment-thumbnail size-thumbnail\" alt=\"\" \/><\/a>\n\t\t\t<\/div><\/figure><figure class='gallery-item'>\n\t\t\t<div class='gallery-icon landscape'>\n\t\t\t\t<a href='https:\/\/municipalidadalhue.cl\/portal\/estudiantes-de-alhue-matriculados-el-2022-recibieron-computadores-portatiles\/dsc_0030-11\/'><img loading=\"lazy\" decoding=\"async\" width=\"500\" height=\"280\" src=\"https:\/\/municipalidadalhue.cl\/portal\/wp-content\/uploads\/2023\/11\/DSC_0030-500x280.jpg\" class=\"attachment-thumbnail size-thumbnail\" alt=\"\" \/><\/a>\n\t\t\t<\/div><\/figure><figure class='gallery-item'>\n\t\t\t<div class='gallery-icon landscape'>\n\t\t\t\t<a href='https:\/\/municipalidadalhue.cl\/portal\/estudiantes-de-alhue-matriculados-el-2022-recibieron-computadores-portatiles\/dsc_0031-11\/'><img loading=\"lazy\" decoding=\"async\" width=\"500\" height=\"280\" src=\"https:\/\/municipalidadalhue.cl\/portal\/wp-content\/uploads\/2023\/11\/DSC_0031-500x280.jpg\" class=\"attachment-thumbnail size-thumbnail\" alt=\"\" \/><\/a>\n\t\t\t<\/div><\/figure><figure class='gallery-item'>\n\t\t\t<div class='gallery-icon landscape'>\n\t\t\t\t<a href='https:\/\/municipalidadalhue.cl\/portal\/estudiantes-de-alhue-matriculados-el-2022-recibieron-computadores-portatiles\/dsc_0033-11\/'><img loading=\"lazy\" decoding=\"async\" width=\"500\" height=\"280\" src=\"https:\/\/municipalidadalhue.cl\/portal\/wp-content\/uploads\/2023\/11\/DSC_0033-1-500x280.jpg\" class=\"attachment-thumbnail size-thumbnail\" alt=\"\" \/><\/a>\n\t\t\t<\/div><\/figure><figure class='gallery-item'>\n\t\t\t<div class='gallery-icon landscape'>\n\t\t\t\t<a href='https:\/\/municipalidadalhue.cl\/portal\/estudiantes-de-alhue-matriculados-el-2022-recibieron-computadores-portatiles\/dsc_0036-11\/'><img loading=\"lazy\" decoding=\"async\" width=\"500\" height=\"280\" src=\"https:\/\/municipalidadalhue.cl\/portal\/wp-content\/uploads\/2023\/11\/DSC_0036-500x280.jpg\" class=\"attachment-thumbnail size-thumbnail\" alt=\"\" \/><\/a>\n\t\t\t<\/div><\/figure><figure class='gallery-item'>\n\t\t\t<div class='gallery-icon landscape'>\n\t\t\t\t<a href='https:\/\/municipalidadalhue.cl\/portal\/estudiantes-de-alhue-matriculados-el-2022-recibieron-computadores-portatiles\/dsc_0037-10\/'><img loading=\"lazy\" decoding=\"async\" width=\"500\" height=\"280\" src=\"https:\/\/municipalidadalhue.cl\/portal\/wp-content\/uploads\/2023\/11\/DSC_0037-1-500x280.jpg\" class=\"attachment-thumbnail size-thumbnail\" alt=\"\" \/><\/a>\n\t\t\t<\/div><\/figure><figure class='gallery-item'>\n\t\t\t<div class='gallery-icon landscape'>\n\t\t\t\t<a href='https:\/\/municipalidadalhue.cl\/portal\/estudiantes-de-alhue-matriculados-el-2022-recibieron-computadores-portatiles\/dsc_0039-6\/'><img loading=\"lazy\" decoding=\"async\" width=\"500\" height=\"280\" src=\"https:\/\/municipalidadalhue.cl\/portal\/wp-content\/uploads\/2023\/11\/DSC_0039-1-500x280.jpg\" class=\"attachment-thumbnail size-thumbnail\" alt=\"\" \/><\/a>\n\t\t\t<\/div><\/figure><figure class='gallery-item'>\n\t\t\t<div class='gallery-icon landscape'>\n\t\t\t\t<a href='https:\/\/municipalidadalhue.cl\/portal\/estudiantes-de-alhue-matriculados-el-2022-recibieron-computadores-portatiles\/dsc_0042-3\/'><img loading=\"lazy\" decoding=\"async\" width=\"500\" height=\"280\" src=\"https:\/\/municipalidadalhue.cl\/portal\/wp-content\/uploads\/2023\/11\/DSC_0042-500x280.jpg\" class=\"attachment-thumbnail size-thumbnail\" alt=\"\" \/><\/a>\n\t\t\t<\/div><\/figure><figure class='gallery-item'>\n\t\t\t<div class='gallery-icon landscape'>\n\t\t\t\t<a href='https:\/\/municipalidadalhue.cl\/portal\/estudiantes-de-alhue-matriculados-el-2022-recibieron-computadores-portatiles\/dsc_0043-10\/'><img loading=\"lazy\" decoding=\"async\" width=\"500\" height=\"280\" src=\"https:\/\/municipalidadalhue.cl\/portal\/wp-content\/uploads\/2023\/11\/DSC_0043-1-500x280.jpg\" class=\"attachment-thumbnail size-thumbnail\" alt=\"\" \/><\/a>\n\t\t\t<\/div><\/figure><figure class='gallery-item'>\n\t\t\t<div class='gallery-icon landscape'>\n\t\t\t\t<a href='https:\/\/municipalidadalhue.cl\/portal\/estudiantes-de-alhue-matriculados-el-2022-recibieron-computadores-portatiles\/dsc_0046-10\/'><img loading=\"lazy\" decoding=\"async\" width=\"500\" height=\"280\" src=\"https:\/\/municipalidadalhue.cl\/portal\/wp-content\/uploads\/2023\/11\/DSC_0046-500x280.jpg\" class=\"attachment-thumbnail size-thumbnail\" alt=\"\" \/><\/a>\n\t\t\t<\/div><\/figure><figure class='gallery-item'>\n\t\t\t<div class='gallery-icon landscape'>\n\t\t\t\t<a href='https:\/\/municipalidadalhue.cl\/portal\/estudiantes-de-alhue-matriculados-el-2022-recibieron-computadores-portatiles\/dsc_0047-10\/'><img loading=\"lazy\" decoding=\"async\" width=\"500\" height=\"280\" src=\"https:\/\/municipalidadalhue.cl\/portal\/wp-content\/uploads\/2023\/11\/DSC_0047-500x280.jpg\" class=\"attachment-thumbnail size-thumbnail\" alt=\"\" \/><\/a>\n\t\t\t<\/div><\/figure><figure class='gallery-item'>\n\t\t\t<div class='gallery-icon landscape'>\n\t\t\t\t<a href='https:\/\/municipalidadalhue.cl\/portal\/estudiantes-de-alhue-matriculados-el-2022-recibieron-computadores-portatiles\/dsc_0048-9\/'><img loading=\"lazy\" decoding=\"async\" width=\"500\" height=\"280\" src=\"https:\/\/municipalidadalhue.cl\/portal\/wp-content\/uploads\/2023\/11\/DSC_0048-1-500x280.jpg\" class=\"attachment-thumbnail size-thumbnail\" alt=\"\" \/><\/a>\n\t\t\t<\/div><\/figure>\n\t\t<\/div>\n\n","protected":false},"excerpt":{"rendered":"<p>Tal como sucedi\u00f3 el a\u00f1o 2021, el 23 de noviembre se hizo entrega de computadores port\u00e1tiles a los estudiantes de cada uno de los establecimientos educacionales de Alhu\u00e9 matriculados el 2022. Este destacado proyecto fue gestionado por nuestro municipio con el Gobierno de Santiago, quienes financiaron esta iniciativa, que entrega 200 notebooks a alumnos de los 5 recintos escolares de Alhu\u00e9. En esta importante ceremonia estuvo presente el Alcalde Roberto Torres Huerta, el gobernador de Santiago, Claudio Orrego, la consejera regional Cristina Soto, adem\u00e1s de los concejales Marco Urbano, Carmen&hellip;<\/p>\n","protected":false},"author":1,"featured_media":17576,"comment_status":"closed","ping_status":"closed","sticky":false,"template":"","format":"standard","meta":{"footnotes":""},"categories":[10,4,5,8,9],"tags":[],"class_list":["post-17573","post","type-post","status-publish","format-standard","has-post-thumbnail","hentry","category-alcaldesa","category-comunidad","category-concejo","category-noticia","category-proyectos"],"_links":{"self":[{"href":"https:\/\/municipalidadalhue.cl\/portal\/wp-json\/wp\/v2\/posts\/17573","targetHints":{"allow":["GET"]}}],"collection":[{"href":"https:\/\/municipalidadalhue.cl\/portal\/wp-json\/wp\/v2\/posts"}],"about":[{"href":"https:\/\/municipalidadalhue.cl\/portal\/wp-json\/wp\/v2\/types\/post"}],"author":[{"embeddable":true,"href":"https:\/\/municipalidadalhue.cl\/portal\/wp-json\/wp\/v2\/users\/1"}],"replies":[{"embeddable":true,"href":"https:\/\/municipalidadalhue.cl\/portal\/wp-json\/wp\/v2\/comments?post=17573"}],"version-history":[{"count":3,"href":"https:\/\/municipalidadalhue.cl\/portal\/wp-json\/wp\/v2\/posts\/17573\/revisions"}],"predecessor-version":[{"id":17599,"href":"https:\/\/municipalidadalhue.cl\/portal\/wp-json\/wp\/v2\/posts\/17573\/revisions\/17599"}],"wp:featuredmedia":[{"embeddable":true,"href":"https:\/\/municipalidadalhue.cl\/portal\/wp-json\/wp\/v2\/media\/17576"}],"wp:attachment":[{"href":"https:\/\/municipalidadalhue.cl\/portal\/wp-json\/wp\/v2\/media?parent=17573"}],"wp:term":[{"taxonomy":"category","embeddable":true,"href":"https:\/\/municipalidadalhue.cl\/portal\/wp-json\/wp\/v2\/categories?post=17573"},{"taxonomy":"post_tag","embeddable":true,"href":"https:\/\/municipalidadalhue.cl\/portal\/wp-json\/wp\/v2\/tags?post=17573"}],"curies":[{"name":"wp","href":"https:\/\/api.w.org\/{rel}","templated":true}]}}