{"id":17610,"date":"2023-12-15T15:00:32","date_gmt":"2023-12-15T15:00:32","guid":{"rendered":"https:\/\/municipalidadalhue.cl\/portal\/?p=17610"},"modified":"2023-12-15T17:54:41","modified_gmt":"2023-12-15T17:54:41","slug":"se-hizo-entrega-a-nuestro-municipio-de-obras-del-nuevo-jardin-y-sala-cuna-de-el-asiento","status":"publish","type":"post","link":"https:\/\/municipalidadalhue.cl\/portal\/se-hizo-entrega-a-nuestro-municipio-de-obras-del-nuevo-jardin-y-sala-cuna-de-el-asiento\/","title":{"rendered":"Se hizo entrega a nuestro municipio de obras del nuevo Jard\u00edn y Sala Cuna de El Asiento"},"content":{"rendered":"<p>Con destacada participaci\u00f3n se llev\u00f3 a cabo la entrega del proyecto del nuevo Jard\u00edn y Sala cuna de El Asiento, un proyecto que se estuvo trabajando por a\u00f1os entre la comunidad y dirigentes de este sector, con nuestro municipio y el apoyo de Minera Florida, quienes fueron quienes financiaron esta iniciativa.<\/p>\n<p>En esta importante jornada estuvo presente el Alcalde Roberto Torres Huerta, los concejales Carmen Gloria Espinoza, Roberto Aravena, \u00c1lex Riquelme y Leonel Acevedo, adem\u00e1s del gerente general de Minera Florida, Richard Ortiz, aparte de dirigentes sociales y vecinos de El Asiento.<\/p>\n<p>Nuestras autoridades destacaron este logro, recalcando que el trabajo en conjunto entre lo p\u00fablico y lo privado fue fundamental para materializar este nuevo Jard\u00edn y Sala cuna.<\/p>\n<p>Cabe consignar, que ahora nuestro municipio debe realizar todos los procesos administrativos para poner en marcha el funcionamiento de este gran proyecto.<\/p>\n<div id='gallery-1' class='gallery galleryid-17610 gallery-columns-3 gallery-size-thumbnail'><figure class='gallery-item'>\n\t\t\t<div class='gallery-icon landscape'>\n\t\t\t\t<a href='https:\/\/municipalidadalhue.cl\/portal\/se-hizo-entrega-a-nuestro-municipio-de-obras-del-nuevo-jardin-y-sala-cuna-de-el-asiento\/dsc_0001-26\/'><img fetchpriority=\"high\" decoding=\"async\" width=\"500\" height=\"280\" src=\"https:\/\/municipalidadalhue.cl\/portal\/wp-content\/uploads\/2023\/12\/DSC_0001-500x280.jpg\" class=\"attachment-thumbnail size-thumbnail\" alt=\"\" \/><\/a>\n\t\t\t<\/div><\/figure><figure class='gallery-item'>\n\t\t\t<div class='gallery-icon landscape'>\n\t\t\t\t<a href='https:\/\/municipalidadalhue.cl\/portal\/se-hizo-entrega-a-nuestro-municipio-de-obras-del-nuevo-jardin-y-sala-cuna-de-el-asiento\/dsc_0003-22\/'><img decoding=\"async\" width=\"500\" height=\"280\" src=\"https:\/\/municipalidadalhue.cl\/portal\/wp-content\/uploads\/2023\/12\/DSC_0003-500x280.jpg\" class=\"attachment-thumbnail size-thumbnail\" alt=\"\" \/><\/a>\n\t\t\t<\/div><\/figure><figure class='gallery-item'>\n\t\t\t<div class='gallery-icon landscape'>\n\t\t\t\t<a href='https:\/\/municipalidadalhue.cl\/portal\/se-hizo-entrega-a-nuestro-municipio-de-obras-del-nuevo-jardin-y-sala-cuna-de-el-asiento\/dsc_0005-22\/'><img decoding=\"async\" width=\"500\" height=\"280\" src=\"https:\/\/municipalidadalhue.cl\/portal\/wp-content\/uploads\/2023\/12\/DSC_0005-500x280.jpg\" class=\"attachment-thumbnail size-thumbnail\" alt=\"\" \/><\/a>\n\t\t\t<\/div><\/figure><figure class='gallery-item'>\n\t\t\t<div class='gallery-icon landscape'>\n\t\t\t\t<a href='https:\/\/municipalidadalhue.cl\/portal\/se-hizo-entrega-a-nuestro-municipio-de-obras-del-nuevo-jardin-y-sala-cuna-de-el-asiento\/dsc_0006-19\/'><img loading=\"lazy\" decoding=\"async\" width=\"500\" height=\"280\" src=\"https:\/\/municipalidadalhue.cl\/portal\/wp-content\/uploads\/2023\/12\/DSC_0006-500x280.jpg\" class=\"attachment-thumbnail size-thumbnail\" alt=\"\" \/><\/a>\n\t\t\t<\/div><\/figure><figure class='gallery-item'>\n\t\t\t<div class='gallery-icon landscape'>\n\t\t\t\t<a href='https:\/\/municipalidadalhue.cl\/portal\/se-hizo-entrega-a-nuestro-municipio-de-obras-del-nuevo-jardin-y-sala-cuna-de-el-asiento\/dsc_0008-21\/'><img loading=\"lazy\" decoding=\"async\" width=\"500\" height=\"280\" src=\"https:\/\/municipalidadalhue.cl\/portal\/wp-content\/uploads\/2023\/12\/DSC_0008-500x280.jpg\" class=\"attachment-thumbnail size-thumbnail\" alt=\"\" \/><\/a>\n\t\t\t<\/div><\/figure><figure class='gallery-item'>\n\t\t\t<div class='gallery-icon landscape'>\n\t\t\t\t<a href='https:\/\/municipalidadalhue.cl\/portal\/se-hizo-entrega-a-nuestro-municipio-de-obras-del-nuevo-jardin-y-sala-cuna-de-el-asiento\/dsc_0010-13\/'><img loading=\"lazy\" decoding=\"async\" width=\"500\" height=\"280\" src=\"https:\/\/municipalidadalhue.cl\/portal\/wp-content\/uploads\/2023\/12\/DSC_0010-500x280.jpg\" class=\"attachment-thumbnail size-thumbnail\" alt=\"\" \/><\/a>\n\t\t\t<\/div><\/figure><figure class='gallery-item'>\n\t\t\t<div class='gallery-icon landscape'>\n\t\t\t\t<a href='https:\/\/municipalidadalhue.cl\/portal\/se-hizo-entrega-a-nuestro-municipio-de-obras-del-nuevo-jardin-y-sala-cuna-de-el-asiento\/dsc_0013-13\/'><img loading=\"lazy\" decoding=\"async\" width=\"500\" height=\"280\" src=\"https:\/\/municipalidadalhue.cl\/portal\/wp-content\/uploads\/2023\/12\/DSC_0013-500x280.jpg\" class=\"attachment-thumbnail size-thumbnail\" alt=\"\" \/><\/a>\n\t\t\t<\/div><\/figure><figure class='gallery-item'>\n\t\t\t<div class='gallery-icon landscape'>\n\t\t\t\t<a href='https:\/\/municipalidadalhue.cl\/portal\/se-hizo-entrega-a-nuestro-municipio-de-obras-del-nuevo-jardin-y-sala-cuna-de-el-asiento\/dsc_0014-14\/'><img loading=\"lazy\" decoding=\"async\" width=\"500\" height=\"280\" src=\"https:\/\/municipalidadalhue.cl\/portal\/wp-content\/uploads\/2023\/12\/DSC_0014-500x280.jpg\" class=\"attachment-thumbnail size-thumbnail\" alt=\"\" \/><\/a>\n\t\t\t<\/div><\/figure><figure class='gallery-item'>\n\t\t\t<div class='gallery-icon landscape'>\n\t\t\t\t<a href='https:\/\/municipalidadalhue.cl\/portal\/se-hizo-entrega-a-nuestro-municipio-de-obras-del-nuevo-jardin-y-sala-cuna-de-el-asiento\/dsc_0015-20\/'><img loading=\"lazy\" decoding=\"async\" width=\"500\" height=\"280\" src=\"https:\/\/municipalidadalhue.cl\/portal\/wp-content\/uploads\/2023\/12\/DSC_0015-500x280.jpg\" class=\"attachment-thumbnail size-thumbnail\" alt=\"\" \/><\/a>\n\t\t\t<\/div><\/figure><figure class='gallery-item'>\n\t\t\t<div class='gallery-icon landscape'>\n\t\t\t\t<a href='https:\/\/municipalidadalhue.cl\/portal\/se-hizo-entrega-a-nuestro-municipio-de-obras-del-nuevo-jardin-y-sala-cuna-de-el-asiento\/dsc_0019-18\/'><img loading=\"lazy\" decoding=\"async\" width=\"500\" height=\"280\" src=\"https:\/\/municipalidadalhue.cl\/portal\/wp-content\/uploads\/2023\/12\/DSC_0019-500x280.jpg\" class=\"attachment-thumbnail size-thumbnail\" alt=\"\" \/><\/a>\n\t\t\t<\/div><\/figure><figure class='gallery-item'>\n\t\t\t<div class='gallery-icon landscape'>\n\t\t\t\t<a href='https:\/\/municipalidadalhue.cl\/portal\/se-hizo-entrega-a-nuestro-municipio-de-obras-del-nuevo-jardin-y-sala-cuna-de-el-asiento\/dsc_0021-14\/'><img loading=\"lazy\" decoding=\"async\" width=\"500\" height=\"280\" src=\"https:\/\/municipalidadalhue.cl\/portal\/wp-content\/uploads\/2023\/12\/DSC_0021-500x280.jpg\" class=\"attachment-thumbnail size-thumbnail\" alt=\"\" \/><\/a>\n\t\t\t<\/div><\/figure><figure class='gallery-item'>\n\t\t\t<div class='gallery-icon landscape'>\n\t\t\t\t<a href='https:\/\/municipalidadalhue.cl\/portal\/se-hizo-entrega-a-nuestro-municipio-de-obras-del-nuevo-jardin-y-sala-cuna-de-el-asiento\/dsc_0024-13\/'><img loading=\"lazy\" decoding=\"async\" width=\"500\" height=\"280\" src=\"https:\/\/municipalidadalhue.cl\/portal\/wp-content\/uploads\/2023\/12\/DSC_0024-500x280.jpg\" class=\"attachment-thumbnail size-thumbnail\" alt=\"\" \/><\/a>\n\t\t\t<\/div><\/figure><figure class='gallery-item'>\n\t\t\t<div class='gallery-icon landscape'>\n\t\t\t\t<a href='https:\/\/municipalidadalhue.cl\/portal\/se-hizo-entrega-a-nuestro-municipio-de-obras-del-nuevo-jardin-y-sala-cuna-de-el-asiento\/dsc_0030-12\/'><img loading=\"lazy\" decoding=\"async\" width=\"500\" height=\"280\" src=\"https:\/\/municipalidadalhue.cl\/portal\/wp-content\/uploads\/2023\/12\/DSC_0030-500x280.jpg\" class=\"attachment-thumbnail size-thumbnail\" alt=\"\" \/><\/a>\n\t\t\t<\/div><\/figure><figure class='gallery-item'>\n\t\t\t<div class='gallery-icon landscape'>\n\t\t\t\t<a href='https:\/\/municipalidadalhue.cl\/portal\/se-hizo-entrega-a-nuestro-municipio-de-obras-del-nuevo-jardin-y-sala-cuna-de-el-asiento\/dsc_0033-12\/'><img loading=\"lazy\" decoding=\"async\" width=\"500\" height=\"280\" src=\"https:\/\/municipalidadalhue.cl\/portal\/wp-content\/uploads\/2023\/12\/DSC_0033-500x280.jpg\" class=\"attachment-thumbnail size-thumbnail\" alt=\"\" \/><\/a>\n\t\t\t<\/div><\/figure><figure class='gallery-item'>\n\t\t\t<div class='gallery-icon landscape'>\n\t\t\t\t<a href='https:\/\/municipalidadalhue.cl\/portal\/se-hizo-entrega-a-nuestro-municipio-de-obras-del-nuevo-jardin-y-sala-cuna-de-el-asiento\/dsc_0038-11\/'><img loading=\"lazy\" decoding=\"async\" width=\"500\" height=\"280\" src=\"https:\/\/municipalidadalhue.cl\/portal\/wp-content\/uploads\/2023\/12\/DSC_0038-500x280.jpg\" class=\"attachment-thumbnail size-thumbnail\" alt=\"\" \/><\/a>\n\t\t\t<\/div><\/figure><figure class='gallery-item'>\n\t\t\t<div class='gallery-icon landscape'>\n\t\t\t\t<a href='https:\/\/municipalidadalhue.cl\/portal\/se-hizo-entrega-a-nuestro-municipio-de-obras-del-nuevo-jardin-y-sala-cuna-de-el-asiento\/dsc_0039-7\/'><img loading=\"lazy\" decoding=\"async\" width=\"500\" height=\"280\" src=\"https:\/\/municipalidadalhue.cl\/portal\/wp-content\/uploads\/2023\/12\/DSC_0039-500x280.jpg\" class=\"attachment-thumbnail size-thumbnail\" alt=\"\" \/><\/a>\n\t\t\t<\/div><\/figure><figure class='gallery-item'>\n\t\t\t<div class='gallery-icon landscape'>\n\t\t\t\t<a href='https:\/\/municipalidadalhue.cl\/portal\/se-hizo-entrega-a-nuestro-municipio-de-obras-del-nuevo-jardin-y-sala-cuna-de-el-asiento\/dsc_0044-11\/'><img loading=\"lazy\" decoding=\"async\" width=\"500\" height=\"280\" src=\"https:\/\/municipalidadalhue.cl\/portal\/wp-content\/uploads\/2023\/12\/DSC_0044-500x280.jpg\" class=\"attachment-thumbnail size-thumbnail\" alt=\"\" \/><\/a>\n\t\t\t<\/div><\/figure><figure class='gallery-item'>\n\t\t\t<div class='gallery-icon landscape'>\n\t\t\t\t<a href='https:\/\/municipalidadalhue.cl\/portal\/se-hizo-entrega-a-nuestro-municipio-de-obras-del-nuevo-jardin-y-sala-cuna-de-el-asiento\/dsc_0047-11\/'><img loading=\"lazy\" decoding=\"async\" width=\"500\" height=\"280\" src=\"https:\/\/municipalidadalhue.cl\/portal\/wp-content\/uploads\/2023\/12\/DSC_0047-500x280.jpg\" class=\"attachment-thumbnail size-thumbnail\" alt=\"\" \/><\/a>\n\t\t\t<\/div><\/figure><figure class='gallery-item'>\n\t\t\t<div class='gallery-icon landscape'>\n\t\t\t\t<a href='https:\/\/municipalidadalhue.cl\/portal\/se-hizo-entrega-a-nuestro-municipio-de-obras-del-nuevo-jardin-y-sala-cuna-de-el-asiento\/dsc_0052-11\/'><img loading=\"lazy\" decoding=\"async\" width=\"500\" height=\"280\" src=\"https:\/\/municipalidadalhue.cl\/portal\/wp-content\/uploads\/2023\/12\/DSC_0052-500x280.jpg\" class=\"attachment-thumbnail size-thumbnail\" alt=\"\" \/><\/a>\n\t\t\t<\/div><\/figure><figure class='gallery-item'>\n\t\t\t<div class='gallery-icon landscape'>\n\t\t\t\t<a href='https:\/\/municipalidadalhue.cl\/portal\/se-hizo-entrega-a-nuestro-municipio-de-obras-del-nuevo-jardin-y-sala-cuna-de-el-asiento\/dsc_0053-10\/'><img loading=\"lazy\" decoding=\"async\" width=\"500\" height=\"280\" src=\"https:\/\/municipalidadalhue.cl\/portal\/wp-content\/uploads\/2023\/12\/DSC_0053-500x280.jpg\" class=\"attachment-thumbnail size-thumbnail\" alt=\"\" \/><\/a>\n\t\t\t<\/div><\/figure><figure class='gallery-item'>\n\t\t\t<div class='gallery-icon landscape'>\n\t\t\t\t<a href='https:\/\/municipalidadalhue.cl\/portal\/se-hizo-entrega-a-nuestro-municipio-de-obras-del-nuevo-jardin-y-sala-cuna-de-el-asiento\/dsc_0054-10\/'><img loading=\"lazy\" decoding=\"async\" width=\"500\" height=\"280\" src=\"https:\/\/municipalidadalhue.cl\/portal\/wp-content\/uploads\/2023\/12\/DSC_0054-500x280.jpg\" class=\"attachment-thumbnail size-thumbnail\" alt=\"\" \/><\/a>\n\t\t\t<\/div><\/figure><figure class='gallery-item'>\n\t\t\t<div class='gallery-icon landscape'>\n\t\t\t\t<a href='https:\/\/municipalidadalhue.cl\/portal\/se-hizo-entrega-a-nuestro-municipio-de-obras-del-nuevo-jardin-y-sala-cuna-de-el-asiento\/dsc_0055-10\/'><img loading=\"lazy\" decoding=\"async\" width=\"500\" height=\"280\" src=\"https:\/\/municipalidadalhue.cl\/portal\/wp-content\/uploads\/2023\/12\/DSC_0055-500x280.jpg\" class=\"attachment-thumbnail size-thumbnail\" alt=\"\" \/><\/a>\n\t\t\t<\/div><\/figure><figure class='gallery-item'>\n\t\t\t<div class='gallery-icon landscape'>\n\t\t\t\t<a href='https:\/\/municipalidadalhue.cl\/portal\/se-hizo-entrega-a-nuestro-municipio-de-obras-del-nuevo-jardin-y-sala-cuna-de-el-asiento\/img_7503-2\/'><img loading=\"lazy\" decoding=\"async\" width=\"500\" height=\"280\" src=\"https:\/\/municipalidadalhue.cl\/portal\/wp-content\/uploads\/2023\/12\/IMG_7503-1-500x280.jpg\" class=\"attachment-thumbnail size-thumbnail\" alt=\"\" \/><\/a>\n\t\t\t<\/div><\/figure><figure class='gallery-item'>\n\t\t\t<div class='gallery-icon landscape'>\n\t\t\t\t<a href='https:\/\/municipalidadalhue.cl\/portal\/se-hizo-entrega-a-nuestro-municipio-de-obras-del-nuevo-jardin-y-sala-cuna-de-el-asiento\/img_7504\/'><img loading=\"lazy\" decoding=\"async\" width=\"500\" height=\"280\" src=\"https:\/\/municipalidadalhue.cl\/portal\/wp-content\/uploads\/2023\/12\/IMG_7504-500x280.jpg\" class=\"attachment-thumbnail size-thumbnail\" alt=\"\" \/><\/a>\n\t\t\t<\/div><\/figure><figure class='gallery-item'>\n\t\t\t<div class='gallery-icon landscape'>\n\t\t\t\t<a href='https:\/\/municipalidadalhue.cl\/portal\/se-hizo-entrega-a-nuestro-municipio-de-obras-del-nuevo-jardin-y-sala-cuna-de-el-asiento\/img_7505\/'><img loading=\"lazy\" decoding=\"async\" width=\"500\" height=\"280\" src=\"https:\/\/municipalidadalhue.cl\/portal\/wp-content\/uploads\/2023\/12\/IMG_7505-500x280.jpg\" class=\"attachment-thumbnail size-thumbnail\" alt=\"\" \/><\/a>\n\t\t\t<\/div><\/figure><figure class='gallery-item'>\n\t\t\t<div class='gallery-icon landscape'>\n\t\t\t\t<a href='https:\/\/municipalidadalhue.cl\/portal\/se-hizo-entrega-a-nuestro-municipio-de-obras-del-nuevo-jardin-y-sala-cuna-de-el-asiento\/img_7507\/'><img loading=\"lazy\" decoding=\"async\" width=\"500\" height=\"280\" src=\"https:\/\/municipalidadalhue.cl\/portal\/wp-content\/uploads\/2023\/12\/IMG_7507-500x280.jpg\" class=\"attachment-thumbnail size-thumbnail\" alt=\"\" \/><\/a>\n\t\t\t<\/div><\/figure><figure class='gallery-item'>\n\t\t\t<div class='gallery-icon landscape'>\n\t\t\t\t<a href='https:\/\/municipalidadalhue.cl\/portal\/se-hizo-entrega-a-nuestro-municipio-de-obras-del-nuevo-jardin-y-sala-cuna-de-el-asiento\/img_7510\/'><img loading=\"lazy\" decoding=\"async\" width=\"500\" height=\"280\" src=\"https:\/\/municipalidadalhue.cl\/portal\/wp-content\/uploads\/2023\/12\/IMG_7510-500x280.jpg\" class=\"attachment-thumbnail size-thumbnail\" alt=\"\" \/><\/a>\n\t\t\t<\/div><\/figure>\n\t\t<\/div>\n\n","protected":false},"excerpt":{"rendered":"<p>Con destacada participaci\u00f3n se llev\u00f3 a cabo la entrega del proyecto del nuevo Jard\u00edn y Sala cuna de El Asiento, un proyecto que se estuvo trabajando por a\u00f1os entre la comunidad y dirigentes de este sector, con nuestro municipio y el apoyo de Minera Florida, quienes fueron quienes financiaron esta iniciativa. En esta importante jornada estuvo presente el Alcalde Roberto Torres Huerta, los concejales Carmen Gloria Espinoza, Roberto Aravena, \u00c1lex Riquelme y Leonel Acevedo, adem\u00e1s del gerente general de Minera Florida, Richard Ortiz, aparte de dirigentes sociales y vecinos de&hellip;<\/p>\n","protected":false},"author":1,"featured_media":17643,"comment_status":"closed","ping_status":"closed","sticky":false,"template":"","format":"standard","meta":{"footnotes":""},"categories":[10,4,5,31,8,9],"tags":[],"class_list":["post-17610","post","type-post","status-publish","format-standard","has-post-thumbnail","hentry","category-alcaldesa","category-comunidad","category-concejo","category-educacion","category-noticia","category-proyectos"],"_links":{"self":[{"href":"https:\/\/municipalidadalhue.cl\/portal\/wp-json\/wp\/v2\/posts\/17610","targetHints":{"allow":["GET"]}}],"collection":[{"href":"https:\/\/municipalidadalhue.cl\/portal\/wp-json\/wp\/v2\/posts"}],"about":[{"href":"https:\/\/municipalidadalhue.cl\/portal\/wp-json\/wp\/v2\/types\/post"}],"author":[{"embeddable":true,"href":"https:\/\/municipalidadalhue.cl\/portal\/wp-json\/wp\/v2\/users\/1"}],"replies":[{"embeddable":true,"href":"https:\/\/municipalidadalhue.cl\/portal\/wp-json\/wp\/v2\/comments?post=17610"}],"version-history":[{"count":3,"href":"https:\/\/municipalidadalhue.cl\/portal\/wp-json\/wp\/v2\/posts\/17610\/revisions"}],"predecessor-version":[{"id":17642,"href":"https:\/\/municipalidadalhue.cl\/portal\/wp-json\/wp\/v2\/posts\/17610\/revisions\/17642"}],"wp:featuredmedia":[{"embeddable":true,"href":"https:\/\/municipalidadalhue.cl\/portal\/wp-json\/wp\/v2\/media\/17643"}],"wp:attachment":[{"href":"https:\/\/municipalidadalhue.cl\/portal\/wp-json\/wp\/v2\/media?parent=17610"}],"wp:term":[{"taxonomy":"category","embeddable":true,"href":"https:\/\/municipalidadalhue.cl\/portal\/wp-json\/wp\/v2\/categories?post=17610"},{"taxonomy":"post_tag","embeddable":true,"href":"https:\/\/municipalidadalhue.cl\/portal\/wp-json\/wp\/v2\/tags?post=17610"}],"curies":[{"name":"wp","href":"https:\/\/api.w.org\/{rel}","templated":true}]}}