{"id":17645,"date":"2023-12-22T12:41:48","date_gmt":"2023-12-22T12:41:48","guid":{"rendered":"https:\/\/municipalidadalhue.cl\/portal\/?p=17645"},"modified":"2023-12-26T13:43:43","modified_gmt":"2023-12-26T13:43:43","slug":"vecinos-de-ignacio-carrera-pinto-celebraron-navidad-en-comunidad","status":"publish","type":"post","link":"https:\/\/municipalidadalhue.cl\/portal\/vecinos-de-ignacio-carrera-pinto-celebraron-navidad-en-comunidad\/","title":{"rendered":"Vecinos de Ignacio Carrera Pinto celebraron \u201cNavidad en Comunidad\u201d"},"content":{"rendered":"<p>El 21 de diciembre se llev\u00f3 a cabo una entretenida actividad en la localidad de Ignacio Carrera Pinto con vecinos y vecinos de este sector, donde celebraron \u201cNavidad en Comunidad\u201d, con una serie de juegos y presentaciones art\u00edsticas.<\/p>\n<p>En la jornada estuvo presente el Alcalde Roberto Torres Huerta y el concejal Roberto Aravena, quienes destacaron y valoraron este gesto de la comunidad de Ignacio Carrera Pinto con sus pares, ya que reunieron a familias del sector en torno a la amistad, el cari\u00f1o y la uni\u00f3n, todo sumado a esta fecha tan especial que es la Navidad.<\/p>\n<p>Asimismo, resaltaron el trabajo de las dirigentas sociales del sector, por su incansable labor con sus vecinos y vecinas, siempre preocupadas por el bienestar de sus comunidades.<\/p>\n<p>Esta celebraci\u00f3n se materializ\u00f3 en el marco del Programa Acci\u00f3n del FOSIS, a trav\u00e9s de la iniciativa \u201cPlanes Comunitarios\u201d, con el fundamental apoyo de nuestro municipio, a trav\u00e9s de la Oficina de Organizaciones Sociales de DIDECO.<\/p>\n<p>Cabe destacar, que en esta cita se llevaron a cabo variadas actividades, como presentaciones art\u00edsticas, con hermosos pies de cueca; entretenidos juegos, donde nuestras autoridades participaron activamente; adem\u00e1s de reconocimientos y tambi\u00e9n pudieron disfrutar de un exquisito c\u00f3ctel.<\/p>\n<div id='gallery-1' class='gallery galleryid-17645 gallery-columns-3 gallery-size-thumbnail'><figure class='gallery-item'>\n\t\t\t<div class='gallery-icon landscape'>\n\t\t\t\t<a href='https:\/\/municipalidadalhue.cl\/portal\/vecinos-de-ignacio-carrera-pinto-celebraron-navidad-en-comunidad\/dsc_0011-22\/'><img fetchpriority=\"high\" decoding=\"async\" width=\"500\" height=\"280\" src=\"https:\/\/municipalidadalhue.cl\/portal\/wp-content\/uploads\/2023\/12\/DSC_0011-500x280.jpg\" class=\"attachment-thumbnail size-thumbnail\" alt=\"\" \/><\/a>\n\t\t\t<\/div><\/figure><figure class='gallery-item'>\n\t\t\t<div class='gallery-icon landscape'>\n\t\t\t\t<a href='https:\/\/municipalidadalhue.cl\/portal\/vecinos-de-ignacio-carrera-pinto-celebraron-navidad-en-comunidad\/dsc_0020-17\/'><img decoding=\"async\" width=\"500\" height=\"280\" src=\"https:\/\/municipalidadalhue.cl\/portal\/wp-content\/uploads\/2023\/12\/DSC_0020-500x280.jpg\" class=\"attachment-thumbnail size-thumbnail\" alt=\"\" \/><\/a>\n\t\t\t<\/div><\/figure><figure class='gallery-item'>\n\t\t\t<div class='gallery-icon landscape'>\n\t\t\t\t<a href='https:\/\/municipalidadalhue.cl\/portal\/vecinos-de-ignacio-carrera-pinto-celebraron-navidad-en-comunidad\/dsc_0024-14\/'><img decoding=\"async\" width=\"500\" height=\"280\" src=\"https:\/\/municipalidadalhue.cl\/portal\/wp-content\/uploads\/2023\/12\/DSC_0024-1-500x280.jpg\" class=\"attachment-thumbnail size-thumbnail\" alt=\"\" \/><\/a>\n\t\t\t<\/div><\/figure><figure class='gallery-item'>\n\t\t\t<div class='gallery-icon landscape'>\n\t\t\t\t<a href='https:\/\/municipalidadalhue.cl\/portal\/vecinos-de-ignacio-carrera-pinto-celebraron-navidad-en-comunidad\/dsc_0031-12\/'><img loading=\"lazy\" decoding=\"async\" width=\"500\" height=\"280\" src=\"https:\/\/municipalidadalhue.cl\/portal\/wp-content\/uploads\/2023\/12\/DSC_0031-500x280.jpg\" class=\"attachment-thumbnail size-thumbnail\" alt=\"\" \/><\/a>\n\t\t\t<\/div><\/figure><figure class='gallery-item'>\n\t\t\t<div class='gallery-icon landscape'>\n\t\t\t\t<a href='https:\/\/municipalidadalhue.cl\/portal\/vecinos-de-ignacio-carrera-pinto-celebraron-navidad-en-comunidad\/dsc_0034-10\/'><img loading=\"lazy\" decoding=\"async\" width=\"500\" height=\"280\" src=\"https:\/\/municipalidadalhue.cl\/portal\/wp-content\/uploads\/2023\/12\/DSC_0034-500x280.jpg\" class=\"attachment-thumbnail size-thumbnail\" alt=\"\" \/><\/a>\n\t\t\t<\/div><\/figure><figure class='gallery-item'>\n\t\t\t<div class='gallery-icon landscape'>\n\t\t\t\t<a href='https:\/\/municipalidadalhue.cl\/portal\/vecinos-de-ignacio-carrera-pinto-celebraron-navidad-en-comunidad\/dsc_0043-12\/'><img loading=\"lazy\" decoding=\"async\" width=\"500\" height=\"280\" src=\"https:\/\/municipalidadalhue.cl\/portal\/wp-content\/uploads\/2023\/12\/DSC_0043-500x280.jpg\" class=\"attachment-thumbnail size-thumbnail\" alt=\"\" \/><\/a>\n\t\t\t<\/div><\/figure><figure class='gallery-item'>\n\t\t\t<div class='gallery-icon landscape'>\n\t\t\t\t<a href='https:\/\/municipalidadalhue.cl\/portal\/vecinos-de-ignacio-carrera-pinto-celebraron-navidad-en-comunidad\/dsc_0048-10\/'><img loading=\"lazy\" decoding=\"async\" width=\"500\" height=\"280\" src=\"https:\/\/municipalidadalhue.cl\/portal\/wp-content\/uploads\/2023\/12\/DSC_0048-500x280.jpg\" class=\"attachment-thumbnail size-thumbnail\" alt=\"\" \/><\/a>\n\t\t\t<\/div><\/figure><figure class='gallery-item'>\n\t\t\t<div class='gallery-icon landscape'>\n\t\t\t\t<a href='https:\/\/municipalidadalhue.cl\/portal\/vecinos-de-ignacio-carrera-pinto-celebraron-navidad-en-comunidad\/dsc_0055-11\/'><img loading=\"lazy\" decoding=\"async\" width=\"500\" height=\"280\" src=\"https:\/\/municipalidadalhue.cl\/portal\/wp-content\/uploads\/2023\/12\/DSC_0055-1-500x280.jpg\" class=\"attachment-thumbnail size-thumbnail\" alt=\"\" \/><\/a>\n\t\t\t<\/div><\/figure><figure class='gallery-item'>\n\t\t\t<div class='gallery-icon landscape'>\n\t\t\t\t<a href='https:\/\/municipalidadalhue.cl\/portal\/vecinos-de-ignacio-carrera-pinto-celebraron-navidad-en-comunidad\/dsc_0062-11\/'><img loading=\"lazy\" decoding=\"async\" width=\"420\" height=\"280\" src=\"https:\/\/municipalidadalhue.cl\/portal\/wp-content\/uploads\/2023\/12\/DSC_0062.jpg\" class=\"attachment-thumbnail size-thumbnail\" alt=\"\" \/><\/a>\n\t\t\t<\/div><\/figure><figure class='gallery-item'>\n\t\t\t<div class='gallery-icon landscape'>\n\t\t\t\t<a href='https:\/\/municipalidadalhue.cl\/portal\/vecinos-de-ignacio-carrera-pinto-celebraron-navidad-en-comunidad\/dsc_0063-10\/'><img loading=\"lazy\" decoding=\"async\" width=\"500\" height=\"280\" src=\"https:\/\/municipalidadalhue.cl\/portal\/wp-content\/uploads\/2023\/12\/DSC_0063-500x280.jpg\" class=\"attachment-thumbnail size-thumbnail\" alt=\"\" \/><\/a>\n\t\t\t<\/div><\/figure><figure class='gallery-item'>\n\t\t\t<div class='gallery-icon landscape'>\n\t\t\t\t<a href='https:\/\/municipalidadalhue.cl\/portal\/vecinos-de-ignacio-carrera-pinto-celebraron-navidad-en-comunidad\/dsc_0064-3\/'><img loading=\"lazy\" decoding=\"async\" width=\"500\" height=\"280\" src=\"https:\/\/municipalidadalhue.cl\/portal\/wp-content\/uploads\/2023\/12\/DSC_0064-500x280.jpg\" class=\"attachment-thumbnail size-thumbnail\" alt=\"\" \/><\/a>\n\t\t\t<\/div><\/figure><figure class='gallery-item'>\n\t\t\t<div class='gallery-icon landscape'>\n\t\t\t\t<a href='https:\/\/municipalidadalhue.cl\/portal\/vecinos-de-ignacio-carrera-pinto-celebraron-navidad-en-comunidad\/dsc_0069-4\/'><img loading=\"lazy\" decoding=\"async\" width=\"500\" height=\"280\" src=\"https:\/\/municipalidadalhue.cl\/portal\/wp-content\/uploads\/2023\/12\/DSC_0069-500x280.jpg\" class=\"attachment-thumbnail size-thumbnail\" alt=\"\" \/><\/a>\n\t\t\t<\/div><\/figure><figure class='gallery-item'>\n\t\t\t<div class='gallery-icon landscape'>\n\t\t\t\t<a href='https:\/\/municipalidadalhue.cl\/portal\/vecinos-de-ignacio-carrera-pinto-celebraron-navidad-en-comunidad\/dsc_0078-4\/'><img loading=\"lazy\" decoding=\"async\" width=\"500\" height=\"280\" src=\"https:\/\/municipalidadalhue.cl\/portal\/wp-content\/uploads\/2023\/12\/DSC_0078-500x280.jpg\" class=\"attachment-thumbnail size-thumbnail\" alt=\"\" \/><\/a>\n\t\t\t<\/div><\/figure><figure class='gallery-item'>\n\t\t\t<div class='gallery-icon landscape'>\n\t\t\t\t<a href='https:\/\/municipalidadalhue.cl\/portal\/vecinos-de-ignacio-carrera-pinto-celebraron-navidad-en-comunidad\/dsc_0090-3\/'><img loading=\"lazy\" decoding=\"async\" width=\"500\" height=\"280\" src=\"https:\/\/municipalidadalhue.cl\/portal\/wp-content\/uploads\/2023\/12\/DSC_0090-500x280.jpg\" class=\"attachment-thumbnail size-thumbnail\" alt=\"\" \/><\/a>\n\t\t\t<\/div><\/figure><figure class='gallery-item'>\n\t\t\t<div class='gallery-icon landscape'>\n\t\t\t\t<a href='https:\/\/municipalidadalhue.cl\/portal\/vecinos-de-ignacio-carrera-pinto-celebraron-navidad-en-comunidad\/dsc_0094-3\/'><img loading=\"lazy\" decoding=\"async\" width=\"500\" height=\"280\" src=\"https:\/\/municipalidadalhue.cl\/portal\/wp-content\/uploads\/2023\/12\/DSC_0094-500x280.jpg\" class=\"attachment-thumbnail size-thumbnail\" alt=\"\" \/><\/a>\n\t\t\t<\/div><\/figure><figure class='gallery-item'>\n\t\t\t<div class='gallery-icon landscape'>\n\t\t\t\t<a href='https:\/\/municipalidadalhue.cl\/portal\/vecinos-de-ignacio-carrera-pinto-celebraron-navidad-en-comunidad\/dsc_0097-2\/'><img loading=\"lazy\" decoding=\"async\" width=\"500\" height=\"280\" src=\"https:\/\/municipalidadalhue.cl\/portal\/wp-content\/uploads\/2023\/12\/DSC_0097-500x280.jpg\" class=\"attachment-thumbnail size-thumbnail\" alt=\"\" \/><\/a>\n\t\t\t<\/div><\/figure><figure class='gallery-item'>\n\t\t\t<div class='gallery-icon landscape'>\n\t\t\t\t<a href='https:\/\/municipalidadalhue.cl\/portal\/vecinos-de-ignacio-carrera-pinto-celebraron-navidad-en-comunidad\/dsc_0098\/'><img loading=\"lazy\" decoding=\"async\" width=\"420\" height=\"280\" src=\"https:\/\/municipalidadalhue.cl\/portal\/wp-content\/uploads\/2023\/12\/DSC_0098.jpg\" class=\"attachment-thumbnail size-thumbnail\" alt=\"\" \/><\/a>\n\t\t\t<\/div><\/figure><figure class='gallery-item'>\n\t\t\t<div class='gallery-icon landscape'>\n\t\t\t\t<a href='https:\/\/municipalidadalhue.cl\/portal\/vecinos-de-ignacio-carrera-pinto-celebraron-navidad-en-comunidad\/dsc_0102-2\/'><img loading=\"lazy\" decoding=\"async\" width=\"500\" height=\"280\" src=\"https:\/\/municipalidadalhue.cl\/portal\/wp-content\/uploads\/2023\/12\/DSC_0102-500x280.jpg\" class=\"attachment-thumbnail size-thumbnail\" alt=\"\" \/><\/a>\n\t\t\t<\/div><\/figure><figure class='gallery-item'>\n\t\t\t<div class='gallery-icon landscape'>\n\t\t\t\t<a href='https:\/\/municipalidadalhue.cl\/portal\/vecinos-de-ignacio-carrera-pinto-celebraron-navidad-en-comunidad\/dsc_0106-6\/'><img loading=\"lazy\" decoding=\"async\" width=\"500\" height=\"280\" src=\"https:\/\/municipalidadalhue.cl\/portal\/wp-content\/uploads\/2023\/12\/DSC_0106-500x280.jpg\" class=\"attachment-thumbnail size-thumbnail\" alt=\"\" \/><\/a>\n\t\t\t<\/div><\/figure><figure class='gallery-item'>\n\t\t\t<div class='gallery-icon landscape'>\n\t\t\t\t<a href='https:\/\/municipalidadalhue.cl\/portal\/vecinos-de-ignacio-carrera-pinto-celebraron-navidad-en-comunidad\/dsc_0125-2\/'><img loading=\"lazy\" decoding=\"async\" width=\"500\" height=\"280\" src=\"https:\/\/municipalidadalhue.cl\/portal\/wp-content\/uploads\/2023\/12\/DSC_0125-500x280.jpg\" class=\"attachment-thumbnail size-thumbnail\" alt=\"\" \/><\/a>\n\t\t\t<\/div><\/figure><figure class='gallery-item'>\n\t\t\t<div class='gallery-icon landscape'>\n\t\t\t\t<a href='https:\/\/municipalidadalhue.cl\/portal\/vecinos-de-ignacio-carrera-pinto-celebraron-navidad-en-comunidad\/dsc_0142-3\/'><img loading=\"lazy\" decoding=\"async\" width=\"500\" height=\"280\" src=\"https:\/\/municipalidadalhue.cl\/portal\/wp-content\/uploads\/2023\/12\/DSC_0142-500x280.jpg\" class=\"attachment-thumbnail size-thumbnail\" alt=\"\" \/><\/a>\n\t\t\t<\/div><\/figure>\n\t\t<\/div>\n\n","protected":false},"excerpt":{"rendered":"<p>El 21 de diciembre se llev\u00f3 a cabo una entretenida actividad en la localidad de Ignacio Carrera Pinto con vecinos y vecinos de este sector, donde celebraron \u201cNavidad en Comunidad\u201d, con una serie de juegos y presentaciones art\u00edsticas. En la jornada estuvo presente el Alcalde Roberto Torres Huerta y el concejal Roberto Aravena, quienes destacaron y valoraron este gesto de la comunidad de Ignacio Carrera Pinto con sus pares, ya que reunieron a familias del sector en torno a la amistad, el cari\u00f1o y la uni\u00f3n, todo sumado a esta&hellip;<\/p>\n","protected":false},"author":1,"featured_media":17646,"comment_status":"closed","ping_status":"closed","sticky":false,"template":"","format":"standard","meta":{"footnotes":""},"categories":[10,4,5,8],"tags":[],"class_list":["post-17645","post","type-post","status-publish","format-standard","has-post-thumbnail","hentry","category-alcaldesa","category-comunidad","category-concejo","category-noticia"],"_links":{"self":[{"href":"https:\/\/municipalidadalhue.cl\/portal\/wp-json\/wp\/v2\/posts\/17645","targetHints":{"allow":["GET"]}}],"collection":[{"href":"https:\/\/municipalidadalhue.cl\/portal\/wp-json\/wp\/v2\/posts"}],"about":[{"href":"https:\/\/municipalidadalhue.cl\/portal\/wp-json\/wp\/v2\/types\/post"}],"author":[{"embeddable":true,"href":"https:\/\/municipalidadalhue.cl\/portal\/wp-json\/wp\/v2\/users\/1"}],"replies":[{"embeddable":true,"href":"https:\/\/municipalidadalhue.cl\/portal\/wp-json\/wp\/v2\/comments?post=17645"}],"version-history":[{"count":3,"href":"https:\/\/municipalidadalhue.cl\/portal\/wp-json\/wp\/v2\/posts\/17645\/revisions"}],"predecessor-version":[{"id":17670,"href":"https:\/\/municipalidadalhue.cl\/portal\/wp-json\/wp\/v2\/posts\/17645\/revisions\/17670"}],"wp:featuredmedia":[{"embeddable":true,"href":"https:\/\/municipalidadalhue.cl\/portal\/wp-json\/wp\/v2\/media\/17646"}],"wp:attachment":[{"href":"https:\/\/municipalidadalhue.cl\/portal\/wp-json\/wp\/v2\/media?parent=17645"}],"wp:term":[{"taxonomy":"category","embeddable":true,"href":"https:\/\/municipalidadalhue.cl\/portal\/wp-json\/wp\/v2\/categories?post=17645"},{"taxonomy":"post_tag","embeddable":true,"href":"https:\/\/municipalidadalhue.cl\/portal\/wp-json\/wp\/v2\/tags?post=17645"}],"curies":[{"name":"wp","href":"https:\/\/api.w.org\/{rel}","templated":true}]}}