{"id":17842,"date":"2024-01-25T20:22:26","date_gmt":"2024-01-25T20:22:26","guid":{"rendered":"https:\/\/municipalidadalhue.cl\/portal\/?p=17842"},"modified":"2024-01-25T20:22:26","modified_gmt":"2024-01-25T20:22:26","slug":"en-conversatorio-con-vecinos-y-vecinas-de-alhue-se-dieron-a-conocer-avances-en-obras-del-nuevo-hospital-san-jose-de-melipilla","status":"publish","type":"post","link":"https:\/\/municipalidadalhue.cl\/portal\/en-conversatorio-con-vecinos-y-vecinas-de-alhue-se-dieron-a-conocer-avances-en-obras-del-nuevo-hospital-san-jose-de-melipilla\/","title":{"rendered":"En conversatorio con vecinos y vecinas de Alhu\u00e9 se dieron a conocer avances en obras del nuevo Hospital San Jos\u00e9 de Melipilla"},"content":{"rendered":"<p>El equipo de Gesti\u00f3n del Cambio del Nuevo Hospital de Melipilla realiz\u00f3 una jornada de conversaci\u00f3n con dirigentes, organizaciones sociales y representantes de la comunidad de Alhu\u00e9 para presentar aspectos relevantes del nuevo Hospital San Jos\u00e9 de Melipilla (HSJM).<\/p>\n<p>En la ocasi\u00f3n particip\u00f3 en representaci\u00f3n del Alcalde Roberto Torres Huerta, el director del Departamento de Salud, Flavio Quintana; los concejales Carmen Gloria Espinoza y Roberto Aravena; adem\u00e1s de representantes del Consejo Consultivo de Salud de Alhu\u00e9, dirigentes sociales, vecinas y vecinos.<\/p>\n<p>En la actividad el psic\u00f3logo Juan Luis Navea, encargado de la Unidad de Gesti\u00f3n del Cambio HSJM realiz\u00f3 una presentaci\u00f3n, presentando los principales avances y cambios que tendr\u00e1 el nuevo recinto m\u00e9dico.<\/p>\n<p>Por su parte el Director del HSJM, Dr. Oscar Vargas Duranti, respondi\u00f3 preguntas y aclar\u00f3 dudas de los presentes, poniendo \u00e9nfasis en que este establecimiento de salud tendr\u00e1 mayor resoluci\u00f3n que el actual hospital, y m\u00e1s espacio en su infraestructura, para entregar una atenci\u00f3n m\u00e1s c\u00f3moda. Este futuro recinto asistencial brindar\u00e1 atenci\u00f3n de salud a usuarios de las comunas de Melipilla, Alhu\u00e9 Mar\u00eda Pinto y San Pedro.<\/p>\n<div id='gallery-1' class='gallery galleryid-17842 gallery-columns-3 gallery-size-thumbnail'><figure class='gallery-item'>\n\t\t\t<div class='gallery-icon landscape'>\n\t\t\t\t<a href='https:\/\/municipalidadalhue.cl\/portal\/en-conversatorio-con-vecinos-y-vecinas-de-alhue-se-dieron-a-conocer-avances-en-obras-del-nuevo-hospital-san-jose-de-melipilla\/dsc_0000-18\/'><img fetchpriority=\"high\" decoding=\"async\" width=\"500\" height=\"280\" src=\"https:\/\/municipalidadalhue.cl\/portal\/wp-content\/uploads\/2024\/01\/DSC_0000-1-500x280.jpg\" class=\"attachment-thumbnail size-thumbnail\" alt=\"\" \/><\/a>\n\t\t\t<\/div><\/figure><figure class='gallery-item'>\n\t\t\t<div class='gallery-icon landscape'>\n\t\t\t\t<a href='https:\/\/municipalidadalhue.cl\/portal\/en-conversatorio-con-vecinos-y-vecinas-de-alhue-se-dieron-a-conocer-avances-en-obras-del-nuevo-hospital-san-jose-de-melipilla\/dsc_0004-21\/'><img decoding=\"async\" width=\"500\" height=\"280\" src=\"https:\/\/municipalidadalhue.cl\/portal\/wp-content\/uploads\/2024\/01\/DSC_0004-500x280.jpg\" class=\"attachment-thumbnail size-thumbnail\" alt=\"\" \/><\/a>\n\t\t\t<\/div><\/figure><figure class='gallery-item'>\n\t\t\t<div class='gallery-icon landscape'>\n\t\t\t\t<a href='https:\/\/municipalidadalhue.cl\/portal\/en-conversatorio-con-vecinos-y-vecinas-de-alhue-se-dieron-a-conocer-avances-en-obras-del-nuevo-hospital-san-jose-de-melipilla\/dsc_0005-23\/'><img decoding=\"async\" width=\"500\" height=\"280\" src=\"https:\/\/municipalidadalhue.cl\/portal\/wp-content\/uploads\/2024\/01\/DSC_0005-500x280.jpg\" class=\"attachment-thumbnail size-thumbnail\" alt=\"\" \/><\/a>\n\t\t\t<\/div><\/figure><figure class='gallery-item'>\n\t\t\t<div class='gallery-icon landscape'>\n\t\t\t\t<a href='https:\/\/municipalidadalhue.cl\/portal\/en-conversatorio-con-vecinos-y-vecinas-de-alhue-se-dieron-a-conocer-avances-en-obras-del-nuevo-hospital-san-jose-de-melipilla\/dsc_0007-22\/'><img loading=\"lazy\" decoding=\"async\" width=\"500\" height=\"280\" src=\"https:\/\/municipalidadalhue.cl\/portal\/wp-content\/uploads\/2024\/01\/DSC_0007-500x280.jpg\" class=\"attachment-thumbnail size-thumbnail\" alt=\"\" \/><\/a>\n\t\t\t<\/div><\/figure><figure class='gallery-item'>\n\t\t\t<div class='gallery-icon landscape'>\n\t\t\t\t<a href='https:\/\/municipalidadalhue.cl\/portal\/en-conversatorio-con-vecinos-y-vecinas-de-alhue-se-dieron-a-conocer-avances-en-obras-del-nuevo-hospital-san-jose-de-melipilla\/dsc_0008-24\/'><img loading=\"lazy\" decoding=\"async\" width=\"500\" height=\"280\" src=\"https:\/\/municipalidadalhue.cl\/portal\/wp-content\/uploads\/2024\/01\/DSC_0008-500x280.jpg\" class=\"attachment-thumbnail size-thumbnail\" alt=\"\" \/><\/a>\n\t\t\t<\/div><\/figure><figure class='gallery-item'>\n\t\t\t<div class='gallery-icon landscape'>\n\t\t\t\t<a href='https:\/\/municipalidadalhue.cl\/portal\/en-conversatorio-con-vecinos-y-vecinas-de-alhue-se-dieron-a-conocer-avances-en-obras-del-nuevo-hospital-san-jose-de-melipilla\/dsc_0010-16\/'><img loading=\"lazy\" decoding=\"async\" width=\"500\" height=\"280\" src=\"https:\/\/municipalidadalhue.cl\/portal\/wp-content\/uploads\/2024\/01\/DSC_0010-2-500x280.jpg\" class=\"attachment-thumbnail size-thumbnail\" alt=\"\" \/><\/a>\n\t\t\t<\/div><\/figure><figure class='gallery-item'>\n\t\t\t<div class='gallery-icon landscape'>\n\t\t\t\t<a href='https:\/\/municipalidadalhue.cl\/portal\/en-conversatorio-con-vecinos-y-vecinas-de-alhue-se-dieron-a-conocer-avances-en-obras-del-nuevo-hospital-san-jose-de-melipilla\/dsc_0011-23\/'><img loading=\"lazy\" decoding=\"async\" width=\"500\" height=\"280\" src=\"https:\/\/municipalidadalhue.cl\/portal\/wp-content\/uploads\/2024\/01\/DSC_0011-500x280.jpg\" class=\"attachment-thumbnail size-thumbnail\" alt=\"\" \/><\/a>\n\t\t\t<\/div><\/figure><figure class='gallery-item'>\n\t\t\t<div class='gallery-icon landscape'>\n\t\t\t\t<a href='https:\/\/municipalidadalhue.cl\/portal\/en-conversatorio-con-vecinos-y-vecinas-de-alhue-se-dieron-a-conocer-avances-en-obras-del-nuevo-hospital-san-jose-de-melipilla\/dsc_0012-19\/'><img loading=\"lazy\" decoding=\"async\" width=\"500\" height=\"280\" src=\"https:\/\/municipalidadalhue.cl\/portal\/wp-content\/uploads\/2024\/01\/DSC_0012-500x280.jpg\" class=\"attachment-thumbnail size-thumbnail\" alt=\"\" \/><\/a>\n\t\t\t<\/div><\/figure><figure class='gallery-item'>\n\t\t\t<div class='gallery-icon landscape'>\n\t\t\t\t<a href='https:\/\/municipalidadalhue.cl\/portal\/en-conversatorio-con-vecinos-y-vecinas-de-alhue-se-dieron-a-conocer-avances-en-obras-del-nuevo-hospital-san-jose-de-melipilla\/dsc_0015-21\/'><img loading=\"lazy\" decoding=\"async\" width=\"500\" height=\"280\" src=\"https:\/\/municipalidadalhue.cl\/portal\/wp-content\/uploads\/2024\/01\/DSC_0015-500x280.jpg\" class=\"attachment-thumbnail size-thumbnail\" alt=\"\" \/><\/a>\n\t\t\t<\/div><\/figure><figure class='gallery-item'>\n\t\t\t<div class='gallery-icon landscape'>\n\t\t\t\t<a href='https:\/\/municipalidadalhue.cl\/portal\/en-conversatorio-con-vecinos-y-vecinas-de-alhue-se-dieron-a-conocer-avances-en-obras-del-nuevo-hospital-san-jose-de-melipilla\/dsc_0016-23\/'><img loading=\"lazy\" decoding=\"async\" width=\"500\" height=\"280\" src=\"https:\/\/municipalidadalhue.cl\/portal\/wp-content\/uploads\/2024\/01\/DSC_0016-1-500x280.jpg\" class=\"attachment-thumbnail size-thumbnail\" alt=\"\" \/><\/a>\n\t\t\t<\/div><\/figure><figure class='gallery-item'>\n\t\t\t<div class='gallery-icon landscape'>\n\t\t\t\t<a href='https:\/\/municipalidadalhue.cl\/portal\/en-conversatorio-con-vecinos-y-vecinas-de-alhue-se-dieron-a-conocer-avances-en-obras-del-nuevo-hospital-san-jose-de-melipilla\/dsc_0018-18\/'><img loading=\"lazy\" decoding=\"async\" width=\"500\" height=\"280\" src=\"https:\/\/municipalidadalhue.cl\/portal\/wp-content\/uploads\/2024\/01\/DSC_0018-1-500x280.jpg\" class=\"attachment-thumbnail size-thumbnail\" alt=\"\" \/><\/a>\n\t\t\t<\/div><\/figure><figure class='gallery-item'>\n\t\t\t<div class='gallery-icon landscape'>\n\t\t\t\t<a href='https:\/\/municipalidadalhue.cl\/portal\/en-conversatorio-con-vecinos-y-vecinas-de-alhue-se-dieron-a-conocer-avances-en-obras-del-nuevo-hospital-san-jose-de-melipilla\/dsc_0019-19\/'><img loading=\"lazy\" decoding=\"async\" width=\"500\" height=\"280\" src=\"https:\/\/municipalidadalhue.cl\/portal\/wp-content\/uploads\/2024\/01\/DSC_0019-500x280.jpg\" class=\"attachment-thumbnail size-thumbnail\" alt=\"\" \/><\/a>\n\t\t\t<\/div><\/figure><figure class='gallery-item'>\n\t\t\t<div class='gallery-icon landscape'>\n\t\t\t\t<a href='https:\/\/municipalidadalhue.cl\/portal\/en-conversatorio-con-vecinos-y-vecinas-de-alhue-se-dieron-a-conocer-avances-en-obras-del-nuevo-hospital-san-jose-de-melipilla\/dsc_0022-14\/'><img loading=\"lazy\" decoding=\"async\" width=\"500\" height=\"280\" src=\"https:\/\/municipalidadalhue.cl\/portal\/wp-content\/uploads\/2024\/01\/DSC_0022-1-500x280.jpg\" class=\"attachment-thumbnail size-thumbnail\" alt=\"\" \/><\/a>\n\t\t\t<\/div><\/figure><figure class='gallery-item'>\n\t\t\t<div class='gallery-icon landscape'>\n\t\t\t\t<a href='https:\/\/municipalidadalhue.cl\/portal\/en-conversatorio-con-vecinos-y-vecinas-de-alhue-se-dieron-a-conocer-avances-en-obras-del-nuevo-hospital-san-jose-de-melipilla\/dsc_0025-10\/'><img loading=\"lazy\" decoding=\"async\" width=\"500\" height=\"280\" src=\"https:\/\/municipalidadalhue.cl\/portal\/wp-content\/uploads\/2024\/01\/DSC_0025-1-500x280.jpg\" class=\"attachment-thumbnail size-thumbnail\" alt=\"\" \/><\/a>\n\t\t\t<\/div><\/figure><figure class='gallery-item'>\n\t\t\t<div class='gallery-icon landscape'>\n\t\t\t\t<a href='https:\/\/municipalidadalhue.cl\/portal\/en-conversatorio-con-vecinos-y-vecinas-de-alhue-se-dieron-a-conocer-avances-en-obras-del-nuevo-hospital-san-jose-de-melipilla\/dsc_0031-14\/'><img loading=\"lazy\" decoding=\"async\" width=\"500\" height=\"280\" src=\"https:\/\/municipalidadalhue.cl\/portal\/wp-content\/uploads\/2024\/01\/DSC_0031-1-500x280.jpg\" class=\"attachment-thumbnail size-thumbnail\" alt=\"\" \/><\/a>\n\t\t\t<\/div><\/figure>\n\t\t<\/div>\n\n","protected":false},"excerpt":{"rendered":"<p>El equipo de Gesti\u00f3n del Cambio del Nuevo Hospital de Melipilla realiz\u00f3 una jornada de conversaci\u00f3n con dirigentes, organizaciones sociales y representantes de la comunidad de Alhu\u00e9 para presentar aspectos relevantes del nuevo Hospital San Jos\u00e9 de Melipilla (HSJM). En la ocasi\u00f3n particip\u00f3 en representaci\u00f3n del Alcalde Roberto Torres Huerta, el director del Departamento de Salud, Flavio Quintana; los concejales Carmen Gloria Espinoza y Roberto Aravena; adem\u00e1s de representantes del Consejo Consultivo de Salud de Alhu\u00e9, dirigentes sociales, vecinas y vecinos. En la actividad el psic\u00f3logo Juan Luis Navea, encargado&hellip;<\/p>\n","protected":false},"author":1,"featured_media":17843,"comment_status":"closed","ping_status":"closed","sticky":false,"template":"","format":"standard","meta":{"footnotes":""},"categories":[4,5,8],"tags":[],"class_list":["post-17842","post","type-post","status-publish","format-standard","has-post-thumbnail","hentry","category-comunidad","category-concejo","category-noticia"],"_links":{"self":[{"href":"https:\/\/municipalidadalhue.cl\/portal\/wp-json\/wp\/v2\/posts\/17842","targetHints":{"allow":["GET"]}}],"collection":[{"href":"https:\/\/municipalidadalhue.cl\/portal\/wp-json\/wp\/v2\/posts"}],"about":[{"href":"https:\/\/municipalidadalhue.cl\/portal\/wp-json\/wp\/v2\/types\/post"}],"author":[{"embeddable":true,"href":"https:\/\/municipalidadalhue.cl\/portal\/wp-json\/wp\/v2\/users\/1"}],"replies":[{"embeddable":true,"href":"https:\/\/municipalidadalhue.cl\/portal\/wp-json\/wp\/v2\/comments?post=17842"}],"version-history":[{"count":1,"href":"https:\/\/municipalidadalhue.cl\/portal\/wp-json\/wp\/v2\/posts\/17842\/revisions"}],"predecessor-version":[{"id":17859,"href":"https:\/\/municipalidadalhue.cl\/portal\/wp-json\/wp\/v2\/posts\/17842\/revisions\/17859"}],"wp:featuredmedia":[{"embeddable":true,"href":"https:\/\/municipalidadalhue.cl\/portal\/wp-json\/wp\/v2\/media\/17843"}],"wp:attachment":[{"href":"https:\/\/municipalidadalhue.cl\/portal\/wp-json\/wp\/v2\/media?parent=17842"}],"wp:term":[{"taxonomy":"category","embeddable":true,"href":"https:\/\/municipalidadalhue.cl\/portal\/wp-json\/wp\/v2\/categories?post=17842"},{"taxonomy":"post_tag","embeddable":true,"href":"https:\/\/municipalidadalhue.cl\/portal\/wp-json\/wp\/v2\/tags?post=17842"}],"curies":[{"name":"wp","href":"https:\/\/api.w.org\/{rel}","templated":true}]}}