{"id":17910,"date":"2024-02-22T18:08:10","date_gmt":"2024-02-22T18:08:10","guid":{"rendered":"https:\/\/municipalidadalhue.cl\/portal\/?p=17910"},"modified":"2024-02-22T18:08:10","modified_gmt":"2024-02-22T18:08:10","slug":"vecinas-de-alhue-fueron-beneficiadas-con-el-programa-emprende-semilla-del-fosis","status":"publish","type":"post","link":"https:\/\/municipalidadalhue.cl\/portal\/vecinas-de-alhue-fueron-beneficiadas-con-el-programa-emprende-semilla-del-fosis\/","title":{"rendered":"Vecinas de Alhu\u00e9 fueron beneficiadas con el programa Emprende Semilla del FOSIS"},"content":{"rendered":"<p>El 22 de febrero se llev\u00f3 a cabo en el Sal\u00f3n del Estadio Municipal el cierre del programa Emprende Semilla del FOSIS, donde fueron beneficiadas 20 mujeres emprendedoras de Alhu\u00e9.<\/p>\n<p>La Directora Regional del FOSIS, Silvia Ferrada Espinoza, particip\u00f3 de la ceremonia, resaltando el inter\u00e9s y responsabilidad de este grupo de vecinas, quienes han recibido las ayudas t\u00e9cnicas, aporte econ\u00f3mico y acompa\u00f1amiento para sus emprendimientos.<\/p>\n<p>Cabe destacar, que en la cita tambi\u00e9n estuvo presente la Delegada Provincial, Sandra Saavedra, y por parte del municipio estuvieron Joselyn Castillo en representaci\u00f3n de DIDECO y Alejandra Contreras del Programa Familias de la Oficina Social de nuestra municipalidad.<\/p>\n<div id='gallery-1' class='gallery galleryid-17910 gallery-columns-3 gallery-size-thumbnail'><figure class='gallery-item'>\n\t\t\t<div class='gallery-icon landscape'>\n\t\t\t\t<a href='https:\/\/municipalidadalhue.cl\/portal\/vecinas-de-alhue-fueron-beneficiadas-con-el-programa-emprende-semilla-del-fosis\/dsc_0005-24\/'><img fetchpriority=\"high\" decoding=\"async\" width=\"500\" height=\"280\" src=\"https:\/\/municipalidadalhue.cl\/portal\/wp-content\/uploads\/2024\/02\/DSC_0005-500x280.jpg\" class=\"attachment-thumbnail size-thumbnail\" alt=\"\" \/><\/a>\n\t\t\t<\/div><\/figure><figure class='gallery-item'>\n\t\t\t<div class='gallery-icon landscape'>\n\t\t\t\t<a href='https:\/\/municipalidadalhue.cl\/portal\/vecinas-de-alhue-fueron-beneficiadas-con-el-programa-emprende-semilla-del-fosis\/dsc_0008-25\/'><img decoding=\"async\" width=\"500\" height=\"280\" src=\"https:\/\/municipalidadalhue.cl\/portal\/wp-content\/uploads\/2024\/02\/DSC_0008-500x280.jpg\" class=\"attachment-thumbnail size-thumbnail\" alt=\"\" \/><\/a>\n\t\t\t<\/div><\/figure><figure class='gallery-item'>\n\t\t\t<div class='gallery-icon landscape'>\n\t\t\t\t<a href='https:\/\/municipalidadalhue.cl\/portal\/vecinas-de-alhue-fueron-beneficiadas-con-el-programa-emprende-semilla-del-fosis\/dsc_0011-24\/'><img decoding=\"async\" width=\"500\" height=\"280\" src=\"https:\/\/municipalidadalhue.cl\/portal\/wp-content\/uploads\/2024\/02\/DSC_0011-500x280.jpg\" class=\"attachment-thumbnail size-thumbnail\" alt=\"\" \/><\/a>\n\t\t\t<\/div><\/figure><figure class='gallery-item'>\n\t\t\t<div class='gallery-icon landscape'>\n\t\t\t\t<a href='https:\/\/municipalidadalhue.cl\/portal\/vecinas-de-alhue-fueron-beneficiadas-con-el-programa-emprende-semilla-del-fosis\/dsc_0022-15\/'><img loading=\"lazy\" decoding=\"async\" width=\"500\" height=\"280\" src=\"https:\/\/municipalidadalhue.cl\/portal\/wp-content\/uploads\/2024\/02\/DSC_0022-500x280.jpg\" class=\"attachment-thumbnail size-thumbnail\" alt=\"\" \/><\/a>\n\t\t\t<\/div><\/figure><figure class='gallery-item'>\n\t\t\t<div class='gallery-icon landscape'>\n\t\t\t\t<a href='https:\/\/municipalidadalhue.cl\/portal\/vecinas-de-alhue-fueron-beneficiadas-con-el-programa-emprende-semilla-del-fosis\/dsc_0032-10\/'><img loading=\"lazy\" decoding=\"async\" width=\"500\" height=\"280\" src=\"https:\/\/municipalidadalhue.cl\/portal\/wp-content\/uploads\/2024\/02\/DSC_0032-500x280.jpg\" class=\"attachment-thumbnail size-thumbnail\" alt=\"\" \/><\/a>\n\t\t\t<\/div><\/figure><figure class='gallery-item'>\n\t\t\t<div class='gallery-icon landscape'>\n\t\t\t\t<a href='https:\/\/municipalidadalhue.cl\/portal\/vecinas-de-alhue-fueron-beneficiadas-con-el-programa-emprende-semilla-del-fosis\/dsc_0043-15\/'><img loading=\"lazy\" decoding=\"async\" width=\"500\" height=\"280\" src=\"https:\/\/municipalidadalhue.cl\/portal\/wp-content\/uploads\/2024\/02\/DSC_0043-500x280.jpg\" class=\"attachment-thumbnail size-thumbnail\" alt=\"\" \/><\/a>\n\t\t\t<\/div><\/figure><figure class='gallery-item'>\n\t\t\t<div class='gallery-icon landscape'>\n\t\t\t\t<a href='https:\/\/municipalidadalhue.cl\/portal\/vecinas-de-alhue-fueron-beneficiadas-con-el-programa-emprende-semilla-del-fosis\/dsc_0047-14\/'><img loading=\"lazy\" decoding=\"async\" width=\"500\" height=\"280\" src=\"https:\/\/municipalidadalhue.cl\/portal\/wp-content\/uploads\/2024\/02\/DSC_0047-500x280.jpg\" class=\"attachment-thumbnail size-thumbnail\" alt=\"\" \/><\/a>\n\t\t\t<\/div><\/figure><figure class='gallery-item'>\n\t\t\t<div class='gallery-icon landscape'>\n\t\t\t\t<a href='https:\/\/municipalidadalhue.cl\/portal\/vecinas-de-alhue-fueron-beneficiadas-con-el-programa-emprende-semilla-del-fosis\/dsc_0050-8\/'><img loading=\"lazy\" decoding=\"async\" width=\"500\" height=\"280\" src=\"https:\/\/municipalidadalhue.cl\/portal\/wp-content\/uploads\/2024\/02\/DSC_0050-500x280.jpg\" class=\"attachment-thumbnail size-thumbnail\" alt=\"\" \/><\/a>\n\t\t\t<\/div><\/figure><figure class='gallery-item'>\n\t\t\t<div class='gallery-icon landscape'>\n\t\t\t\t<a href='https:\/\/municipalidadalhue.cl\/portal\/vecinas-de-alhue-fueron-beneficiadas-con-el-programa-emprende-semilla-del-fosis\/dsc_0065-6\/'><img loading=\"lazy\" decoding=\"async\" width=\"500\" height=\"280\" src=\"https:\/\/municipalidadalhue.cl\/portal\/wp-content\/uploads\/2024\/02\/DSC_0065-500x280.jpg\" class=\"attachment-thumbnail size-thumbnail\" alt=\"\" \/><\/a>\n\t\t\t<\/div><\/figure>\n\t\t<\/div>\n\n","protected":false},"excerpt":{"rendered":"<p>El 22 de febrero se llev\u00f3 a cabo en el Sal\u00f3n del Estadio Municipal el cierre del programa Emprende Semilla del FOSIS, donde fueron beneficiadas 20 mujeres emprendedoras de Alhu\u00e9. La Directora Regional del FOSIS, Silvia Ferrada Espinoza, particip\u00f3 de la ceremonia, resaltando el inter\u00e9s y responsabilidad de este grupo de vecinas, quienes han recibido las ayudas t\u00e9cnicas, aporte econ\u00f3mico y acompa\u00f1amiento para sus emprendimientos. Cabe destacar, que en la cita tambi\u00e9n estuvo presente la Delegada Provincial, Sandra Saavedra, y por parte del municipio estuvieron Joselyn Castillo en representaci\u00f3n de&hellip;<\/p>\n","protected":false},"author":1,"featured_media":17911,"comment_status":"closed","ping_status":"closed","sticky":false,"template":"","format":"standard","meta":{"footnotes":""},"categories":[4,8],"tags":[],"class_list":["post-17910","post","type-post","status-publish","format-standard","has-post-thumbnail","hentry","category-comunidad","category-noticia"],"_links":{"self":[{"href":"https:\/\/municipalidadalhue.cl\/portal\/wp-json\/wp\/v2\/posts\/17910","targetHints":{"allow":["GET"]}}],"collection":[{"href":"https:\/\/municipalidadalhue.cl\/portal\/wp-json\/wp\/v2\/posts"}],"about":[{"href":"https:\/\/municipalidadalhue.cl\/portal\/wp-json\/wp\/v2\/types\/post"}],"author":[{"embeddable":true,"href":"https:\/\/municipalidadalhue.cl\/portal\/wp-json\/wp\/v2\/users\/1"}],"replies":[{"embeddable":true,"href":"https:\/\/municipalidadalhue.cl\/portal\/wp-json\/wp\/v2\/comments?post=17910"}],"version-history":[{"count":1,"href":"https:\/\/municipalidadalhue.cl\/portal\/wp-json\/wp\/v2\/posts\/17910\/revisions"}],"predecessor-version":[{"id":17921,"href":"https:\/\/municipalidadalhue.cl\/portal\/wp-json\/wp\/v2\/posts\/17910\/revisions\/17921"}],"wp:featuredmedia":[{"embeddable":true,"href":"https:\/\/municipalidadalhue.cl\/portal\/wp-json\/wp\/v2\/media\/17911"}],"wp:attachment":[{"href":"https:\/\/municipalidadalhue.cl\/portal\/wp-json\/wp\/v2\/media?parent=17910"}],"wp:term":[{"taxonomy":"category","embeddable":true,"href":"https:\/\/municipalidadalhue.cl\/portal\/wp-json\/wp\/v2\/categories?post=17910"},{"taxonomy":"post_tag","embeddable":true,"href":"https:\/\/municipalidadalhue.cl\/portal\/wp-json\/wp\/v2\/tags?post=17910"}],"curies":[{"name":"wp","href":"https:\/\/api.w.org\/{rel}","templated":true}]}}