{"id":17959,"date":"2024-03-11T15:47:42","date_gmt":"2024-03-11T15:47:42","guid":{"rendered":"https:\/\/municipalidadalhue.cl\/portal\/?p=17959"},"modified":"2024-03-11T17:57:41","modified_gmt":"2024-03-11T17:57:41","slug":"con-gran-participacion-se-desarrollo-conmemoracion-del-dia-internacional-de-la-mujer-en-alhue","status":"publish","type":"post","link":"https:\/\/municipalidadalhue.cl\/portal\/con-gran-participacion-se-desarrollo-conmemoracion-del-dia-internacional-de-la-mujer-en-alhue\/","title":{"rendered":"Con gran participaci\u00f3n se desarroll\u00f3 conmemoraci\u00f3n del D\u00eda Internacional de la Mujer en Alhu\u00e9"},"content":{"rendered":"<p>Con la presencia de m\u00e1s de 1.500 personas se llev\u00f3 a cabo en el Parque Comunal las actividades por la conmemoraci\u00f3n del D\u00eda Internacional de la Mujer en Alhu\u00e9.<\/p>\n<p>Las mujeres que se hicieron parte de esta cita se encontraron con stands de diversos servicios como peluquer\u00eda, masoterapia, limpieza facial y manicure, adem\u00e1s de disfrutar de empanadas y exquisitas tortas, todo de forma absolutamente gratuita.<\/p>\n<p>Asimismo, se realizaron grandes presentaciones art\u00edsticas, con todo el ritmo y el ax\u00e9 a cargo de Fabricio Vasconcelos, adem\u00e1s de las rancheras y la alegr\u00eda de Mar\u00eda Jos\u00e9 Quintanilla, que hizo cantar a todas las asistentes, adem\u00e1s de una clase de Zumba a cargo del \u201cprofe\u201d Rafael Galleguillos.<\/p>\n<p>Cabe destacar, que en la conmemoraci\u00f3n del D\u00eda Internacional de la Mujer en Alhu\u00e9 estuvo presente el Alcalde Roberto Torres Huerta, adem\u00e1s de los concejales Carmen Gloria Espinoza, Roberto Aravena y \u00c1lex Riquelme, quienes destacaron la importancia del g\u00e9nero femenino, garantizando sus derechos y mayores oportunidades en Alhu\u00e9.<\/p>\n<p>Desde nuestro municipio agradecemos la participaci\u00f3n de vecinas y familias que participaron de esta conmemoraci\u00f3n, adem\u00e1s de destacar el trabajo de funcionarias y funcionarios municipales, para que esta jornada se realizar\u00e1 de la mejor manera.<\/p>\n<div id='gallery-1' class='gallery galleryid-17959 gallery-columns-3 gallery-size-thumbnail'><figure class='gallery-item'>\n\t\t\t<div class='gallery-icon landscape'>\n\t\t\t\t<a href='https:\/\/municipalidadalhue.cl\/portal\/con-gran-participacion-se-desarrollo-conmemoracion-del-dia-internacional-de-la-mujer-en-alhue\/dsc_0004-23\/'><img fetchpriority=\"high\" decoding=\"async\" width=\"500\" height=\"280\" src=\"https:\/\/municipalidadalhue.cl\/portal\/wp-content\/uploads\/2024\/03\/DSC_0004-1-500x280.jpg\" class=\"attachment-thumbnail size-thumbnail\" alt=\"\" \/><\/a>\n\t\t\t<\/div><\/figure><figure class='gallery-item'>\n\t\t\t<div class='gallery-icon landscape'>\n\t\t\t\t<a href='https:\/\/municipalidadalhue.cl\/portal\/con-gran-participacion-se-desarrollo-conmemoracion-del-dia-internacional-de-la-mujer-en-alhue\/dsc_0007-23\/'><img decoding=\"async\" width=\"500\" height=\"280\" src=\"https:\/\/municipalidadalhue.cl\/portal\/wp-content\/uploads\/2024\/03\/DSC_0007-500x280.jpg\" class=\"attachment-thumbnail size-thumbnail\" alt=\"\" \/><\/a>\n\t\t\t<\/div><\/figure><figure class='gallery-item'>\n\t\t\t<div class='gallery-icon landscape'>\n\t\t\t\t<a href='https:\/\/municipalidadalhue.cl\/portal\/con-gran-participacion-se-desarrollo-conmemoracion-del-dia-internacional-de-la-mujer-en-alhue\/dsc_0009-19\/'><img decoding=\"async\" width=\"500\" height=\"280\" src=\"https:\/\/municipalidadalhue.cl\/portal\/wp-content\/uploads\/2024\/03\/DSC_0009-500x280.jpg\" class=\"attachment-thumbnail size-thumbnail\" alt=\"\" \/><\/a>\n\t\t\t<\/div><\/figure><figure class='gallery-item'>\n\t\t\t<div class='gallery-icon landscape'>\n\t\t\t\t<a href='https:\/\/municipalidadalhue.cl\/portal\/con-gran-participacion-se-desarrollo-conmemoracion-del-dia-internacional-de-la-mujer-en-alhue\/dsc_0011-25\/'><img loading=\"lazy\" decoding=\"async\" width=\"500\" height=\"280\" src=\"https:\/\/municipalidadalhue.cl\/portal\/wp-content\/uploads\/2024\/03\/DSC_0011-500x280.jpg\" class=\"attachment-thumbnail size-thumbnail\" alt=\"\" \/><\/a>\n\t\t\t<\/div><\/figure><figure class='gallery-item'>\n\t\t\t<div class='gallery-icon landscape'>\n\t\t\t\t<a href='https:\/\/municipalidadalhue.cl\/portal\/con-gran-participacion-se-desarrollo-conmemoracion-del-dia-internacional-de-la-mujer-en-alhue\/dsc_0013-15\/'><img loading=\"lazy\" decoding=\"async\" width=\"500\" height=\"280\" src=\"https:\/\/municipalidadalhue.cl\/portal\/wp-content\/uploads\/2024\/03\/DSC_0013-500x280.jpg\" class=\"attachment-thumbnail size-thumbnail\" alt=\"\" \/><\/a>\n\t\t\t<\/div><\/figure><figure class='gallery-item'>\n\t\t\t<div class='gallery-icon landscape'>\n\t\t\t\t<a href='https:\/\/municipalidadalhue.cl\/portal\/con-gran-participacion-se-desarrollo-conmemoracion-del-dia-internacional-de-la-mujer-en-alhue\/dsc_0018-19\/'><img loading=\"lazy\" decoding=\"async\" width=\"500\" height=\"280\" src=\"https:\/\/municipalidadalhue.cl\/portal\/wp-content\/uploads\/2024\/03\/DSC_0018-500x280.jpg\" class=\"attachment-thumbnail size-thumbnail\" alt=\"\" \/><\/a>\n\t\t\t<\/div><\/figure><figure class='gallery-item'>\n\t\t\t<div class='gallery-icon landscape'>\n\t\t\t\t<a href='https:\/\/municipalidadalhue.cl\/portal\/con-gran-participacion-se-desarrollo-conmemoracion-del-dia-internacional-de-la-mujer-en-alhue\/dsc_0021-17\/'><img loading=\"lazy\" decoding=\"async\" width=\"500\" height=\"280\" src=\"https:\/\/municipalidadalhue.cl\/portal\/wp-content\/uploads\/2024\/03\/DSC_0021-500x280.jpg\" class=\"attachment-thumbnail size-thumbnail\" alt=\"\" \/><\/a>\n\t\t\t<\/div><\/figure><figure class='gallery-item'>\n\t\t\t<div class='gallery-icon landscape'>\n\t\t\t\t<a href='https:\/\/municipalidadalhue.cl\/portal\/con-gran-participacion-se-desarrollo-conmemoracion-del-dia-internacional-de-la-mujer-en-alhue\/dsc_0027-12\/'><img loading=\"lazy\" decoding=\"async\" width=\"500\" height=\"280\" src=\"https:\/\/municipalidadalhue.cl\/portal\/wp-content\/uploads\/2024\/03\/DSC_0027-500x280.jpg\" class=\"attachment-thumbnail size-thumbnail\" alt=\"\" \/><\/a>\n\t\t\t<\/div><\/figure><figure class='gallery-item'>\n\t\t\t<div class='gallery-icon landscape'>\n\t\t\t\t<a href='https:\/\/municipalidadalhue.cl\/portal\/con-gran-participacion-se-desarrollo-conmemoracion-del-dia-internacional-de-la-mujer-en-alhue\/dsc_0030-14\/'><img loading=\"lazy\" decoding=\"async\" width=\"500\" height=\"280\" src=\"https:\/\/municipalidadalhue.cl\/portal\/wp-content\/uploads\/2024\/03\/DSC_0030-500x280.jpg\" class=\"attachment-thumbnail size-thumbnail\" alt=\"\" \/><\/a>\n\t\t\t<\/div><\/figure><figure class='gallery-item'>\n\t\t\t<div class='gallery-icon landscape'>\n\t\t\t\t<a href='https:\/\/municipalidadalhue.cl\/portal\/con-gran-participacion-se-desarrollo-conmemoracion-del-dia-internacional-de-la-mujer-en-alhue\/dsc_0034-12\/'><img loading=\"lazy\" decoding=\"async\" width=\"500\" height=\"280\" src=\"https:\/\/municipalidadalhue.cl\/portal\/wp-content\/uploads\/2024\/03\/DSC_0034-500x280.jpg\" class=\"attachment-thumbnail size-thumbnail\" alt=\"\" \/><\/a>\n\t\t\t<\/div><\/figure><figure class='gallery-item'>\n\t\t\t<div class='gallery-icon landscape'>\n\t\t\t\t<a href='https:\/\/municipalidadalhue.cl\/portal\/con-gran-participacion-se-desarrollo-conmemoracion-del-dia-internacional-de-la-mujer-en-alhue\/dsc_0038-13\/'><img loading=\"lazy\" decoding=\"async\" width=\"500\" height=\"280\" src=\"https:\/\/municipalidadalhue.cl\/portal\/wp-content\/uploads\/2024\/03\/DSC_0038-500x280.jpg\" class=\"attachment-thumbnail size-thumbnail\" alt=\"\" \/><\/a>\n\t\t\t<\/div><\/figure><figure class='gallery-item'>\n\t\t\t<div class='gallery-icon landscape'>\n\t\t\t\t<a href='https:\/\/municipalidadalhue.cl\/portal\/con-gran-participacion-se-desarrollo-conmemoracion-del-dia-internacional-de-la-mujer-en-alhue\/dsc_0040-10\/'><img loading=\"lazy\" decoding=\"async\" width=\"500\" height=\"280\" src=\"https:\/\/municipalidadalhue.cl\/portal\/wp-content\/uploads\/2024\/03\/DSC_0040-1-500x280.jpg\" class=\"attachment-thumbnail size-thumbnail\" alt=\"\" \/><\/a>\n\t\t\t<\/div><\/figure><figure class='gallery-item'>\n\t\t\t<div class='gallery-icon landscape'>\n\t\t\t\t<a href='https:\/\/municipalidadalhue.cl\/portal\/con-gran-participacion-se-desarrollo-conmemoracion-del-dia-internacional-de-la-mujer-en-alhue\/dsc_0053-12\/'><img loading=\"lazy\" decoding=\"async\" width=\"500\" height=\"280\" src=\"https:\/\/municipalidadalhue.cl\/portal\/wp-content\/uploads\/2024\/03\/DSC_0053-500x280.jpg\" class=\"attachment-thumbnail size-thumbnail\" alt=\"\" \/><\/a>\n\t\t\t<\/div><\/figure><figure class='gallery-item'>\n\t\t\t<div class='gallery-icon landscape'>\n\t\t\t\t<a href='https:\/\/municipalidadalhue.cl\/portal\/con-gran-participacion-se-desarrollo-conmemoracion-del-dia-internacional-de-la-mujer-en-alhue\/dsc_0058-9\/'><img loading=\"lazy\" decoding=\"async\" width=\"500\" height=\"280\" src=\"https:\/\/municipalidadalhue.cl\/portal\/wp-content\/uploads\/2024\/03\/DSC_0058-500x280.jpg\" class=\"attachment-thumbnail size-thumbnail\" alt=\"\" \/><\/a>\n\t\t\t<\/div><\/figure><figure class='gallery-item'>\n\t\t\t<div class='gallery-icon landscape'>\n\t\t\t\t<a href='https:\/\/municipalidadalhue.cl\/portal\/con-gran-participacion-se-desarrollo-conmemoracion-del-dia-internacional-de-la-mujer-en-alhue\/dsc_0072-7\/'><img loading=\"lazy\" decoding=\"async\" width=\"500\" height=\"280\" src=\"https:\/\/municipalidadalhue.cl\/portal\/wp-content\/uploads\/2024\/03\/DSC_0072-500x280.jpg\" class=\"attachment-thumbnail size-thumbnail\" alt=\"\" \/><\/a>\n\t\t\t<\/div><\/figure><figure class='gallery-item'>\n\t\t\t<div class='gallery-icon landscape'>\n\t\t\t\t<a href='https:\/\/municipalidadalhue.cl\/portal\/con-gran-participacion-se-desarrollo-conmemoracion-del-dia-internacional-de-la-mujer-en-alhue\/dsc_0091-6\/'><img loading=\"lazy\" decoding=\"async\" width=\"500\" height=\"280\" src=\"https:\/\/municipalidadalhue.cl\/portal\/wp-content\/uploads\/2024\/03\/DSC_0091-500x280.jpg\" class=\"attachment-thumbnail size-thumbnail\" alt=\"\" \/><\/a>\n\t\t\t<\/div><\/figure><figure class='gallery-item'>\n\t\t\t<div class='gallery-icon landscape'>\n\t\t\t\t<a href='https:\/\/municipalidadalhue.cl\/portal\/con-gran-participacion-se-desarrollo-conmemoracion-del-dia-internacional-de-la-mujer-en-alhue\/dsc_0109-6\/'><img loading=\"lazy\" decoding=\"async\" width=\"500\" height=\"280\" src=\"https:\/\/municipalidadalhue.cl\/portal\/wp-content\/uploads\/2024\/03\/DSC_0109-500x280.jpg\" class=\"attachment-thumbnail size-thumbnail\" alt=\"\" \/><\/a>\n\t\t\t<\/div><\/figure><figure class='gallery-item'>\n\t\t\t<div class='gallery-icon landscape'>\n\t\t\t\t<a href='https:\/\/municipalidadalhue.cl\/portal\/con-gran-participacion-se-desarrollo-conmemoracion-del-dia-internacional-de-la-mujer-en-alhue\/dsc_0111-3\/'><img loading=\"lazy\" decoding=\"async\" width=\"500\" height=\"280\" src=\"https:\/\/municipalidadalhue.cl\/portal\/wp-content\/uploads\/2024\/03\/DSC_0111-500x280.jpg\" class=\"attachment-thumbnail size-thumbnail\" alt=\"\" \/><\/a>\n\t\t\t<\/div><\/figure><figure class='gallery-item'>\n\t\t\t<div class='gallery-icon landscape'>\n\t\t\t\t<a href='https:\/\/municipalidadalhue.cl\/portal\/con-gran-participacion-se-desarrollo-conmemoracion-del-dia-internacional-de-la-mujer-en-alhue\/dsc_0116-3\/'><img loading=\"lazy\" decoding=\"async\" width=\"500\" height=\"280\" src=\"https:\/\/municipalidadalhue.cl\/portal\/wp-content\/uploads\/2024\/03\/DSC_0116-500x280.jpg\" class=\"attachment-thumbnail size-thumbnail\" alt=\"\" \/><\/a>\n\t\t\t<\/div><\/figure><figure class='gallery-item'>\n\t\t\t<div class='gallery-icon landscape'>\n\t\t\t\t<a href='https:\/\/municipalidadalhue.cl\/portal\/con-gran-participacion-se-desarrollo-conmemoracion-del-dia-internacional-de-la-mujer-en-alhue\/dsc_0124-4\/'><img loading=\"lazy\" decoding=\"async\" width=\"500\" height=\"280\" src=\"https:\/\/municipalidadalhue.cl\/portal\/wp-content\/uploads\/2024\/03\/DSC_0124-500x280.jpg\" class=\"attachment-thumbnail size-thumbnail\" alt=\"\" \/><\/a>\n\t\t\t<\/div><\/figure><figure class='gallery-item'>\n\t\t\t<div class='gallery-icon landscape'>\n\t\t\t\t<a href='https:\/\/municipalidadalhue.cl\/portal\/con-gran-participacion-se-desarrollo-conmemoracion-del-dia-internacional-de-la-mujer-en-alhue\/dsc_0137-5\/'><img loading=\"lazy\" decoding=\"async\" width=\"500\" height=\"280\" src=\"https:\/\/municipalidadalhue.cl\/portal\/wp-content\/uploads\/2024\/03\/DSC_0137-500x280.jpg\" class=\"attachment-thumbnail size-thumbnail\" alt=\"\" \/><\/a>\n\t\t\t<\/div><\/figure><figure class='gallery-item'>\n\t\t\t<div class='gallery-icon landscape'>\n\t\t\t\t<a href='https:\/\/municipalidadalhue.cl\/portal\/con-gran-participacion-se-desarrollo-conmemoracion-del-dia-internacional-de-la-mujer-en-alhue\/dsc_0150-4\/'><img loading=\"lazy\" decoding=\"async\" width=\"500\" height=\"280\" src=\"https:\/\/municipalidadalhue.cl\/portal\/wp-content\/uploads\/2024\/03\/DSC_0150-500x280.jpg\" class=\"attachment-thumbnail size-thumbnail\" alt=\"\" \/><\/a>\n\t\t\t<\/div><\/figure><figure class='gallery-item'>\n\t\t\t<div class='gallery-icon landscape'>\n\t\t\t\t<a href='https:\/\/municipalidadalhue.cl\/portal\/con-gran-participacion-se-desarrollo-conmemoracion-del-dia-internacional-de-la-mujer-en-alhue\/dsc_0154-2\/'><img loading=\"lazy\" decoding=\"async\" width=\"500\" height=\"280\" src=\"https:\/\/municipalidadalhue.cl\/portal\/wp-content\/uploads\/2024\/03\/DSC_0154-500x280.jpg\" class=\"attachment-thumbnail size-thumbnail\" alt=\"\" \/><\/a>\n\t\t\t<\/div><\/figure><figure class='gallery-item'>\n\t\t\t<div class='gallery-icon landscape'>\n\t\t\t\t<a href='https:\/\/municipalidadalhue.cl\/portal\/con-gran-participacion-se-desarrollo-conmemoracion-del-dia-internacional-de-la-mujer-en-alhue\/dsc_0132-4\/'><img loading=\"lazy\" decoding=\"async\" width=\"500\" height=\"280\" src=\"https:\/\/municipalidadalhue.cl\/portal\/wp-content\/uploads\/2024\/03\/DSC_0132-500x280.jpg\" class=\"attachment-thumbnail size-thumbnail\" alt=\"\" \/><\/a>\n\t\t\t<\/div><\/figure>\n\t\t<\/div>\n\n","protected":false},"excerpt":{"rendered":"<p>Con la presencia de m\u00e1s de 1.500 personas se llev\u00f3 a cabo en el Parque Comunal las actividades por la conmemoraci\u00f3n del D\u00eda Internacional de la Mujer en Alhu\u00e9. Las mujeres que se hicieron parte de esta cita se encontraron con stands de diversos servicios como peluquer\u00eda, masoterapia, limpieza facial y manicure, adem\u00e1s de disfrutar de empanadas y exquisitas tortas, todo de forma absolutamente gratuita. Asimismo, se realizaron grandes presentaciones art\u00edsticas, con todo el ritmo y el ax\u00e9 a cargo de Fabricio Vasconcelos, adem\u00e1s de las rancheras y la alegr\u00eda&hellip;<\/p>\n","protected":false},"author":1,"featured_media":17960,"comment_status":"closed","ping_status":"closed","sticky":false,"template":"","format":"standard","meta":{"footnotes":""},"categories":[10,5,8],"tags":[],"class_list":["post-17959","post","type-post","status-publish","format-standard","has-post-thumbnail","hentry","category-alcaldesa","category-concejo","category-noticia"],"_links":{"self":[{"href":"https:\/\/municipalidadalhue.cl\/portal\/wp-json\/wp\/v2\/posts\/17959","targetHints":{"allow":["GET"]}}],"collection":[{"href":"https:\/\/municipalidadalhue.cl\/portal\/wp-json\/wp\/v2\/posts"}],"about":[{"href":"https:\/\/municipalidadalhue.cl\/portal\/wp-json\/wp\/v2\/types\/post"}],"author":[{"embeddable":true,"href":"https:\/\/municipalidadalhue.cl\/portal\/wp-json\/wp\/v2\/users\/1"}],"replies":[{"embeddable":true,"href":"https:\/\/municipalidadalhue.cl\/portal\/wp-json\/wp\/v2\/comments?post=17959"}],"version-history":[{"count":2,"href":"https:\/\/municipalidadalhue.cl\/portal\/wp-json\/wp\/v2\/posts\/17959\/revisions"}],"predecessor-version":[{"id":17986,"href":"https:\/\/municipalidadalhue.cl\/portal\/wp-json\/wp\/v2\/posts\/17959\/revisions\/17986"}],"wp:featuredmedia":[{"embeddable":true,"href":"https:\/\/municipalidadalhue.cl\/portal\/wp-json\/wp\/v2\/media\/17960"}],"wp:attachment":[{"href":"https:\/\/municipalidadalhue.cl\/portal\/wp-json\/wp\/v2\/media?parent=17959"}],"wp:term":[{"taxonomy":"category","embeddable":true,"href":"https:\/\/municipalidadalhue.cl\/portal\/wp-json\/wp\/v2\/categories?post=17959"},{"taxonomy":"post_tag","embeddable":true,"href":"https:\/\/municipalidadalhue.cl\/portal\/wp-json\/wp\/v2\/tags?post=17959"}],"curies":[{"name":"wp","href":"https:\/\/api.w.org\/{rel}","templated":true}]}}