{"id":17990,"date":"2024-03-14T18:09:49","date_gmt":"2024-03-14T18:09:49","guid":{"rendered":"https:\/\/municipalidadalhue.cl\/portal\/?p=17990"},"modified":"2024-03-14T19:49:08","modified_gmt":"2024-03-14T19:49:08","slug":"alhue-participo-del-cierre-del-proyecto-desarrollado-competencias-emprendedoras-en-la-provincia-de-melipilla-del-fosis","status":"publish","type":"post","link":"https:\/\/municipalidadalhue.cl\/portal\/alhue-participo-del-cierre-del-proyecto-desarrollado-competencias-emprendedoras-en-la-provincia-de-melipilla-del-fosis\/","title":{"rendered":"Alhu\u00e9 particip\u00f3 del cierre del proyecto \u00abDesarrollado Competencias Emprendedoras en la Provincia de Melipilla\u00bb del FOSIS"},"content":{"rendered":"<p>Se llev\u00f3 a cabo el cierre del Proyecto \u00abDesarrollado Competencias Emprendedoras en la Provincia de Melipilla\u00bb, del programa Yo Emprendo Semilla del FOSIS (Fondo de Solidaridad e Inversi\u00f3n Social), iniciativa que apoy\u00f3 a 42 usuarios\/as de todas las comunas de la Provincia de Melipilla.<\/p>\n<p>En la jornada estuvo presente en representaci\u00f3n del Concejo Municipal y de nuestro municipio el concejal \u00c1lex Riquelme, adem\u00e1s de la consejera regional Cristina Soto, quienes recalcaron este logro de nuestras vecinas y vecinos.<\/p>\n<p>\u201cLos representantes de Alhu\u00e9 fueron muy buen evaluados, dejaron muy bien puesto el nombre de la comuna. Ellos tienen nuevas herramientas, nuevas formas de trabajar y eso es s\u00faper importante, porque tambi\u00e9n le abren el camino a otros emprendedores en estos programas\u201d, indic\u00f3 el concejal.<\/p>\n<p>Agregando que \u201cquiero destacarlos, y a nombre del Alcalde Roberto Torres y del Concejo Municipal, quiero invitarlos a seguir trabajando, porque siempre el municipio estar\u00e1 presente para que tengan nuevas herramientas y nuevos desaf\u00edos en la vida, como son las microempresas.<\/p>\n<p>Cabe consignar, que el programa Yo Emprendo Semilla del FOSIS est\u00e1 dirigido a personas que tengan una idea de negocio o quieren empezar un emprendimiento, pero que no tienen un trabajo estable o bajo condiciones precarias.<\/p>\n","protected":false},"excerpt":{"rendered":"<p>Se llev\u00f3 a cabo el cierre del Proyecto \u00abDesarrollado Competencias Emprendedoras en la Provincia de Melipilla\u00bb, del programa Yo Emprendo Semilla del FOSIS (Fondo de Solidaridad e Inversi\u00f3n Social), iniciativa que apoy\u00f3 a 42 usuarios\/as de todas las comunas de la Provincia de Melipilla. En la jornada estuvo presente en representaci\u00f3n del Concejo Municipal y de nuestro municipio el concejal \u00c1lex Riquelme, adem\u00e1s de la consejera regional Cristina Soto, quienes recalcaron este logro de nuestras vecinas y vecinos. \u201cLos representantes de Alhu\u00e9 fueron muy buen evaluados, dejaron muy bien puesto&hellip;<\/p>\n","protected":false},"author":1,"featured_media":17993,"comment_status":"closed","ping_status":"closed","sticky":false,"template":"","format":"standard","meta":{"footnotes":""},"categories":[4,5,8],"tags":[],"class_list":["post-17990","post","type-post","status-publish","format-standard","has-post-thumbnail","hentry","category-comunidad","category-concejo","category-noticia"],"_links":{"self":[{"href":"https:\/\/municipalidadalhue.cl\/portal\/wp-json\/wp\/v2\/posts\/17990","targetHints":{"allow":["GET"]}}],"collection":[{"href":"https:\/\/municipalidadalhue.cl\/portal\/wp-json\/wp\/v2\/posts"}],"about":[{"href":"https:\/\/municipalidadalhue.cl\/portal\/wp-json\/wp\/v2\/types\/post"}],"author":[{"embeddable":true,"href":"https:\/\/municipalidadalhue.cl\/portal\/wp-json\/wp\/v2\/users\/1"}],"replies":[{"embeddable":true,"href":"https:\/\/municipalidadalhue.cl\/portal\/wp-json\/wp\/v2\/comments?post=17990"}],"version-history":[{"count":1,"href":"https:\/\/municipalidadalhue.cl\/portal\/wp-json\/wp\/v2\/posts\/17990\/revisions"}],"predecessor-version":[{"id":17992,"href":"https:\/\/municipalidadalhue.cl\/portal\/wp-json\/wp\/v2\/posts\/17990\/revisions\/17992"}],"wp:featuredmedia":[{"embeddable":true,"href":"https:\/\/municipalidadalhue.cl\/portal\/wp-json\/wp\/v2\/media\/17993"}],"wp:attachment":[{"href":"https:\/\/municipalidadalhue.cl\/portal\/wp-json\/wp\/v2\/media?parent=17990"}],"wp:term":[{"taxonomy":"category","embeddable":true,"href":"https:\/\/municipalidadalhue.cl\/portal\/wp-json\/wp\/v2\/categories?post=17990"},{"taxonomy":"post_tag","embeddable":true,"href":"https:\/\/municipalidadalhue.cl\/portal\/wp-json\/wp\/v2\/tags?post=17990"}],"curies":[{"name":"wp","href":"https:\/\/api.w.org\/{rel}","templated":true}]}}