{"id":18065,"date":"2024-04-05T18:16:56","date_gmt":"2024-04-05T18:16:56","guid":{"rendered":"https:\/\/municipalidadalhue.cl\/portal\/?p=18065"},"modified":"2024-04-08T14:03:19","modified_gmt":"2024-04-08T14:03:19","slug":"circo-del-mundo-realizo-espectacular-presentacion-en-alhue","status":"publish","type":"post","link":"https:\/\/municipalidadalhue.cl\/portal\/circo-del-mundo-realizo-espectacular-presentacion-en-alhue\/","title":{"rendered":"Circo del Mundo realiz\u00f3 espectacular presentaci\u00f3n en Alhu\u00e9"},"content":{"rendered":"<p>Con una destacada asistencia se llev\u00f3 a cabo desde el Gimnasio Municipal la presentaci\u00f3n de la obra \u201cLa Voz de los 80\u2019s: entre el miedo y la esperanza\u201d a cargo del Circo del Mundo.<\/p>\n<p>Este espect\u00e1culo se lleg\u00f3 hasta nuestra comuna con el fundamental apoyo de la Ilustre Municipalidad de Alhu\u00e9, quien facilit\u00f3 dependencias municipales para presentar esta destacada obra, la que se materializ\u00f3 por medio del programa: \u2018\u2019Itinerancia de El Circo del Mundo Chile por las 6 provincias de la Regi\u00f3n Metropolitana\u2019\u2019, un proyecto respaldado por el Gobierno de Santiago y financiado a trav\u00e9s del Fondo 8% FNDR.<\/p>\n<p>El Gimnasio Municipal estaba atiborrado de estudiantes del Liceo Sara Troncoso y tambi\u00e9n se cont\u00f3 con la participaci\u00f3n especial del Alcalde Roberto Torres Huerta, los concejales Roberto Aravena y \u00c1lex Riquelme, adem\u00e1s de Fernando Soto, representante del Gobernador de Santiago, Claudio Orrego.<\/p>\n<p>Las autoridades destacaron la alta asistencia en esta jornada art\u00edstica, resaltando que tanto nuestro municipio, como el Gobierno de Santiago, trabajan mancomunadamente para traer todo tipo de iniciativas culturales a nuestra comunidad, as\u00ed como tambi\u00e9n, realizan variados proyectos, ya sea de seguridad ciudadana, recreaci\u00f3n y fomento deportivo, con el prop\u00f3sito de seguir desarrollando a la comuna de Alhu\u00e9.<\/p>\n<p>Cabe destacar, que la obra \u201cLa Voz de los 80\u2019s: entre el miedo y la esperanza\u201d es un espect\u00e1culo circense hacia la memoria, que busca recordar en fragmentos, im\u00e1genes y movimiento, la d\u00e9cada de los 80, donde Chile comienza a perder el miedo, para levantarse con esperanza y fuerza para ser un pa\u00eds libre y democr\u00e1tico.<\/p>\n<p>Asimismo, la m\u00fasica de Los Prisioneros es la banda sonora que acompa\u00f1a y revive los momentos cruciales de esta obra circense.<\/p>\n<div id='gallery-1' class='gallery galleryid-18065 gallery-columns-3 gallery-size-thumbnail'><figure class='gallery-item'>\n\t\t\t<div class='gallery-icon landscape'>\n\t\t\t\t<a href='https:\/\/municipalidadalhue.cl\/portal\/circo-del-mundo-realizo-espectacular-presentacion-en-alhue\/1-70\/'><img fetchpriority=\"high\" decoding=\"async\" width=\"500\" height=\"280\" src=\"https:\/\/municipalidadalhue.cl\/portal\/wp-content\/uploads\/2024\/04\/1-500x280.jpg\" class=\"attachment-thumbnail size-thumbnail\" alt=\"\" \/><\/a>\n\t\t\t<\/div><\/figure><figure class='gallery-item'>\n\t\t\t<div class='gallery-icon landscape'>\n\t\t\t\t<a href='https:\/\/municipalidadalhue.cl\/portal\/circo-del-mundo-realizo-espectacular-presentacion-en-alhue\/img_0371\/'><img decoding=\"async\" width=\"500\" height=\"280\" src=\"https:\/\/municipalidadalhue.cl\/portal\/wp-content\/uploads\/2024\/04\/IMG_0371-500x280.jpg\" class=\"attachment-thumbnail size-thumbnail\" alt=\"\" \/><\/a>\n\t\t\t<\/div><\/figure><figure class='gallery-item'>\n\t\t\t<div class='gallery-icon landscape'>\n\t\t\t\t<a href='https:\/\/municipalidadalhue.cl\/portal\/circo-del-mundo-realizo-espectacular-presentacion-en-alhue\/img_0372\/'><img decoding=\"async\" width=\"500\" height=\"280\" src=\"https:\/\/municipalidadalhue.cl\/portal\/wp-content\/uploads\/2024\/04\/IMG_0372-500x280.jpg\" class=\"attachment-thumbnail size-thumbnail\" alt=\"\" \/><\/a>\n\t\t\t<\/div><\/figure><figure class='gallery-item'>\n\t\t\t<div class='gallery-icon landscape'>\n\t\t\t\t<a href='https:\/\/municipalidadalhue.cl\/portal\/circo-del-mundo-realizo-espectacular-presentacion-en-alhue\/img_0375\/'><img loading=\"lazy\" decoding=\"async\" width=\"500\" height=\"280\" src=\"https:\/\/municipalidadalhue.cl\/portal\/wp-content\/uploads\/2024\/04\/IMG_0375-500x280.jpg\" class=\"attachment-thumbnail size-thumbnail\" alt=\"\" \/><\/a>\n\t\t\t<\/div><\/figure><figure class='gallery-item'>\n\t\t\t<div class='gallery-icon landscape'>\n\t\t\t\t<a href='https:\/\/municipalidadalhue.cl\/portal\/circo-del-mundo-realizo-espectacular-presentacion-en-alhue\/img_0389\/'><img loading=\"lazy\" decoding=\"async\" width=\"500\" height=\"280\" src=\"https:\/\/municipalidadalhue.cl\/portal\/wp-content\/uploads\/2024\/04\/IMG_0389-500x280.jpg\" class=\"attachment-thumbnail size-thumbnail\" alt=\"\" \/><\/a>\n\t\t\t<\/div><\/figure><figure class='gallery-item'>\n\t\t\t<div class='gallery-icon landscape'>\n\t\t\t\t<a href='https:\/\/municipalidadalhue.cl\/portal\/circo-del-mundo-realizo-espectacular-presentacion-en-alhue\/img_0392\/'><img loading=\"lazy\" decoding=\"async\" width=\"500\" height=\"280\" src=\"https:\/\/municipalidadalhue.cl\/portal\/wp-content\/uploads\/2024\/04\/IMG_0392-500x280.jpg\" class=\"attachment-thumbnail size-thumbnail\" alt=\"\" \/><\/a>\n\t\t\t<\/div><\/figure><figure class='gallery-item'>\n\t\t\t<div class='gallery-icon landscape'>\n\t\t\t\t<a href='https:\/\/municipalidadalhue.cl\/portal\/circo-del-mundo-realizo-espectacular-presentacion-en-alhue\/img_0395\/'><img loading=\"lazy\" decoding=\"async\" width=\"500\" height=\"280\" src=\"https:\/\/municipalidadalhue.cl\/portal\/wp-content\/uploads\/2024\/04\/IMG_0395-500x280.jpg\" class=\"attachment-thumbnail size-thumbnail\" alt=\"\" \/><\/a>\n\t\t\t<\/div><\/figure><figure class='gallery-item'>\n\t\t\t<div class='gallery-icon landscape'>\n\t\t\t\t<a href='https:\/\/municipalidadalhue.cl\/portal\/circo-del-mundo-realizo-espectacular-presentacion-en-alhue\/img_0402\/'><img loading=\"lazy\" decoding=\"async\" width=\"500\" height=\"280\" src=\"https:\/\/municipalidadalhue.cl\/portal\/wp-content\/uploads\/2024\/04\/IMG_0402-500x280.jpg\" class=\"attachment-thumbnail size-thumbnail\" alt=\"\" \/><\/a>\n\t\t\t<\/div><\/figure><figure class='gallery-item'>\n\t\t\t<div class='gallery-icon landscape'>\n\t\t\t\t<a href='https:\/\/municipalidadalhue.cl\/portal\/circo-del-mundo-realizo-espectacular-presentacion-en-alhue\/img_0404\/'><img loading=\"lazy\" decoding=\"async\" width=\"500\" height=\"280\" src=\"https:\/\/municipalidadalhue.cl\/portal\/wp-content\/uploads\/2024\/04\/IMG_0404-500x280.jpg\" class=\"attachment-thumbnail size-thumbnail\" alt=\"\" \/><\/a>\n\t\t\t<\/div><\/figure><figure class='gallery-item'>\n\t\t\t<div class='gallery-icon landscape'>\n\t\t\t\t<a href='https:\/\/municipalidadalhue.cl\/portal\/circo-del-mundo-realizo-espectacular-presentacion-en-alhue\/img_0405\/'><img loading=\"lazy\" decoding=\"async\" width=\"500\" height=\"280\" src=\"https:\/\/municipalidadalhue.cl\/portal\/wp-content\/uploads\/2024\/04\/IMG_0405-500x280.jpg\" class=\"attachment-thumbnail size-thumbnail\" alt=\"\" \/><\/a>\n\t\t\t<\/div><\/figure><figure class='gallery-item'>\n\t\t\t<div class='gallery-icon landscape'>\n\t\t\t\t<a href='https:\/\/municipalidadalhue.cl\/portal\/circo-del-mundo-realizo-espectacular-presentacion-en-alhue\/img_0407\/'><img loading=\"lazy\" decoding=\"async\" width=\"500\" height=\"280\" src=\"https:\/\/municipalidadalhue.cl\/portal\/wp-content\/uploads\/2024\/04\/IMG_0407-500x280.jpg\" class=\"attachment-thumbnail size-thumbnail\" alt=\"\" srcset=\"https:\/\/municipalidadalhue.cl\/portal\/wp-content\/uploads\/2024\/04\/IMG_0407-500x280.jpg 500w, https:\/\/municipalidadalhue.cl\/portal\/wp-content\/uploads\/2024\/04\/IMG_0407-649x365.jpg 649w, https:\/\/municipalidadalhue.cl\/portal\/wp-content\/uploads\/2024\/04\/IMG_0407-768x432.jpg 768w, https:\/\/municipalidadalhue.cl\/portal\/wp-content\/uploads\/2024\/04\/IMG_0407-1536x864.jpg 1536w, https:\/\/municipalidadalhue.cl\/portal\/wp-content\/uploads\/2024\/04\/IMG_0407-2048x1152.jpg 2048w\" sizes=\"(max-width: 500px) 100vw, 500px\" \/><\/a>\n\t\t\t<\/div><\/figure><figure class='gallery-item'>\n\t\t\t<div class='gallery-icon landscape'>\n\t\t\t\t<a href='https:\/\/municipalidadalhue.cl\/portal\/circo-del-mundo-realizo-espectacular-presentacion-en-alhue\/img_0408\/'><img loading=\"lazy\" decoding=\"async\" width=\"500\" height=\"280\" src=\"https:\/\/municipalidadalhue.cl\/portal\/wp-content\/uploads\/2024\/04\/IMG_0408-500x280.jpg\" class=\"attachment-thumbnail size-thumbnail\" alt=\"\" srcset=\"https:\/\/municipalidadalhue.cl\/portal\/wp-content\/uploads\/2024\/04\/IMG_0408-500x280.jpg 500w, https:\/\/municipalidadalhue.cl\/portal\/wp-content\/uploads\/2024\/04\/IMG_0408-649x365.jpg 649w, https:\/\/municipalidadalhue.cl\/portal\/wp-content\/uploads\/2024\/04\/IMG_0408-768x432.jpg 768w, https:\/\/municipalidadalhue.cl\/portal\/wp-content\/uploads\/2024\/04\/IMG_0408-1536x864.jpg 1536w, https:\/\/municipalidadalhue.cl\/portal\/wp-content\/uploads\/2024\/04\/IMG_0408-2048x1152.jpg 2048w\" sizes=\"(max-width: 500px) 100vw, 500px\" \/><\/a>\n\t\t\t<\/div><\/figure><figure class='gallery-item'>\n\t\t\t<div class='gallery-icon landscape'>\n\t\t\t\t<a href='https:\/\/municipalidadalhue.cl\/portal\/circo-del-mundo-realizo-espectacular-presentacion-en-alhue\/img_0412\/'><img loading=\"lazy\" decoding=\"async\" width=\"500\" height=\"280\" src=\"https:\/\/municipalidadalhue.cl\/portal\/wp-content\/uploads\/2024\/04\/IMG_0412-500x280.jpg\" class=\"attachment-thumbnail size-thumbnail\" alt=\"\" \/><\/a>\n\t\t\t<\/div><\/figure><figure class='gallery-item'>\n\t\t\t<div class='gallery-icon landscape'>\n\t\t\t\t<a href='https:\/\/municipalidadalhue.cl\/portal\/circo-del-mundo-realizo-espectacular-presentacion-en-alhue\/img_0414\/'><img loading=\"lazy\" decoding=\"async\" width=\"500\" height=\"280\" src=\"https:\/\/municipalidadalhue.cl\/portal\/wp-content\/uploads\/2024\/04\/IMG_0414-500x280.jpg\" class=\"attachment-thumbnail size-thumbnail\" alt=\"\" \/><\/a>\n\t\t\t<\/div><\/figure><figure class='gallery-item'>\n\t\t\t<div class='gallery-icon landscape'>\n\t\t\t\t<a href='https:\/\/municipalidadalhue.cl\/portal\/circo-del-mundo-realizo-espectacular-presentacion-en-alhue\/img_0418\/'><img loading=\"lazy\" decoding=\"async\" width=\"500\" height=\"280\" src=\"https:\/\/municipalidadalhue.cl\/portal\/wp-content\/uploads\/2024\/04\/IMG_0418-500x280.jpg\" class=\"attachment-thumbnail size-thumbnail\" alt=\"\" \/><\/a>\n\t\t\t<\/div><\/figure><figure class='gallery-item'>\n\t\t\t<div class='gallery-icon landscape'>\n\t\t\t\t<a href='https:\/\/municipalidadalhue.cl\/portal\/circo-del-mundo-realizo-espectacular-presentacion-en-alhue\/img_0419-3\/'><img loading=\"lazy\" decoding=\"async\" width=\"500\" height=\"280\" src=\"https:\/\/municipalidadalhue.cl\/portal\/wp-content\/uploads\/2024\/04\/IMG_0419-500x280.jpg\" class=\"attachment-thumbnail size-thumbnail\" alt=\"\" \/><\/a>\n\t\t\t<\/div><\/figure><figure class='gallery-item'>\n\t\t\t<div class='gallery-icon landscape'>\n\t\t\t\t<a href='https:\/\/municipalidadalhue.cl\/portal\/circo-del-mundo-realizo-espectacular-presentacion-en-alhue\/img_0423\/'><img loading=\"lazy\" decoding=\"async\" width=\"500\" height=\"280\" src=\"https:\/\/municipalidadalhue.cl\/portal\/wp-content\/uploads\/2024\/04\/IMG_0423-500x280.jpg\" class=\"attachment-thumbnail size-thumbnail\" alt=\"\" \/><\/a>\n\t\t\t<\/div><\/figure><figure class='gallery-item'>\n\t\t\t<div class='gallery-icon landscape'>\n\t\t\t\t<a href='https:\/\/municipalidadalhue.cl\/portal\/circo-del-mundo-realizo-espectacular-presentacion-en-alhue\/img_0424\/'><img loading=\"lazy\" decoding=\"async\" width=\"500\" height=\"280\" src=\"https:\/\/municipalidadalhue.cl\/portal\/wp-content\/uploads\/2024\/04\/IMG_0424-500x280.jpg\" class=\"attachment-thumbnail size-thumbnail\" alt=\"\" \/><\/a>\n\t\t\t<\/div><\/figure>\n\t\t<\/div>\n\n","protected":false},"excerpt":{"rendered":"<p>Con una destacada asistencia se llev\u00f3 a cabo desde el Gimnasio Municipal la presentaci\u00f3n de la obra \u201cLa Voz de los 80\u2019s: entre el miedo y la esperanza\u201d a cargo del Circo del Mundo. Este espect\u00e1culo se lleg\u00f3 hasta nuestra comuna con el fundamental apoyo de la Ilustre Municipalidad de Alhu\u00e9, quien facilit\u00f3 dependencias municipales para presentar esta destacada obra, la que se materializ\u00f3 por medio del programa: \u2018\u2019Itinerancia de El Circo del Mundo Chile por las 6 provincias de la Regi\u00f3n Metropolitana\u2019\u2019, un proyecto respaldado por el Gobierno de&hellip;<\/p>\n","protected":false},"author":1,"featured_media":18068,"comment_status":"closed","ping_status":"closed","sticky":false,"template":"","format":"standard","meta":{"footnotes":""},"categories":[10,4,5,6,8],"tags":[],"class_list":["post-18065","post","type-post","status-publish","format-standard","has-post-thumbnail","hentry","category-alcaldesa","category-comunidad","category-concejo","category-cultura","category-noticia"],"_links":{"self":[{"href":"https:\/\/municipalidadalhue.cl\/portal\/wp-json\/wp\/v2\/posts\/18065","targetHints":{"allow":["GET"]}}],"collection":[{"href":"https:\/\/municipalidadalhue.cl\/portal\/wp-json\/wp\/v2\/posts"}],"about":[{"href":"https:\/\/municipalidadalhue.cl\/portal\/wp-json\/wp\/v2\/types\/post"}],"author":[{"embeddable":true,"href":"https:\/\/municipalidadalhue.cl\/portal\/wp-json\/wp\/v2\/users\/1"}],"replies":[{"embeddable":true,"href":"https:\/\/municipalidadalhue.cl\/portal\/wp-json\/wp\/v2\/comments?post=18065"}],"version-history":[{"count":3,"href":"https:\/\/municipalidadalhue.cl\/portal\/wp-json\/wp\/v2\/posts\/18065\/revisions"}],"predecessor-version":[{"id":18088,"href":"https:\/\/municipalidadalhue.cl\/portal\/wp-json\/wp\/v2\/posts\/18065\/revisions\/18088"}],"wp:featuredmedia":[{"embeddable":true,"href":"https:\/\/municipalidadalhue.cl\/portal\/wp-json\/wp\/v2\/media\/18068"}],"wp:attachment":[{"href":"https:\/\/municipalidadalhue.cl\/portal\/wp-json\/wp\/v2\/media?parent=18065"}],"wp:term":[{"taxonomy":"category","embeddable":true,"href":"https:\/\/municipalidadalhue.cl\/portal\/wp-json\/wp\/v2\/categories?post=18065"},{"taxonomy":"post_tag","embeddable":true,"href":"https:\/\/municipalidadalhue.cl\/portal\/wp-json\/wp\/v2\/tags?post=18065"}],"curies":[{"name":"wp","href":"https:\/\/api.w.org\/{rel}","templated":true}]}}