{"id":18294,"date":"2024-07-11T19:20:59","date_gmt":"2024-07-11T19:20:59","guid":{"rendered":"https:\/\/municipalidadalhue.cl\/portal\/?p=18294"},"modified":"2024-07-11T19:42:00","modified_gmt":"2024-07-11T19:42:00","slug":"con-emotividad-cuerpo-de-bomberos-de-alhue-cumplio-25-anos-desde-su-fundacion","status":"publish","type":"post","link":"https:\/\/municipalidadalhue.cl\/portal\/con-emotividad-cuerpo-de-bomberos-de-alhue-cumplio-25-anos-desde-su-fundacion\/","title":{"rendered":"Con emotividad Cuerpo de Bomberos de Alhu\u00e9 cumpli\u00f3 25 a\u00f1os desde su fundaci\u00f3n"},"content":{"rendered":"<p>En una ceremonia solemne y llena de simbolismos se celebr\u00f3 el aniversario vig\u00e9simo quinto del Cuerpo de Bomberos de Alhu\u00e9.<\/p>\n<p>La jornada estuvo presidida por las autoridades locales de bomberos, provinciales y regionales. Adem\u00e1s, estuvieron invitados en forma especial el Alcalde Roberto Torres Huerta, los concejales Marco Urbano, Roberto Aravena, Jos\u00e9 Arellano, Alex Riquelme y Leonel Acevedo, aparte de los consejeros Regionales Cristina Soto y Gast\u00f3n Libuy.<\/p>\n<p>En la ceremonia se destac\u00f3 a los y las voluntarios que est\u00e1n reci\u00e9n inici\u00e1ndose, y tambi\u00e9n a los que llevan varios a\u00f1os al servicio a la comunidad.<\/p>\n<p>Asimismo, se entreg\u00f3 un agradecimiento especial y un reconocimiento al Alcalde Roberto Torres Huerta, por su constante apoyo a Bomberos. A su vez, nuestro edil, junto a los concejales presentes, entregaron un galvano de agradecimiento a cada una de las cuatro compa\u00f1\u00edas de Bomberos de nuestra comuna, recalcando su incansable trabajo y compromiso con la comunidad.<\/p>\n<p>En sus palabras el Alcalde Torres resalt\u00f3 el trabajo que realizan los voluntarios y voluntarias, no s\u00f3lo en momentos de emergencias, sino tambi\u00e9n en la constante ayuda que prestan a la comunidad, felicitando adem\u00e1s a las nuevas generaciones, que permiten dar futuro a esta instituci\u00f3n en la comuna, siguiendo los pasos de los fundadores, quienes hace 25 a\u00f1os materializaron el Cuerpo de Bomberos en Alhu\u00e9.<\/p>\n<p>De igual forma, el jefe comunal destac\u00f3 que uno de esos fundadores del a\u00f1o 1999 es el actual concejal Leonel Acevedo, quien a su vez tambi\u00e9n fue homenajeado en esta ceremonia.<\/p>\n<p>Cabe consignar, que tras las palabras de las autoridades bomberiles y de la entrega de regalos de los cuerpos de bomberos de San Pedro y Melipilla, se dio por finalizada la ceremonia enmarcada en un nuevo aniversario del Cuerpo de Bomberos de Alhu\u00e9.<\/p>\n","protected":false},"excerpt":{"rendered":"<p>En una ceremonia solemne y llena de simbolismos se celebr\u00f3 el aniversario vig\u00e9simo quinto del Cuerpo de Bomberos de Alhu\u00e9. La jornada estuvo presidida por las autoridades locales de bomberos, provinciales y regionales. Adem\u00e1s, estuvieron invitados en forma especial el Alcalde Roberto Torres Huerta, los concejales Marco Urbano, Roberto Aravena, Jos\u00e9 Arellano, Alex Riquelme y Leonel Acevedo, aparte de los consejeros Regionales Cristina Soto y Gast\u00f3n Libuy. En la ceremonia se destac\u00f3 a los y las voluntarios que est\u00e1n reci\u00e9n inici\u00e1ndose, y tambi\u00e9n a los que llevan varios a\u00f1os al&hellip;<\/p>\n","protected":false},"author":1,"featured_media":18295,"comment_status":"closed","ping_status":"closed","sticky":false,"template":"","format":"standard","meta":{"footnotes":""},"categories":[10,4,5,8],"tags":[],"class_list":["post-18294","post","type-post","status-publish","format-standard","has-post-thumbnail","hentry","category-alcaldesa","category-comunidad","category-concejo","category-noticia"],"_links":{"self":[{"href":"https:\/\/municipalidadalhue.cl\/portal\/wp-json\/wp\/v2\/posts\/18294","targetHints":{"allow":["GET"]}}],"collection":[{"href":"https:\/\/municipalidadalhue.cl\/portal\/wp-json\/wp\/v2\/posts"}],"about":[{"href":"https:\/\/municipalidadalhue.cl\/portal\/wp-json\/wp\/v2\/types\/post"}],"author":[{"embeddable":true,"href":"https:\/\/municipalidadalhue.cl\/portal\/wp-json\/wp\/v2\/users\/1"}],"replies":[{"embeddable":true,"href":"https:\/\/municipalidadalhue.cl\/portal\/wp-json\/wp\/v2\/comments?post=18294"}],"version-history":[{"count":1,"href":"https:\/\/municipalidadalhue.cl\/portal\/wp-json\/wp\/v2\/posts\/18294\/revisions"}],"predecessor-version":[{"id":18296,"href":"https:\/\/municipalidadalhue.cl\/portal\/wp-json\/wp\/v2\/posts\/18294\/revisions\/18296"}],"wp:featuredmedia":[{"embeddable":true,"href":"https:\/\/municipalidadalhue.cl\/portal\/wp-json\/wp\/v2\/media\/18295"}],"wp:attachment":[{"href":"https:\/\/municipalidadalhue.cl\/portal\/wp-json\/wp\/v2\/media?parent=18294"}],"wp:term":[{"taxonomy":"category","embeddable":true,"href":"https:\/\/municipalidadalhue.cl\/portal\/wp-json\/wp\/v2\/categories?post=18294"},{"taxonomy":"post_tag","embeddable":true,"href":"https:\/\/municipalidadalhue.cl\/portal\/wp-json\/wp\/v2\/tags?post=18294"}],"curies":[{"name":"wp","href":"https:\/\/api.w.org\/{rel}","templated":true}]}}