{"id":18298,"date":"2024-07-18T13:56:06","date_gmt":"2024-07-18T13:56:06","guid":{"rendered":"https:\/\/municipalidadalhue.cl\/portal\/?p=18298"},"modified":"2024-07-18T15:07:00","modified_gmt":"2024-07-18T15:07:00","slug":"destacada-participacion-tuvo-seminario-enfoque-interdisciplinario-en-trastorno-del-espectro-autista","status":"publish","type":"post","link":"https:\/\/municipalidadalhue.cl\/portal\/destacada-participacion-tuvo-seminario-enfoque-interdisciplinario-en-trastorno-del-espectro-autista\/","title":{"rendered":"Destacada participaci\u00f3n tuvo Seminario \u201cEnfoque interdisciplinario en Trastorno del Espectro Autista\u201d"},"content":{"rendered":"<p>Con el objetivo de capacitar e informar a la comunidad sobre la condici\u00f3n del trastorno del espectro autista (TEA), se llev\u00f3 a cabo el seminario \u201cEnfoque interdisciplinario en TEA\u201d, desde la sede de los sindicatos de trabajadores de Minera Florida.<\/p>\n<p>Esta instancia estuvo a cargo de Fundaci\u00f3n inclusi\u00f3n TEA, quienes llegaron hasta nuestra comuna tras la gesti\u00f3n de la Oficina de Discapacidad de la Direcci\u00f3n de Desarrollo Comunitario (DIDECO) de la Ilustre Municipalidad de Alhu\u00e9, contando con la asistencia del concejal Alex Riquelme.<\/p>\n<p>El diagn\u00f3stico del espectro autista ha ido en aumento en el \u00faltimo tiempo, por lo que es de suma importancia actualizar las herramientas que permitan mejorar las intervenciones que se les entregan a los usuarios con esta condici\u00f3n.<\/p>\n<p>Asimismo, esta instancia busca educar no s\u00f3lo a profesionales, sino que tambi\u00e9n, entrega estos conocimientos a las familias y\/o cuidadores principales de ni\u00f1os, ni\u00f1as y adolescentes con autismo.<\/p>\n<p>Como municipio agradecemos la asistencia de cerca de 75 personas, entre profesionales de la educaci\u00f3n y padres o cuidadores, quienes participaron activamente de esta jornada.<\/p>\n","protected":false},"excerpt":{"rendered":"<p>Con el objetivo de capacitar e informar a la comunidad sobre la condici\u00f3n del trastorno del espectro autista (TEA), se llev\u00f3 a cabo el seminario \u201cEnfoque interdisciplinario en TEA\u201d, desde la sede de los sindicatos de trabajadores de Minera Florida. Esta instancia estuvo a cargo de Fundaci\u00f3n inclusi\u00f3n TEA, quienes llegaron hasta nuestra comuna tras la gesti\u00f3n de la Oficina de Discapacidad de la Direcci\u00f3n de Desarrollo Comunitario (DIDECO) de la Ilustre Municipalidad de Alhu\u00e9, contando con la asistencia del concejal Alex Riquelme. El diagn\u00f3stico del espectro autista ha ido&hellip;<\/p>\n","protected":false},"author":1,"featured_media":18301,"comment_status":"closed","ping_status":"closed","sticky":false,"template":"","format":"standard","meta":{"footnotes":""},"categories":[4,5,8],"tags":[],"class_list":["post-18298","post","type-post","status-publish","format-standard","has-post-thumbnail","hentry","category-comunidad","category-concejo","category-noticia"],"_links":{"self":[{"href":"https:\/\/municipalidadalhue.cl\/portal\/wp-json\/wp\/v2\/posts\/18298","targetHints":{"allow":["GET"]}}],"collection":[{"href":"https:\/\/municipalidadalhue.cl\/portal\/wp-json\/wp\/v2\/posts"}],"about":[{"href":"https:\/\/municipalidadalhue.cl\/portal\/wp-json\/wp\/v2\/types\/post"}],"author":[{"embeddable":true,"href":"https:\/\/municipalidadalhue.cl\/portal\/wp-json\/wp\/v2\/users\/1"}],"replies":[{"embeddable":true,"href":"https:\/\/municipalidadalhue.cl\/portal\/wp-json\/wp\/v2\/comments?post=18298"}],"version-history":[{"count":1,"href":"https:\/\/municipalidadalhue.cl\/portal\/wp-json\/wp\/v2\/posts\/18298\/revisions"}],"predecessor-version":[{"id":18300,"href":"https:\/\/municipalidadalhue.cl\/portal\/wp-json\/wp\/v2\/posts\/18298\/revisions\/18300"}],"wp:featuredmedia":[{"embeddable":true,"href":"https:\/\/municipalidadalhue.cl\/portal\/wp-json\/wp\/v2\/media\/18301"}],"wp:attachment":[{"href":"https:\/\/municipalidadalhue.cl\/portal\/wp-json\/wp\/v2\/media?parent=18298"}],"wp:term":[{"taxonomy":"category","embeddable":true,"href":"https:\/\/municipalidadalhue.cl\/portal\/wp-json\/wp\/v2\/categories?post=18298"},{"taxonomy":"post_tag","embeddable":true,"href":"https:\/\/municipalidadalhue.cl\/portal\/wp-json\/wp\/v2\/tags?post=18298"}],"curies":[{"name":"wp","href":"https:\/\/api.w.org\/{rel}","templated":true}]}}