{"id":18313,"date":"2024-07-26T14:20:58","date_gmt":"2024-07-26T14:20:58","guid":{"rendered":"https:\/\/municipalidadalhue.cl\/portal\/?p=18313"},"modified":"2024-07-26T14:20:58","modified_gmt":"2024-07-26T14:20:58","slug":"sindicatos-de-trabajadores-de-minera-florida-gestiono-con-direccion-del-trabajo-capacitacion-sobre-ley-karin-en-alhue","status":"publish","type":"post","link":"https:\/\/municipalidadalhue.cl\/portal\/sindicatos-de-trabajadores-de-minera-florida-gestiono-con-direccion-del-trabajo-capacitacion-sobre-ley-karin-en-alhue\/","title":{"rendered":"Sindicatos de Trabajadores de Minera Florida gestion\u00f3 con Direcci\u00f3n del Trabajo capacitaci\u00f3n sobre Ley Karin en Alhu\u00e9"},"content":{"rendered":"<p>El 24 de julio se llev\u00f3 a cabo una destacada capacitaci\u00f3n enmarcada en la Ley Karin (n\u00b0 21.643), jornada que fue gestionada y tra\u00edda hasta Alhu\u00e9 por el Consejo Tripartito Regional de Usuarios de la Provincia de Melipilla, en conjunto con los Sindicatos de Trabajadores de Minera Florida.<\/p>\n<p>Esta cita estuvo dictada por la Direcci\u00f3n del Trabajo, en conjunto con la Inspecci\u00f3n Provincial del Trabajo, con la colaboraci\u00f3n de la Ilustre Municipalidad de Alhu\u00e9.<\/p>\n<p>Esta jornada se realiz\u00f3 desde sede de los Sindicatos de Trabajadores de Minera Florida, y cont\u00f3 con una destacada participaci\u00f3n, tanto de funcionarios municipales, de las \u00e1reas de salud y educaci\u00f3n, adem\u00e1s de trabajadores de diversas empresas insertas en nuestra comuna.<\/p>\n<p>Desde el Sindicato de Trabajadores de Minera Florida recalcaron la alta asistencia a la jornada, subrayando que esta capacitaci\u00f3n la gestionaron para que todos los trabajadores de Alhu\u00e9, tanto funcionarios p\u00fablicos como privados, pudieran informarse acerca de esta normativa, que modificar\u00e1 el C\u00f3digo del Trabajo en materia de prevenci\u00f3n, investigaci\u00f3n y sanci\u00f3n del acoso laboral y sexual, aparte de casos de violencia en el trabajo.<\/p>\n<p>Asimismo, estuvo presente el director de la Inspecci\u00f3n Provincial del Trabajo, Juan Francisco Rojas; y en representaci\u00f3n del Alcalde Roberto Torres Huerta, asisti\u00f3 su jefe de gabinete, Ram\u00f3n Mallea, quien destac\u00f3 la realizaci\u00f3n de esta capacitaci\u00f3n en Alhu\u00e9, que entrega informaci\u00f3n fundamental sobre las sanciones que se exponen quienes cometan actos de acoso laboral y\/o sexual.<\/p>\n<p>De la misma manera, el profesional tambi\u00e9n resalt\u00f3 la alta asistencia a esta instancia, acentuando que es vital que tanto funcionarios p\u00fablicos, como trabajadores dependientes sean part\u00edcipes de este tipo de capacitaciones, que les ayudar\u00e1n a conocer sus derechos frente a situaciones de acoso, ya sea laboral o sexual.<\/p>\n","protected":false},"excerpt":{"rendered":"<p>El 24 de julio se llev\u00f3 a cabo una destacada capacitaci\u00f3n enmarcada en la Ley Karin (n\u00b0 21.643), jornada que fue gestionada y tra\u00edda hasta Alhu\u00e9 por el Consejo Tripartito Regional de Usuarios de la Provincia de Melipilla, en conjunto con los Sindicatos de Trabajadores de Minera Florida. Esta cita estuvo dictada por la Direcci\u00f3n del Trabajo, en conjunto con la Inspecci\u00f3n Provincial del Trabajo, con la colaboraci\u00f3n de la Ilustre Municipalidad de Alhu\u00e9. Esta jornada se realiz\u00f3 desde sede de los Sindicatos de Trabajadores de Minera Florida, y cont\u00f3&hellip;<\/p>\n","protected":false},"author":1,"featured_media":18314,"comment_status":"closed","ping_status":"closed","sticky":false,"template":"","format":"standard","meta":{"footnotes":""},"categories":[4,8],"tags":[],"class_list":["post-18313","post","type-post","status-publish","format-standard","has-post-thumbnail","hentry","category-comunidad","category-noticia"],"_links":{"self":[{"href":"https:\/\/municipalidadalhue.cl\/portal\/wp-json\/wp\/v2\/posts\/18313","targetHints":{"allow":["GET"]}}],"collection":[{"href":"https:\/\/municipalidadalhue.cl\/portal\/wp-json\/wp\/v2\/posts"}],"about":[{"href":"https:\/\/municipalidadalhue.cl\/portal\/wp-json\/wp\/v2\/types\/post"}],"author":[{"embeddable":true,"href":"https:\/\/municipalidadalhue.cl\/portal\/wp-json\/wp\/v2\/users\/1"}],"replies":[{"embeddable":true,"href":"https:\/\/municipalidadalhue.cl\/portal\/wp-json\/wp\/v2\/comments?post=18313"}],"version-history":[{"count":1,"href":"https:\/\/municipalidadalhue.cl\/portal\/wp-json\/wp\/v2\/posts\/18313\/revisions"}],"predecessor-version":[{"id":18315,"href":"https:\/\/municipalidadalhue.cl\/portal\/wp-json\/wp\/v2\/posts\/18313\/revisions\/18315"}],"wp:featuredmedia":[{"embeddable":true,"href":"https:\/\/municipalidadalhue.cl\/portal\/wp-json\/wp\/v2\/media\/18314"}],"wp:attachment":[{"href":"https:\/\/municipalidadalhue.cl\/portal\/wp-json\/wp\/v2\/media?parent=18313"}],"wp:term":[{"taxonomy":"category","embeddable":true,"href":"https:\/\/municipalidadalhue.cl\/portal\/wp-json\/wp\/v2\/categories?post=18313"},{"taxonomy":"post_tag","embeddable":true,"href":"https:\/\/municipalidadalhue.cl\/portal\/wp-json\/wp\/v2\/tags?post=18313"}],"curies":[{"name":"wp","href":"https:\/\/api.w.org\/{rel}","templated":true}]}}