{"id":18327,"date":"2024-08-05T14:43:25","date_gmt":"2024-08-05T14:43:25","guid":{"rendered":"https:\/\/municipalidadalhue.cl\/portal\/?p=18327"},"modified":"2024-08-05T14:43:25","modified_gmt":"2024-08-05T14:43:25","slug":"funcionarios-municipales-de-educacion-y-salud-fueron-capacitados-en-implementacion-de-ley-karin","status":"publish","type":"post","link":"https:\/\/municipalidadalhue.cl\/portal\/funcionarios-municipales-de-educacion-y-salud-fueron-capacitados-en-implementacion-de-ley-karin\/","title":{"rendered":"Funcionarios municipales, de educaci\u00f3n y salud fueron capacitados en implementaci\u00f3n de Ley Karin"},"content":{"rendered":"<p>Entre el 01 y 02 de agosto se llev\u00f3 a cabo una destacada capacitaci\u00f3n enmarcada en la aplicaci\u00f3n de Ley Karin (n\u00b0 21.643), jornada que fue gestionada por la Ilustre Municipalidad de Alhu\u00e9.<\/p>\n<p>Esta cita estuvo dictada por la abogada \u00c1ngela Valdebenito, quien expuso detalles y el funcionamiento de esta normativa a funcionarios p\u00fablicos de nuestra comuna, tanto municipales, como de las \u00e1reas de educaci\u00f3n y de salud.<\/p>\n<p>Esta jornada se realiz\u00f3 en dos espacios, ya sea el Sal\u00f3n del Estadio Municipal, as\u00ed como el Auditorio del Liceo Sara Troncoso, contando con una destacada participaci\u00f3n de nuestros funcionarios.<\/p>\n<p>En representaci\u00f3n del Alcalde Roberto Torres Huerta, estuvo presente su jefe de gabinete, Ram\u00f3n Mallea, resaltando el desarrollo de esta capacitaci\u00f3n, que entreg\u00f3 informaci\u00f3n sobre esta normativa, que modifica el C\u00f3digo del Trabajo en materia de prevenci\u00f3n, investigaci\u00f3n y sanci\u00f3n del acoso laboral y sexual, aparte de casos de violencia en el trabajo.<\/p>\n<p>Finalmente, el profesional tambi\u00e9n subray\u00f3 la participaci\u00f3n de los funcionarios municipales, de salud y educaci\u00f3n, recalcando que es de suma importancia que funcionarios p\u00fablicos conozcan de primera l\u00ednea sobre las sanciones que se exponen quienes cometan actos de acoso laboral y\/o sexual.<\/p>\n","protected":false},"excerpt":{"rendered":"<p>Entre el 01 y 02 de agosto se llev\u00f3 a cabo una destacada capacitaci\u00f3n enmarcada en la aplicaci\u00f3n de Ley Karin (n\u00b0 21.643), jornada que fue gestionada por la Ilustre Municipalidad de Alhu\u00e9. Esta cita estuvo dictada por la abogada \u00c1ngela Valdebenito, quien expuso detalles y el funcionamiento de esta normativa a funcionarios p\u00fablicos de nuestra comuna, tanto municipales, como de las \u00e1reas de educaci\u00f3n y de salud. Esta jornada se realiz\u00f3 en dos espacios, ya sea el Sal\u00f3n del Estadio Municipal, as\u00ed como el Auditorio del Liceo Sara Troncoso,&hellip;<\/p>\n","protected":false},"author":1,"featured_media":18328,"comment_status":"closed","ping_status":"closed","sticky":false,"template":"","format":"standard","meta":{"footnotes":""},"categories":[4,8],"tags":[],"class_list":["post-18327","post","type-post","status-publish","format-standard","has-post-thumbnail","hentry","category-comunidad","category-noticia"],"_links":{"self":[{"href":"https:\/\/municipalidadalhue.cl\/portal\/wp-json\/wp\/v2\/posts\/18327","targetHints":{"allow":["GET"]}}],"collection":[{"href":"https:\/\/municipalidadalhue.cl\/portal\/wp-json\/wp\/v2\/posts"}],"about":[{"href":"https:\/\/municipalidadalhue.cl\/portal\/wp-json\/wp\/v2\/types\/post"}],"author":[{"embeddable":true,"href":"https:\/\/municipalidadalhue.cl\/portal\/wp-json\/wp\/v2\/users\/1"}],"replies":[{"embeddable":true,"href":"https:\/\/municipalidadalhue.cl\/portal\/wp-json\/wp\/v2\/comments?post=18327"}],"version-history":[{"count":1,"href":"https:\/\/municipalidadalhue.cl\/portal\/wp-json\/wp\/v2\/posts\/18327\/revisions"}],"predecessor-version":[{"id":18329,"href":"https:\/\/municipalidadalhue.cl\/portal\/wp-json\/wp\/v2\/posts\/18327\/revisions\/18329"}],"wp:featuredmedia":[{"embeddable":true,"href":"https:\/\/municipalidadalhue.cl\/portal\/wp-json\/wp\/v2\/media\/18328"}],"wp:attachment":[{"href":"https:\/\/municipalidadalhue.cl\/portal\/wp-json\/wp\/v2\/media?parent=18327"}],"wp:term":[{"taxonomy":"category","embeddable":true,"href":"https:\/\/municipalidadalhue.cl\/portal\/wp-json\/wp\/v2\/categories?post=18327"},{"taxonomy":"post_tag","embeddable":true,"href":"https:\/\/municipalidadalhue.cl\/portal\/wp-json\/wp\/v2\/tags?post=18327"}],"curies":[{"name":"wp","href":"https:\/\/api.w.org\/{rel}","templated":true}]}}