{"id":18336,"date":"2024-08-09T13:47:42","date_gmt":"2024-08-09T13:47:42","guid":{"rendered":"https:\/\/municipalidadalhue.cl\/portal\/?p=18336"},"modified":"2024-08-09T13:47:42","modified_gmt":"2024-08-09T13:47:42","slug":"con-gran-participacion-se-llevo-a-cabo-celebracion-del-dia-del-dirigente-social","status":"publish","type":"post","link":"https:\/\/municipalidadalhue.cl\/portal\/con-gran-participacion-se-llevo-a-cabo-celebracion-del-dia-del-dirigente-social\/","title":{"rendered":"Con gran participaci\u00f3n se llev\u00f3 a cabo celebraci\u00f3n del D\u00eda del Dirigente Social"},"content":{"rendered":"<p>Cada 7 de agosto, constituye una jornada especial para miles de hombres y mujeres a lo largo de Chile, que comparten el orgullo y la vocaci\u00f3n de ser servidores p\u00fablicos an\u00f3nimos, comprometidos con el desarrollo y el progreso de su entorno, y de sus comunidades.<\/p>\n<p>En ese sentido, la Ilustre Municipalidad de Alhu\u00e9 realiz\u00f3 la celebraci\u00f3n del D\u00eda del Dirigente Social, jornada que cont\u00f3 con m\u00e1s de 150 representantes de las diferentes organizaciones sociales de toda nuestra comuna.<\/p>\n<p>Esta cita se llev\u00f3 a cabo en el sal\u00f3n del Comit\u00e9 de Agua Potable Rural de Hacienda Alhu\u00e9, en donde participaron dirigentes de clubes deportivos, centros de madres, clubes de adulto mayor, juntas de vecinos, sindicatos, entre otras agrupaciones, quienes tuvieron la oportunidad de disfrutar de una exquisita cena en su honor.<\/p>\n<p>La celebraci\u00f3n cont\u00f3 con la participaci\u00f3n de Alcalde Roberto Torres Huerta, adem\u00e1s de los concejales Carmen Gloria Espinoza, Roberto Aravena, \u00c1lex Riquelme y Leonel Acevedo, con el vital apoyo de funcionarios municipales.<\/p>\n<p>El jefe comunal recalc\u00f3 y subray\u00f3 que el trabajo que realizan los dirigentes sociales no busca alguna recompensa, s\u00f3lo entregar un bien a sus asociados y a sus localidades.<\/p>\n<p>De la misma manera, agradeci\u00f3 el apoyo y el trabajo mancomunado que efect\u00faan los dirigentes con nuestro municipio, para seguir desarrollando a Alhu\u00e9 y a cada uno de sus habitantes.<\/p>\n<p>Cabe destacar, que en esta jornada se llevaron a cabo hermosas presentaciones art\u00edsticas, como fue un pie de cueca a cargo de 2 parejas de estudiantes del Liceo Sara Troncoso, adem\u00e1s de la presentaci\u00f3n de la cantora Anita Irraz\u00e1bal, quien elabor\u00f3 un poema en honor al Alcalde Roberto Torres Huerta, por todo el trabajo que ha realizado en nuestra comuna.<\/p>\n<div id='gallery-1' class='gallery galleryid-18336 gallery-columns-3 gallery-size-thumbnail'><figure class='gallery-item'>\n\t\t\t<div class='gallery-icon landscape'>\n\t\t\t\t<a href='https:\/\/municipalidadalhue.cl\/portal\/con-gran-participacion-se-llevo-a-cabo-celebracion-del-dia-del-dirigente-social\/dsc_0000-36\/'><img fetchpriority=\"high\" decoding=\"async\" width=\"500\" height=\"280\" src=\"https:\/\/municipalidadalhue.cl\/portal\/wp-content\/uploads\/2024\/08\/DSC_0000-1-500x280.jpg\" class=\"attachment-thumbnail size-thumbnail\" alt=\"\" \/><\/a>\n\t\t\t<\/div><\/figure><figure class='gallery-item'>\n\t\t\t<div class='gallery-icon landscape'>\n\t\t\t\t<a href='https:\/\/municipalidadalhue.cl\/portal\/con-gran-participacion-se-llevo-a-cabo-celebracion-del-dia-del-dirigente-social\/dsc_0002-34\/'><img decoding=\"async\" width=\"500\" height=\"280\" src=\"https:\/\/municipalidadalhue.cl\/portal\/wp-content\/uploads\/2024\/08\/DSC_0002-500x280.jpg\" class=\"attachment-thumbnail size-thumbnail\" alt=\"\" \/><\/a>\n\t\t\t<\/div><\/figure><figure class='gallery-item'>\n\t\t\t<div class='gallery-icon landscape'>\n\t\t\t\t<a href='https:\/\/municipalidadalhue.cl\/portal\/con-gran-participacion-se-llevo-a-cabo-celebracion-del-dia-del-dirigente-social\/dsc_0004-24\/'><img decoding=\"async\" width=\"500\" height=\"280\" src=\"https:\/\/municipalidadalhue.cl\/portal\/wp-content\/uploads\/2024\/08\/DSC_0004-500x280.jpg\" class=\"attachment-thumbnail size-thumbnail\" alt=\"\" \/><\/a>\n\t\t\t<\/div><\/figure><figure class='gallery-item'>\n\t\t\t<div class='gallery-icon landscape'>\n\t\t\t\t<a href='https:\/\/municipalidadalhue.cl\/portal\/con-gran-participacion-se-llevo-a-cabo-celebracion-del-dia-del-dirigente-social\/dsc_0006-24\/'><img loading=\"lazy\" decoding=\"async\" width=\"500\" height=\"280\" src=\"https:\/\/municipalidadalhue.cl\/portal\/wp-content\/uploads\/2024\/08\/DSC_0006-500x280.jpg\" class=\"attachment-thumbnail size-thumbnail\" alt=\"\" \/><\/a>\n\t\t\t<\/div><\/figure><figure class='gallery-item'>\n\t\t\t<div class='gallery-icon landscape'>\n\t\t\t\t<a href='https:\/\/municipalidadalhue.cl\/portal\/con-gran-participacion-se-llevo-a-cabo-celebracion-del-dia-del-dirigente-social\/dsc_0011-27\/'><img loading=\"lazy\" decoding=\"async\" width=\"500\" height=\"280\" src=\"https:\/\/municipalidadalhue.cl\/portal\/wp-content\/uploads\/2024\/08\/DSC_0011-500x280.jpg\" class=\"attachment-thumbnail size-thumbnail\" alt=\"\" \/><\/a>\n\t\t\t<\/div><\/figure><figure class='gallery-item'>\n\t\t\t<div class='gallery-icon landscape'>\n\t\t\t\t<a href='https:\/\/municipalidadalhue.cl\/portal\/con-gran-participacion-se-llevo-a-cabo-celebracion-del-dia-del-dirigente-social\/dsc_0012-21\/'><img loading=\"lazy\" decoding=\"async\" width=\"500\" height=\"280\" src=\"https:\/\/municipalidadalhue.cl\/portal\/wp-content\/uploads\/2024\/08\/DSC_0012-500x280.jpg\" class=\"attachment-thumbnail size-thumbnail\" alt=\"\" \/><\/a>\n\t\t\t<\/div><\/figure><figure class='gallery-item'>\n\t\t\t<div class='gallery-icon landscape'>\n\t\t\t\t<a href='https:\/\/municipalidadalhue.cl\/portal\/con-gran-participacion-se-llevo-a-cabo-celebracion-del-dia-del-dirigente-social\/dsc_0016-27\/'><img loading=\"lazy\" decoding=\"async\" width=\"500\" height=\"280\" src=\"https:\/\/municipalidadalhue.cl\/portal\/wp-content\/uploads\/2024\/08\/DSC_0016-1-500x280.jpg\" class=\"attachment-thumbnail size-thumbnail\" alt=\"\" \/><\/a>\n\t\t\t<\/div><\/figure><figure class='gallery-item'>\n\t\t\t<div class='gallery-icon landscape'>\n\t\t\t\t<a href='https:\/\/municipalidadalhue.cl\/portal\/con-gran-participacion-se-llevo-a-cabo-celebracion-del-dia-del-dirigente-social\/dsc_0019-20\/'><img loading=\"lazy\" decoding=\"async\" width=\"500\" height=\"280\" src=\"https:\/\/municipalidadalhue.cl\/portal\/wp-content\/uploads\/2024\/08\/DSC_0019-500x280.jpg\" class=\"attachment-thumbnail size-thumbnail\" alt=\"\" \/><\/a>\n\t\t\t<\/div><\/figure><figure class='gallery-item'>\n\t\t\t<div class='gallery-icon landscape'>\n\t\t\t\t<a href='https:\/\/municipalidadalhue.cl\/portal\/con-gran-participacion-se-llevo-a-cabo-celebracion-del-dia-del-dirigente-social\/dsc_0022-16\/'><img loading=\"lazy\" decoding=\"async\" width=\"500\" height=\"280\" src=\"https:\/\/municipalidadalhue.cl\/portal\/wp-content\/uploads\/2024\/08\/DSC_0022-500x280.jpg\" class=\"attachment-thumbnail size-thumbnail\" alt=\"\" \/><\/a>\n\t\t\t<\/div><\/figure><figure class='gallery-item'>\n\t\t\t<div class='gallery-icon landscape'>\n\t\t\t\t<a href='https:\/\/municipalidadalhue.cl\/portal\/con-gran-participacion-se-llevo-a-cabo-celebracion-del-dia-del-dirigente-social\/dsc_0025-11\/'><img loading=\"lazy\" decoding=\"async\" width=\"500\" height=\"280\" src=\"https:\/\/municipalidadalhue.cl\/portal\/wp-content\/uploads\/2024\/08\/DSC_0025-500x280.jpg\" class=\"attachment-thumbnail size-thumbnail\" alt=\"\" \/><\/a>\n\t\t\t<\/div><\/figure><figure class='gallery-item'>\n\t\t\t<div class='gallery-icon landscape'>\n\t\t\t\t<a href='https:\/\/municipalidadalhue.cl\/portal\/con-gran-participacion-se-llevo-a-cabo-celebracion-del-dia-del-dirigente-social\/dsc_0028-13\/'><img loading=\"lazy\" decoding=\"async\" width=\"500\" height=\"280\" src=\"https:\/\/municipalidadalhue.cl\/portal\/wp-content\/uploads\/2024\/08\/DSC_0028-500x280.jpg\" class=\"attachment-thumbnail size-thumbnail\" alt=\"\" \/><\/a>\n\t\t\t<\/div><\/figure><figure class='gallery-item'>\n\t\t\t<div class='gallery-icon landscape'>\n\t\t\t\t<a href='https:\/\/municipalidadalhue.cl\/portal\/con-gran-participacion-se-llevo-a-cabo-celebracion-del-dia-del-dirigente-social\/dsc_0031-15\/'><img loading=\"lazy\" decoding=\"async\" width=\"500\" height=\"280\" src=\"https:\/\/municipalidadalhue.cl\/portal\/wp-content\/uploads\/2024\/08\/DSC_0031-500x280.jpg\" class=\"attachment-thumbnail size-thumbnail\" alt=\"\" \/><\/a>\n\t\t\t<\/div><\/figure><figure class='gallery-item'>\n\t\t\t<div class='gallery-icon landscape'>\n\t\t\t\t<a href='https:\/\/municipalidadalhue.cl\/portal\/con-gran-participacion-se-llevo-a-cabo-celebracion-del-dia-del-dirigente-social\/dsc_0033-15\/'><img loading=\"lazy\" decoding=\"async\" width=\"500\" height=\"280\" src=\"https:\/\/municipalidadalhue.cl\/portal\/wp-content\/uploads\/2024\/08\/DSC_0033-500x280.jpg\" class=\"attachment-thumbnail size-thumbnail\" alt=\"\" \/><\/a>\n\t\t\t<\/div><\/figure><figure class='gallery-item'>\n\t\t\t<div class='gallery-icon landscape'>\n\t\t\t\t<a href='https:\/\/municipalidadalhue.cl\/portal\/con-gran-participacion-se-llevo-a-cabo-celebracion-del-dia-del-dirigente-social\/dsc_0036-12\/'><img loading=\"lazy\" decoding=\"async\" width=\"500\" height=\"280\" src=\"https:\/\/municipalidadalhue.cl\/portal\/wp-content\/uploads\/2024\/08\/DSC_0036-500x280.jpg\" class=\"attachment-thumbnail size-thumbnail\" alt=\"\" \/><\/a>\n\t\t\t<\/div><\/figure><figure class='gallery-item'>\n\t\t\t<div class='gallery-icon landscape'>\n\t\t\t\t<a href='https:\/\/municipalidadalhue.cl\/portal\/con-gran-participacion-se-llevo-a-cabo-celebracion-del-dia-del-dirigente-social\/dsc_0040-11\/'><img loading=\"lazy\" decoding=\"async\" width=\"500\" height=\"280\" src=\"https:\/\/municipalidadalhue.cl\/portal\/wp-content\/uploads\/2024\/08\/DSC_0040-500x280.jpg\" class=\"attachment-thumbnail size-thumbnail\" alt=\"\" \/><\/a>\n\t\t\t<\/div><\/figure><figure class='gallery-item'>\n\t\t\t<div class='gallery-icon landscape'>\n\t\t\t\t<a href='https:\/\/municipalidadalhue.cl\/portal\/con-gran-participacion-se-llevo-a-cabo-celebracion-del-dia-del-dirigente-social\/dsc_0042-4\/'><img loading=\"lazy\" decoding=\"async\" width=\"500\" height=\"280\" src=\"https:\/\/municipalidadalhue.cl\/portal\/wp-content\/uploads\/2024\/08\/DSC_0042-500x280.jpg\" class=\"attachment-thumbnail size-thumbnail\" alt=\"\" \/><\/a>\n\t\t\t<\/div><\/figure><figure class='gallery-item'>\n\t\t\t<div class='gallery-icon landscape'>\n\t\t\t\t<a href='https:\/\/municipalidadalhue.cl\/portal\/con-gran-participacion-se-llevo-a-cabo-celebracion-del-dia-del-dirigente-social\/dsc_0044-13\/'><img loading=\"lazy\" decoding=\"async\" width=\"500\" height=\"280\" src=\"https:\/\/municipalidadalhue.cl\/portal\/wp-content\/uploads\/2024\/08\/DSC_0044-500x280.jpg\" class=\"attachment-thumbnail size-thumbnail\" alt=\"\" \/><\/a>\n\t\t\t<\/div><\/figure><figure class='gallery-item'>\n\t\t\t<div class='gallery-icon landscape'>\n\t\t\t\t<a href='https:\/\/municipalidadalhue.cl\/portal\/con-gran-participacion-se-llevo-a-cabo-celebracion-del-dia-del-dirigente-social\/dsc_0047-15\/'><img loading=\"lazy\" decoding=\"async\" width=\"500\" height=\"280\" src=\"https:\/\/municipalidadalhue.cl\/portal\/wp-content\/uploads\/2024\/08\/DSC_0047-500x280.jpg\" class=\"attachment-thumbnail size-thumbnail\" alt=\"\" \/><\/a>\n\t\t\t<\/div><\/figure><figure class='gallery-item'>\n\t\t\t<div class='gallery-icon landscape'>\n\t\t\t\t<a href='https:\/\/municipalidadalhue.cl\/portal\/con-gran-participacion-se-llevo-a-cabo-celebracion-del-dia-del-dirigente-social\/dsc_0052-14\/'><img loading=\"lazy\" decoding=\"async\" width=\"500\" height=\"280\" src=\"https:\/\/municipalidadalhue.cl\/portal\/wp-content\/uploads\/2024\/08\/DSC_0052-500x280.jpg\" class=\"attachment-thumbnail size-thumbnail\" alt=\"\" \/><\/a>\n\t\t\t<\/div><\/figure><figure class='gallery-item'>\n\t\t\t<div class='gallery-icon landscape'>\n\t\t\t\t<a href='https:\/\/municipalidadalhue.cl\/portal\/con-gran-participacion-se-llevo-a-cabo-celebracion-del-dia-del-dirigente-social\/dsc_0055-13\/'><img loading=\"lazy\" decoding=\"async\" width=\"500\" height=\"280\" src=\"https:\/\/municipalidadalhue.cl\/portal\/wp-content\/uploads\/2024\/08\/DSC_0055-500x280.jpg\" class=\"attachment-thumbnail size-thumbnail\" alt=\"\" \/><\/a>\n\t\t\t<\/div><\/figure><figure class='gallery-item'>\n\t\t\t<div class='gallery-icon landscape'>\n\t\t\t\t<a href='https:\/\/municipalidadalhue.cl\/portal\/con-gran-participacion-se-llevo-a-cabo-celebracion-del-dia-del-dirigente-social\/dsc_0058-10\/'><img loading=\"lazy\" decoding=\"async\" width=\"500\" height=\"280\" src=\"https:\/\/municipalidadalhue.cl\/portal\/wp-content\/uploads\/2024\/08\/DSC_0058-500x280.jpg\" class=\"attachment-thumbnail size-thumbnail\" alt=\"\" \/><\/a>\n\t\t\t<\/div><\/figure><figure class='gallery-item'>\n\t\t\t<div class='gallery-icon landscape'>\n\t\t\t\t<a href='https:\/\/municipalidadalhue.cl\/portal\/con-gran-participacion-se-llevo-a-cabo-celebracion-del-dia-del-dirigente-social\/dsc_0060-5\/'><img loading=\"lazy\" decoding=\"async\" width=\"500\" height=\"280\" src=\"https:\/\/municipalidadalhue.cl\/portal\/wp-content\/uploads\/2024\/08\/DSC_0060-500x280.jpg\" class=\"attachment-thumbnail size-thumbnail\" alt=\"\" \/><\/a>\n\t\t\t<\/div><\/figure><figure class='gallery-item'>\n\t\t\t<div class='gallery-icon landscape'>\n\t\t\t\t<a href='https:\/\/municipalidadalhue.cl\/portal\/con-gran-participacion-se-llevo-a-cabo-celebracion-del-dia-del-dirigente-social\/dsc_0063-11\/'><img loading=\"lazy\" decoding=\"async\" width=\"500\" height=\"280\" src=\"https:\/\/municipalidadalhue.cl\/portal\/wp-content\/uploads\/2024\/08\/DSC_0063-500x280.jpg\" class=\"attachment-thumbnail size-thumbnail\" alt=\"\" \/><\/a>\n\t\t\t<\/div><\/figure><figure class='gallery-item'>\n\t\t\t<div class='gallery-icon landscape'>\n\t\t\t\t<a href='https:\/\/municipalidadalhue.cl\/portal\/con-gran-participacion-se-llevo-a-cabo-celebracion-del-dia-del-dirigente-social\/dsc_0065-7\/'><img loading=\"lazy\" decoding=\"async\" width=\"500\" height=\"280\" src=\"https:\/\/municipalidadalhue.cl\/portal\/wp-content\/uploads\/2024\/08\/DSC_0065-500x280.jpg\" class=\"attachment-thumbnail size-thumbnail\" alt=\"\" \/><\/a>\n\t\t\t<\/div><\/figure><figure class='gallery-item'>\n\t\t\t<div class='gallery-icon landscape'>\n\t\t\t\t<a href='https:\/\/municipalidadalhue.cl\/portal\/con-gran-participacion-se-llevo-a-cabo-celebracion-del-dia-del-dirigente-social\/dsc_0078-5\/'><img loading=\"lazy\" decoding=\"async\" width=\"500\" height=\"280\" src=\"https:\/\/municipalidadalhue.cl\/portal\/wp-content\/uploads\/2024\/08\/DSC_0078-500x280.jpg\" class=\"attachment-thumbnail size-thumbnail\" alt=\"\" \/><\/a>\n\t\t\t<\/div><\/figure><figure class='gallery-item'>\n\t\t\t<div class='gallery-icon landscape'>\n\t\t\t\t<a href='https:\/\/municipalidadalhue.cl\/portal\/con-gran-participacion-se-llevo-a-cabo-celebracion-del-dia-del-dirigente-social\/dsc_0079-5\/'><img loading=\"lazy\" decoding=\"async\" width=\"500\" height=\"280\" src=\"https:\/\/municipalidadalhue.cl\/portal\/wp-content\/uploads\/2024\/08\/DSC_0079-500x280.jpg\" class=\"attachment-thumbnail size-thumbnail\" alt=\"\" \/><\/a>\n\t\t\t<\/div><\/figure><figure class='gallery-item'>\n\t\t\t<div class='gallery-icon landscape'>\n\t\t\t\t<a href='https:\/\/municipalidadalhue.cl\/portal\/con-gran-participacion-se-llevo-a-cabo-celebracion-del-dia-del-dirigente-social\/dsc_0088-2\/'><img loading=\"lazy\" decoding=\"async\" width=\"500\" height=\"280\" src=\"https:\/\/municipalidadalhue.cl\/portal\/wp-content\/uploads\/2024\/08\/DSC_0088-500x280.jpg\" class=\"attachment-thumbnail size-thumbnail\" alt=\"\" \/><\/a>\n\t\t\t<\/div><\/figure><figure class='gallery-item'>\n\t\t\t<div class='gallery-icon landscape'>\n\t\t\t\t<a href='https:\/\/municipalidadalhue.cl\/portal\/con-gran-participacion-se-llevo-a-cabo-celebracion-del-dia-del-dirigente-social\/dsc_0093-4\/'><img loading=\"lazy\" decoding=\"async\" width=\"500\" height=\"280\" src=\"https:\/\/municipalidadalhue.cl\/portal\/wp-content\/uploads\/2024\/08\/DSC_0093-500x280.jpg\" class=\"attachment-thumbnail size-thumbnail\" alt=\"\" \/><\/a>\n\t\t\t<\/div><\/figure><figure class='gallery-item'>\n\t\t\t<div class='gallery-icon landscape'>\n\t\t\t\t<a href='https:\/\/municipalidadalhue.cl\/portal\/con-gran-participacion-se-llevo-a-cabo-celebracion-del-dia-del-dirigente-social\/dsc_0111-4\/'><img loading=\"lazy\" decoding=\"async\" width=\"500\" height=\"280\" src=\"https:\/\/municipalidadalhue.cl\/portal\/wp-content\/uploads\/2024\/08\/DSC_0111-500x280.jpg\" class=\"attachment-thumbnail size-thumbnail\" alt=\"\" \/><\/a>\n\t\t\t<\/div><\/figure><figure class='gallery-item'>\n\t\t\t<div class='gallery-icon landscape'>\n\t\t\t\t<a href='https:\/\/municipalidadalhue.cl\/portal\/con-gran-participacion-se-llevo-a-cabo-celebracion-del-dia-del-dirigente-social\/dsc_0120\/'><img loading=\"lazy\" decoding=\"async\" width=\"500\" height=\"280\" src=\"https:\/\/municipalidadalhue.cl\/portal\/wp-content\/uploads\/2024\/08\/DSC_0120-500x280.jpg\" class=\"attachment-thumbnail size-thumbnail\" alt=\"\" \/><\/a>\n\t\t\t<\/div><\/figure>\n\t\t<\/div>\n\n","protected":false},"excerpt":{"rendered":"<p>Cada 7 de agosto, constituye una jornada especial para miles de hombres y mujeres a lo largo de Chile, que comparten el orgullo y la vocaci\u00f3n de ser servidores p\u00fablicos an\u00f3nimos, comprometidos con el desarrollo y el progreso de su entorno, y de sus comunidades. En ese sentido, la Ilustre Municipalidad de Alhu\u00e9 realiz\u00f3 la celebraci\u00f3n del D\u00eda del Dirigente Social, jornada que cont\u00f3 con m\u00e1s de 150 representantes de las diferentes organizaciones sociales de toda nuestra comuna. Esta cita se llev\u00f3 a cabo en el sal\u00f3n del Comit\u00e9 de&hellip;<\/p>\n","protected":false},"author":1,"featured_media":18338,"comment_status":"closed","ping_status":"closed","sticky":false,"template":"","format":"standard","meta":{"footnotes":""},"categories":[10,4,5,8],"tags":[],"class_list":["post-18336","post","type-post","status-publish","format-standard","has-post-thumbnail","hentry","category-alcaldesa","category-comunidad","category-concejo","category-noticia"],"_links":{"self":[{"href":"https:\/\/municipalidadalhue.cl\/portal\/wp-json\/wp\/v2\/posts\/18336","targetHints":{"allow":["GET"]}}],"collection":[{"href":"https:\/\/municipalidadalhue.cl\/portal\/wp-json\/wp\/v2\/posts"}],"about":[{"href":"https:\/\/municipalidadalhue.cl\/portal\/wp-json\/wp\/v2\/types\/post"}],"author":[{"embeddable":true,"href":"https:\/\/municipalidadalhue.cl\/portal\/wp-json\/wp\/v2\/users\/1"}],"replies":[{"embeddable":true,"href":"https:\/\/municipalidadalhue.cl\/portal\/wp-json\/wp\/v2\/comments?post=18336"}],"version-history":[{"count":1,"href":"https:\/\/municipalidadalhue.cl\/portal\/wp-json\/wp\/v2\/posts\/18336\/revisions"}],"predecessor-version":[{"id":18369,"href":"https:\/\/municipalidadalhue.cl\/portal\/wp-json\/wp\/v2\/posts\/18336\/revisions\/18369"}],"wp:featuredmedia":[{"embeddable":true,"href":"https:\/\/municipalidadalhue.cl\/portal\/wp-json\/wp\/v2\/media\/18338"}],"wp:attachment":[{"href":"https:\/\/municipalidadalhue.cl\/portal\/wp-json\/wp\/v2\/media?parent=18336"}],"wp:term":[{"taxonomy":"category","embeddable":true,"href":"https:\/\/municipalidadalhue.cl\/portal\/wp-json\/wp\/v2\/categories?post=18336"},{"taxonomy":"post_tag","embeddable":true,"href":"https:\/\/municipalidadalhue.cl\/portal\/wp-json\/wp\/v2\/tags?post=18336"}],"curies":[{"name":"wp","href":"https:\/\/api.w.org\/{rel}","templated":true}]}}