{"id":18374,"date":"2024-08-12T21:13:37","date_gmt":"2024-08-12T21:13:37","guid":{"rendered":"https:\/\/municipalidadalhue.cl\/portal\/?p=18374"},"modified":"2024-08-12T21:13:37","modified_gmt":"2024-08-12T21:13:37","slug":"parque-comunal-se-repleto-de-alegria-para-celebrar-el-dia-de-la-ninez-en-alhue","status":"publish","type":"post","link":"https:\/\/municipalidadalhue.cl\/portal\/parque-comunal-se-repleto-de-alegria-para-celebrar-el-dia-de-la-ninez-en-alhue\/","title":{"rendered":"Parque Comunal se replet\u00f3 de alegr\u00eda para celebrar el D\u00eda de la Ni\u00f1ez en Alhu\u00e9"},"content":{"rendered":"<p>Con la participaci\u00f3n de m\u00e1s de 4 mil personas se llev\u00f3 a cabo desde el Parque Comunal la celebraci\u00f3n del D\u00eda de la Ni\u00f1ez a cargo de la Ilustre Municipalidad de Alhu\u00e9.<\/p>\n<p>En esta entretenida jornada nuestros ni\u00f1os y ni\u00f1as tuvieron la oportunidad de disfrutar de entretenidos juegos, ricas golosinas, juegos inflables, pinta caritas y shows art\u00edsticos.<\/p>\n<p>De igual forma, se cont\u00f3 con una entretenida actividad llamada \u201cAlhu\u00e9 Kids\u201d, donde los ni\u00f1os y ni\u00f1as pudieron conocer diferentes trabajos y oficios que se realizan, contando con la participaci\u00f3n de representantes del Cuerpo de Bomberos de Alhu\u00e9, la Polic\u00eda de Investigaciones, la Asociaci\u00f3n de Apicultores con Conciencia de Alhu\u00e9 y funcionarias del Departamento de Salud.<\/p>\n<p>Adem\u00e1s, por primera vez en Alhu\u00e9 nuestros ni\u00f1os y ni\u00f1as tuvieron la oportunidad de disfrutar de la presentaci\u00f3n de \u201cTumbaTePaki\u201d, una agrupaci\u00f3n que re\u00fane al arte, protecci\u00f3n del medioambiente, autocuidado y el mundo circense.<\/p>\n<p>Asimismo, se cont\u00f3 con la participaci\u00f3n de la Batucada Esp\u00edritus Alhu\u00ednos, que hizo bailar a los asistentes con su pegajoso ritmo.<\/p>\n<p>Los pap\u00e1s y mamas de los ni\u00f1os y ni\u00f1as se mostraron muy felices de poder disfrutar de una tarde recreativa junto a sus hijos, adem\u00e1s de agradecer el desarrollo de esta celebraci\u00f3n.<\/p>\n<p>Cabe resaltar, que en esta jornada estuvo presente el Alcalde Roberto Torres Huerta, y los concejales Roberto Aravena, Jos\u00e9 Arellano y \u00c1lex Riquelme, quienes subrayaron la alta participaci\u00f3n de vecinos en este D\u00eda de la Ni\u00f1ez, destacando que esta celebraci\u00f3n se realiza con mucho cari\u00f1o para cada uno de los ni\u00f1os y ni\u00f1as de Alhu\u00e9.<\/p>\n","protected":false},"excerpt":{"rendered":"<p>Con la participaci\u00f3n de m\u00e1s de 4 mil personas se llev\u00f3 a cabo desde el Parque Comunal la celebraci\u00f3n del D\u00eda de la Ni\u00f1ez a cargo de la Ilustre Municipalidad de Alhu\u00e9. En esta entretenida jornada nuestros ni\u00f1os y ni\u00f1as tuvieron la oportunidad de disfrutar de entretenidos juegos, ricas golosinas, juegos inflables, pinta caritas y shows art\u00edsticos. De igual forma, se cont\u00f3 con una entretenida actividad llamada \u201cAlhu\u00e9 Kids\u201d, donde los ni\u00f1os y ni\u00f1as pudieron conocer diferentes trabajos y oficios que se realizan, contando con la participaci\u00f3n de representantes del&hellip;<\/p>\n","protected":false},"author":1,"featured_media":18375,"comment_status":"closed","ping_status":"closed","sticky":false,"template":"","format":"standard","meta":{"footnotes":""},"categories":[10,4,5,8],"tags":[],"class_list":["post-18374","post","type-post","status-publish","format-standard","has-post-thumbnail","hentry","category-alcaldesa","category-comunidad","category-concejo","category-noticia"],"_links":{"self":[{"href":"https:\/\/municipalidadalhue.cl\/portal\/wp-json\/wp\/v2\/posts\/18374","targetHints":{"allow":["GET"]}}],"collection":[{"href":"https:\/\/municipalidadalhue.cl\/portal\/wp-json\/wp\/v2\/posts"}],"about":[{"href":"https:\/\/municipalidadalhue.cl\/portal\/wp-json\/wp\/v2\/types\/post"}],"author":[{"embeddable":true,"href":"https:\/\/municipalidadalhue.cl\/portal\/wp-json\/wp\/v2\/users\/1"}],"replies":[{"embeddable":true,"href":"https:\/\/municipalidadalhue.cl\/portal\/wp-json\/wp\/v2\/comments?post=18374"}],"version-history":[{"count":1,"href":"https:\/\/municipalidadalhue.cl\/portal\/wp-json\/wp\/v2\/posts\/18374\/revisions"}],"predecessor-version":[{"id":18376,"href":"https:\/\/municipalidadalhue.cl\/portal\/wp-json\/wp\/v2\/posts\/18374\/revisions\/18376"}],"wp:featuredmedia":[{"embeddable":true,"href":"https:\/\/municipalidadalhue.cl\/portal\/wp-json\/wp\/v2\/media\/18375"}],"wp:attachment":[{"href":"https:\/\/municipalidadalhue.cl\/portal\/wp-json\/wp\/v2\/media?parent=18374"}],"wp:term":[{"taxonomy":"category","embeddable":true,"href":"https:\/\/municipalidadalhue.cl\/portal\/wp-json\/wp\/v2\/categories?post=18374"},{"taxonomy":"post_tag","embeddable":true,"href":"https:\/\/municipalidadalhue.cl\/portal\/wp-json\/wp\/v2\/tags?post=18374"}],"curies":[{"name":"wp","href":"https:\/\/api.w.org\/{rel}","templated":true}]}}