{"id":18377,"date":"2024-08-13T20:40:56","date_gmt":"2024-08-13T20:40:56","guid":{"rendered":"https:\/\/municipalidadalhue.cl\/portal\/?p=18377"},"modified":"2024-08-13T20:40:56","modified_gmt":"2024-08-13T20:40:56","slug":"agrupacion-de-emprendedores-de-alhue-finalizo-con-exito-cierre-de-proyecto-enmarcado-en-el-8-del-gore","status":"publish","type":"post","link":"https:\/\/municipalidadalhue.cl\/portal\/agrupacion-de-emprendedores-de-alhue-finalizo-con-exito-cierre-de-proyecto-enmarcado-en-el-8-del-gore\/","title":{"rendered":"Agrupaci\u00f3n de Emprendedores de Alhu\u00e9 finaliz\u00f3 con \u00e9xito cierre de proyecto enmarcado en el 8% del GORE"},"content":{"rendered":"<p>El 13 de agosto se llev\u00f3 a cabo el cierre de una destacada iniciativa que beneficia a un grupo de feriantes de nuestra comuna.<\/p>\n<p>La Agrupaci\u00f3n de Emprendedores de Alhu\u00e9 realiz\u00f3 el cierre del proyecto \u201cCreciendo Juntos\u201d, que entreg\u00f3 $1.790.000, con el objetivo de adquirir 80 toldos y 80 carpas laterales para feriantes de a esta organizaci\u00f3n<\/p>\n<p>En la ceremonia estuvo presente en representaci\u00f3n del Alcalde Roberto Torres Huerta, la funcionaria de DIDECO, Carla Meza; la consejera regional Cristina Soto; la presidenta de la Asociaci\u00f3n de Emprendedores de Alhu\u00e9, Adriana Gonz\u00e1lez; adem\u00e1s de dirigentes sociales, feriantes y vecinos en general.<\/p>\n<p>Los beneficiados con este proyecto resaltaron que \u201ccontar con toldos en cada puesto nos otorgar\u00e1 igualdad entre feriantes, debido a que todos los socios de la agrupaci\u00f3n tendr\u00e1n carpas de un mismo color y as\u00ed se entregar\u00e1 una mejor imagen ante nuestros clientes\u201d.<\/p>\n<p>Asimismo, subrayaron que \u201cesto mejorar\u00e1 la calidad de cada puesto, ya que al contar con un espacio semi-cerrado, nos cubrir\u00e1 del sol y lluvias a las cuales eventualmente tengamos que enfrentar. As\u00ed, resguardaremos la seguridad, tanto de nuestros clientes como de nuestros socios\u201d.<\/p>\n<p>Cabe consignar, que estas carpas ser\u00e1n utilizadas constantemente por nuestros emprendedores, espec\u00edficamente en las ferias libres de los martes, mi\u00e9rcoles, viernes, s\u00e1bados y domingo.<\/p>\n","protected":false},"excerpt":{"rendered":"<p>El 13 de agosto se llev\u00f3 a cabo el cierre de una destacada iniciativa que beneficia a un grupo de feriantes de nuestra comuna. La Agrupaci\u00f3n de Emprendedores de Alhu\u00e9 realiz\u00f3 el cierre del proyecto \u201cCreciendo Juntos\u201d, que entreg\u00f3 $1.790.000, con el objetivo de adquirir 80 toldos y 80 carpas laterales para feriantes de a esta organizaci\u00f3n En la ceremonia estuvo presente en representaci\u00f3n del Alcalde Roberto Torres Huerta, la funcionaria de DIDECO, Carla Meza; la consejera regional Cristina Soto; la presidenta de la Asociaci\u00f3n de Emprendedores de Alhu\u00e9, Adriana&hellip;<\/p>\n","protected":false},"author":1,"featured_media":18378,"comment_status":"closed","ping_status":"closed","sticky":false,"template":"","format":"standard","meta":{"footnotes":""},"categories":[4,8],"tags":[],"class_list":["post-18377","post","type-post","status-publish","format-standard","has-post-thumbnail","hentry","category-comunidad","category-noticia"],"_links":{"self":[{"href":"https:\/\/municipalidadalhue.cl\/portal\/wp-json\/wp\/v2\/posts\/18377","targetHints":{"allow":["GET"]}}],"collection":[{"href":"https:\/\/municipalidadalhue.cl\/portal\/wp-json\/wp\/v2\/posts"}],"about":[{"href":"https:\/\/municipalidadalhue.cl\/portal\/wp-json\/wp\/v2\/types\/post"}],"author":[{"embeddable":true,"href":"https:\/\/municipalidadalhue.cl\/portal\/wp-json\/wp\/v2\/users\/1"}],"replies":[{"embeddable":true,"href":"https:\/\/municipalidadalhue.cl\/portal\/wp-json\/wp\/v2\/comments?post=18377"}],"version-history":[{"count":1,"href":"https:\/\/municipalidadalhue.cl\/portal\/wp-json\/wp\/v2\/posts\/18377\/revisions"}],"predecessor-version":[{"id":18379,"href":"https:\/\/municipalidadalhue.cl\/portal\/wp-json\/wp\/v2\/posts\/18377\/revisions\/18379"}],"wp:featuredmedia":[{"embeddable":true,"href":"https:\/\/municipalidadalhue.cl\/portal\/wp-json\/wp\/v2\/media\/18378"}],"wp:attachment":[{"href":"https:\/\/municipalidadalhue.cl\/portal\/wp-json\/wp\/v2\/media?parent=18377"}],"wp:term":[{"taxonomy":"category","embeddable":true,"href":"https:\/\/municipalidadalhue.cl\/portal\/wp-json\/wp\/v2\/categories?post=18377"},{"taxonomy":"post_tag","embeddable":true,"href":"https:\/\/municipalidadalhue.cl\/portal\/wp-json\/wp\/v2\/tags?post=18377"}],"curies":[{"name":"wp","href":"https:\/\/api.w.org\/{rel}","templated":true}]}}