{"id":18389,"date":"2024-08-26T20:16:34","date_gmt":"2024-08-26T20:16:34","guid":{"rendered":"https:\/\/municipalidadalhue.cl\/portal\/?p=18389"},"modified":"2024-08-26T20:16:34","modified_gmt":"2024-08-26T20:16:34","slug":"con-gran-participacion-la-ilustre-municipalidad-de-alhue-celebro-el-dia-de-la-juventud","status":"publish","type":"post","link":"https:\/\/municipalidadalhue.cl\/portal\/con-gran-participacion-la-ilustre-municipalidad-de-alhue-celebro-el-dia-de-la-juventud\/","title":{"rendered":"Con gran participaci\u00f3n la Ilustre Municipalidad de Alhu\u00e9 celebr\u00f3 el D\u00eda de la Juventud"},"content":{"rendered":"<p>El 24 de agosto desde el Parque Comunal se llev\u00f3 a cabo la celebraci\u00f3n oficial del D\u00eda Mundial de la Juventud, contando con grandes presentaciones art\u00edsticas, mucha alegr\u00eda y entretenci\u00f3n.<\/p>\n<p>La Ilustre Municipalidad de Alhu\u00e9, a trav\u00e9s de la Oficina de Juventud de la Direcci\u00f3n de Desarrollo Comunitario, organiz\u00f3 y financi\u00f3 esta celebraci\u00f3n, que busca realzar y agradecer todo lo que la juventud desarrolla en nuestra comuna.<\/p>\n<p>Conjuntamente, en la jornada estuvieron presentes representantes del Instituto Nacional de la Juventud (INJUV), de CONAF y del Consejo Consultivo de Ni\u00f1os, Ni\u00f1as y Adolescentes de Alhu\u00e9, quienes entregaron importantes informaciones.<\/p>\n<p>De igual manera, contamos con variadas presentaciones art\u00edsticas, como fue la presentaci\u00f3n de Batuque Alhu\u00e9, una agrupaci\u00f3n que se form\u00f3 en nuestra comuna, despu\u00e9s de ser parte del Taller de Batucada que organiza la Municipalidad de Alhu\u00e9.<\/p>\n<p>Asimismo, se realiz\u00f3 una entretenida competencia de \u201cFreestyle\u201d, que es la habilidad de rapear de forma improvisada con o sin micr\u00f3fono sobre una base musical. Tambi\u00e9n llamada \u201cBatalla de Maestros\u201d, excelentes improvisadores dieron a conocer su talento en el escenario de la celebraci\u00f3n del D\u00eda de la Juventud.<\/p>\n<p>Adem\u00e1s, tuvimos presentaciones de artistas que representaban a nuestra comuna, como es la agrupaci\u00f3n Familia Cuequera, quienes, con hermosas coreograf\u00edas folcl\u00f3ricas, hicieron bailar a los asistentes; la Banda del Rock, una agrupaci\u00f3n que se conform\u00f3 como parte de un taller establecido por el Liceo Sara Troncoso; tambi\u00e9n estuvo el rapero \u201c\u00daltima Carta\u201d; todo el reggaet\u00f3n de\u201d Xavi Flow\u201d; el ritmo urbano de Eddyerick y Lil Xander; aparte de la hermosa voz de Camila Neira.<\/p>\n<p>Destacar que tambi\u00e9n contamos con la participaci\u00f3n de Degredabatu, una batucada que representa a la comuna de Melipilla, y que con su pegajoso ritmo prendi\u00f3 al p\u00fablico.<\/p>\n<p>Para finalizar esta gran celebraci\u00f3n, tuvimos a Cestar&amp;Stailok WenBros, que hicieron bailar y disfrutar a cada uno de los asistentes con sus grandes \u00e9xitos.<\/p>\n<p>Como municipio agradecemos a todas las personas que hicieron posible la celebraci\u00f3n del D\u00eda de la Juventud en Alhu\u00e9, una instancia que busca recalcar la creatividad, el potencial y la capacidad de las y los j\u00f3venes, con el objetivo de que puedan desencadenar cambios, ya sea para ellos, para sus comunidades, y para el resto del mundo.<\/p>\n","protected":false},"excerpt":{"rendered":"<p>El 24 de agosto desde el Parque Comunal se llev\u00f3 a cabo la celebraci\u00f3n oficial del D\u00eda Mundial de la Juventud, contando con grandes presentaciones art\u00edsticas, mucha alegr\u00eda y entretenci\u00f3n. La Ilustre Municipalidad de Alhu\u00e9, a trav\u00e9s de la Oficina de Juventud de la Direcci\u00f3n de Desarrollo Comunitario, organiz\u00f3 y financi\u00f3 esta celebraci\u00f3n, que busca realzar y agradecer todo lo que la juventud desarrolla en nuestra comuna. Conjuntamente, en la jornada estuvieron presentes representantes del Instituto Nacional de la Juventud (INJUV), de CONAF y del Consejo Consultivo de Ni\u00f1os, Ni\u00f1as&hellip;<\/p>\n","protected":false},"author":1,"featured_media":18390,"comment_status":"closed","ping_status":"closed","sticky":false,"template":"","format":"standard","meta":{"footnotes":""},"categories":[4,6,8],"tags":[],"class_list":["post-18389","post","type-post","status-publish","format-standard","has-post-thumbnail","hentry","category-comunidad","category-cultura","category-noticia"],"_links":{"self":[{"href":"https:\/\/municipalidadalhue.cl\/portal\/wp-json\/wp\/v2\/posts\/18389","targetHints":{"allow":["GET"]}}],"collection":[{"href":"https:\/\/municipalidadalhue.cl\/portal\/wp-json\/wp\/v2\/posts"}],"about":[{"href":"https:\/\/municipalidadalhue.cl\/portal\/wp-json\/wp\/v2\/types\/post"}],"author":[{"embeddable":true,"href":"https:\/\/municipalidadalhue.cl\/portal\/wp-json\/wp\/v2\/users\/1"}],"replies":[{"embeddable":true,"href":"https:\/\/municipalidadalhue.cl\/portal\/wp-json\/wp\/v2\/comments?post=18389"}],"version-history":[{"count":1,"href":"https:\/\/municipalidadalhue.cl\/portal\/wp-json\/wp\/v2\/posts\/18389\/revisions"}],"predecessor-version":[{"id":18391,"href":"https:\/\/municipalidadalhue.cl\/portal\/wp-json\/wp\/v2\/posts\/18389\/revisions\/18391"}],"wp:featuredmedia":[{"embeddable":true,"href":"https:\/\/municipalidadalhue.cl\/portal\/wp-json\/wp\/v2\/media\/18390"}],"wp:attachment":[{"href":"https:\/\/municipalidadalhue.cl\/portal\/wp-json\/wp\/v2\/media?parent=18389"}],"wp:term":[{"taxonomy":"category","embeddable":true,"href":"https:\/\/municipalidadalhue.cl\/portal\/wp-json\/wp\/v2\/categories?post=18389"},{"taxonomy":"post_tag","embeddable":true,"href":"https:\/\/municipalidadalhue.cl\/portal\/wp-json\/wp\/v2\/tags?post=18389"}],"curies":[{"name":"wp","href":"https:\/\/api.w.org\/{rel}","templated":true}]}}