{"id":18413,"date":"2024-09-06T19:45:25","date_gmt":"2024-09-06T19:45:25","guid":{"rendered":"https:\/\/municipalidadalhue.cl\/portal\/?p=18413"},"modified":"2024-09-06T20:17:22","modified_gmt":"2024-09-06T20:17:22","slug":"cientos-de-personas-disfrutaron-del-encuentro-comunal-de-cueca-escolar-2024","status":"publish","type":"post","link":"https:\/\/municipalidadalhue.cl\/portal\/cientos-de-personas-disfrutaron-del-encuentro-comunal-de-cueca-escolar-2024\/","title":{"rendered":"Cientos de personas disfrutaron del Encuentro Comunal de Cueca Escolar 2024"},"content":{"rendered":"<p>Durante esta jornada se realiz\u00f3 una de las actividades m\u00e1s tradicionales de nuestra comuna, el Encuentro Comunal de Cueca Escolar, ahora desde la Escuela Hacienda Alhu\u00e9, con la participaci\u00f3n de estudiantes de los 5 establecimientos educacionales de Alhu\u00e9, adem\u00e1s de representantes del Jard\u00edn Infantil Los Brujitos de Pichi.<\/p>\n<p>Esta jornada cont\u00f3 con la asistencia del Alcalde Roberto Torres Huerta; los concejales Carmen Gloria Espinoza, Roberto Aravena y Alex Riquelme; adem\u00e1s de directores de los establecimientos educacionales de nuestra comuna, entre otros asistentes.<\/p>\n<p>Nuestro edil resalt\u00f3 la participaci\u00f3n de los estudiantes en este Encuentro Comunal de Cueca, destacando tambi\u00e9n el trabajo de sus familias, para seguir fomentando la danza patria de Chile.<\/p>\n<p>Como municipio agradecemos y destacamos la participaci\u00f3n de cada uno de las y los estudiantes, adem\u00e1s del apoyo que les entregan sus padres y apoderados en esta celebraci\u00f3n, que busca recalcar y poner en alto el nombre de la cueca en Alhu\u00e9.<\/p>\n","protected":false},"excerpt":{"rendered":"<p>Durante esta jornada se realiz\u00f3 una de las actividades m\u00e1s tradicionales de nuestra comuna, el Encuentro Comunal de Cueca Escolar, ahora desde la Escuela Hacienda Alhu\u00e9, con la participaci\u00f3n de estudiantes de los 5 establecimientos educacionales de Alhu\u00e9, adem\u00e1s de representantes del Jard\u00edn Infantil Los Brujitos de Pichi. Esta jornada cont\u00f3 con la asistencia del Alcalde Roberto Torres Huerta; los concejales Carmen Gloria Espinoza, Roberto Aravena y Alex Riquelme; adem\u00e1s de directores de los establecimientos educacionales de nuestra comuna, entre otros asistentes. Nuestro edil resalt\u00f3 la participaci\u00f3n de los estudiantes&hellip;<\/p>\n","protected":false},"author":1,"featured_media":18414,"comment_status":"closed","ping_status":"closed","sticky":false,"template":"","format":"standard","meta":{"footnotes":""},"categories":[10,4,5,6,8],"tags":[],"class_list":["post-18413","post","type-post","status-publish","format-standard","has-post-thumbnail","hentry","category-alcaldesa","category-comunidad","category-concejo","category-cultura","category-noticia"],"_links":{"self":[{"href":"https:\/\/municipalidadalhue.cl\/portal\/wp-json\/wp\/v2\/posts\/18413","targetHints":{"allow":["GET"]}}],"collection":[{"href":"https:\/\/municipalidadalhue.cl\/portal\/wp-json\/wp\/v2\/posts"}],"about":[{"href":"https:\/\/municipalidadalhue.cl\/portal\/wp-json\/wp\/v2\/types\/post"}],"author":[{"embeddable":true,"href":"https:\/\/municipalidadalhue.cl\/portal\/wp-json\/wp\/v2\/users\/1"}],"replies":[{"embeddable":true,"href":"https:\/\/municipalidadalhue.cl\/portal\/wp-json\/wp\/v2\/comments?post=18413"}],"version-history":[{"count":1,"href":"https:\/\/municipalidadalhue.cl\/portal\/wp-json\/wp\/v2\/posts\/18413\/revisions"}],"predecessor-version":[{"id":18415,"href":"https:\/\/municipalidadalhue.cl\/portal\/wp-json\/wp\/v2\/posts\/18413\/revisions\/18415"}],"wp:featuredmedia":[{"embeddable":true,"href":"https:\/\/municipalidadalhue.cl\/portal\/wp-json\/wp\/v2\/media\/18414"}],"wp:attachment":[{"href":"https:\/\/municipalidadalhue.cl\/portal\/wp-json\/wp\/v2\/media?parent=18413"}],"wp:term":[{"taxonomy":"category","embeddable":true,"href":"https:\/\/municipalidadalhue.cl\/portal\/wp-json\/wp\/v2\/categories?post=18413"},{"taxonomy":"post_tag","embeddable":true,"href":"https:\/\/municipalidadalhue.cl\/portal\/wp-json\/wp\/v2\/tags?post=18413"}],"curies":[{"name":"wp","href":"https:\/\/api.w.org\/{rel}","templated":true}]}}