{"id":18416,"date":"2024-09-06T20:39:56","date_gmt":"2024-09-06T20:39:56","guid":{"rendered":"https:\/\/municipalidadalhue.cl\/portal\/?p=18416"},"modified":"2024-09-06T20:39:56","modified_gmt":"2024-09-06T20:39:56","slug":"municipalidad-de-alhue-sigue-trabajando-en-construccion-del-pladeco-2025-2028","status":"publish","type":"post","link":"https:\/\/municipalidadalhue.cl\/portal\/municipalidad-de-alhue-sigue-trabajando-en-construccion-del-pladeco-2025-2028\/","title":{"rendered":"Municipalidad de Alhu\u00e9 sigue trabajando en construcci\u00f3n del PLADECO 2025-2028"},"content":{"rendered":"<p>Con el objetivo de continuar el trabajo del Plan de Desarrollo Comunal (PLADECO) de Alhu\u00e9 2025-2028, entre el 04 y 05 de septiembre nuestro municipio sigue realizando todo tipo de labores y talleres para poder materializar esta planificaci\u00f3n de la mejor manera.<\/p>\n<p>En ese sentido, se invit\u00f3 a representantes de los comerciantes y emprendedores de Alhu\u00e9, junto a funcionarios del \u00e1rea de desarrollo econ\u00f3mico de nuestro municipio; as\u00ed como tambi\u00e9n, se reunieron con representantes del \u00e1rea de seguridad p\u00fablica, con carabineros, bomberos, Oficina Municipal de Emergencias, Centro de Atenci\u00f3n a la Familia y Departamento de Salud.<\/p>\n<p>De igual forma, se reunieron con representantes de las diferentes organizaciones sociales de Alhu\u00e9 y la comunidad estudiantil del Liceo Sara Troncoso.<\/p>\n<p>Estos encuentros buscan conocer las necesidades y requerimientos de estas organizaciones y habitantes del territorio, con el objetivo de poder avanzar en la materializaci\u00f3n del PLADECO de Alhu\u00e9, un instrumento que orientar\u00e1 el desarrollo y futuro de nuestra comuna.<\/p>\n","protected":false},"excerpt":{"rendered":"<p>Con el objetivo de continuar el trabajo del Plan de Desarrollo Comunal (PLADECO) de Alhu\u00e9 2025-2028, entre el 04 y 05 de septiembre nuestro municipio sigue realizando todo tipo de labores y talleres para poder materializar esta planificaci\u00f3n de la mejor manera. En ese sentido, se invit\u00f3 a representantes de los comerciantes y emprendedores de Alhu\u00e9, junto a funcionarios del \u00e1rea de desarrollo econ\u00f3mico de nuestro municipio; as\u00ed como tambi\u00e9n, se reunieron con representantes del \u00e1rea de seguridad p\u00fablica, con carabineros, bomberos, Oficina Municipal de Emergencias, Centro de Atenci\u00f3n a&hellip;<\/p>\n","protected":false},"author":1,"featured_media":18417,"comment_status":"closed","ping_status":"closed","sticky":false,"template":"","format":"standard","meta":{"footnotes":""},"categories":[10,4,5,8,9],"tags":[],"class_list":["post-18416","post","type-post","status-publish","format-standard","has-post-thumbnail","hentry","category-alcaldesa","category-comunidad","category-concejo","category-noticia","category-proyectos"],"_links":{"self":[{"href":"https:\/\/municipalidadalhue.cl\/portal\/wp-json\/wp\/v2\/posts\/18416","targetHints":{"allow":["GET"]}}],"collection":[{"href":"https:\/\/municipalidadalhue.cl\/portal\/wp-json\/wp\/v2\/posts"}],"about":[{"href":"https:\/\/municipalidadalhue.cl\/portal\/wp-json\/wp\/v2\/types\/post"}],"author":[{"embeddable":true,"href":"https:\/\/municipalidadalhue.cl\/portal\/wp-json\/wp\/v2\/users\/1"}],"replies":[{"embeddable":true,"href":"https:\/\/municipalidadalhue.cl\/portal\/wp-json\/wp\/v2\/comments?post=18416"}],"version-history":[{"count":1,"href":"https:\/\/municipalidadalhue.cl\/portal\/wp-json\/wp\/v2\/posts\/18416\/revisions"}],"predecessor-version":[{"id":18418,"href":"https:\/\/municipalidadalhue.cl\/portal\/wp-json\/wp\/v2\/posts\/18416\/revisions\/18418"}],"wp:featuredmedia":[{"embeddable":true,"href":"https:\/\/municipalidadalhue.cl\/portal\/wp-json\/wp\/v2\/media\/18417"}],"wp:attachment":[{"href":"https:\/\/municipalidadalhue.cl\/portal\/wp-json\/wp\/v2\/media?parent=18416"}],"wp:term":[{"taxonomy":"category","embeddable":true,"href":"https:\/\/municipalidadalhue.cl\/portal\/wp-json\/wp\/v2\/categories?post=18416"},{"taxonomy":"post_tag","embeddable":true,"href":"https:\/\/municipalidadalhue.cl\/portal\/wp-json\/wp\/v2\/tags?post=18416"}],"curies":[{"name":"wp","href":"https:\/\/api.w.org\/{rel}","templated":true}]}}