{"id":18507,"date":"2024-10-11T16:00:41","date_gmt":"2024-10-11T16:00:41","guid":{"rendered":"https:\/\/municipalidadalhue.cl\/portal\/?p=18507"},"modified":"2024-10-11T16:00:41","modified_gmt":"2024-10-11T16:00:41","slug":"se-inauguro-centro-de-turismo-y-capacitacion-alhue-conecta","status":"publish","type":"post","link":"https:\/\/municipalidadalhue.cl\/portal\/se-inauguro-centro-de-turismo-y-capacitacion-alhue-conecta\/","title":{"rendered":"Se inaugur\u00f3 Centro de Turismo y Capacitaci\u00f3n &#8216;Alhu\u00e9 Conecta&#8217;"},"content":{"rendered":"<p>Con el esfuerzo de la C\u00e1mara de Comercio y Turismo de Alhu\u00e9, nuestro municipio, SERCOTEC (Servicio de Cooperaci\u00f3n T\u00e9cnica), las empresas mineras y la ciudadan\u00eda, nuestra comuna cuenta con el primer Centro de Turismo y Capacitaci\u00f3n &#8216;Alhu\u00e9 Conecta&#8217;, donde los emprendedores y turistas podr\u00e1n encontrar apoyo, formaci\u00f3n y recursos, con el objetivo de promover y fortalecer el turismo adem\u00e1s del comercio a lo largo del territorio.<\/p>\n<p>En la ceremonia estuvo presente el Alcalde Roberto Torres Huerta, los concejales Marco Urbano y Alex Riquelme; adem\u00e1s de la directora regional de SERCOTEC, Marlenne Merino; la presidenta de la C\u00e1mara de Comercio y Turismo de Alhu\u00e9, Marta Valenzuela; adem\u00e1s de comerciantes que componen esta organizaci\u00f3n, entre otros asistentes.<\/p>\n<p>Este centro est\u00e1 dentro de un proyecto financiado principalmente por SERCOTEC a trav\u00e9s del programa Barrios Comerciales, que adem\u00e1s re\u00fane a 31 comercios locales, con quienes se ha realizado un trabajo de identidad alhu\u00edna.<\/p>\n<p>Resaltar, que el Centro de Turismo y Capacitaci\u00f3n &#8216;Alhu\u00e9 Conecta&#8217; est\u00e1 ubicado en calle Luis Cruz Mart\u00ednez S\/N, entre las calles 18 de septiembre y La Aguada, Villa Alhu\u00e9.<\/p>\n<div id='gallery-1' class='gallery galleryid-18507 gallery-columns-3 gallery-size-thumbnail'><figure class='gallery-item'>\n\t\t\t<div class='gallery-icon landscape'>\n\t\t\t\t<a href='https:\/\/municipalidadalhue.cl\/portal\/se-inauguro-centro-de-turismo-y-capacitacion-alhue-conecta\/_dsc3105\/'><img fetchpriority=\"high\" decoding=\"async\" width=\"500\" height=\"280\" src=\"https:\/\/municipalidadalhue.cl\/portal\/wp-content\/uploads\/2024\/10\/DSC3105-500x280.jpg\" class=\"attachment-thumbnail size-thumbnail\" alt=\"\" \/><\/a>\n\t\t\t<\/div><\/figure><figure class='gallery-item'>\n\t\t\t<div class='gallery-icon landscape'>\n\t\t\t\t<a href='https:\/\/municipalidadalhue.cl\/portal\/se-inauguro-centro-de-turismo-y-capacitacion-alhue-conecta\/_dsc3108\/'><img decoding=\"async\" width=\"500\" height=\"280\" src=\"https:\/\/municipalidadalhue.cl\/portal\/wp-content\/uploads\/2024\/10\/DSC3108-500x280.jpg\" class=\"attachment-thumbnail size-thumbnail\" alt=\"\" \/><\/a>\n\t\t\t<\/div><\/figure><figure class='gallery-item'>\n\t\t\t<div class='gallery-icon landscape'>\n\t\t\t\t<a href='https:\/\/municipalidadalhue.cl\/portal\/se-inauguro-centro-de-turismo-y-capacitacion-alhue-conecta\/_dsc3142\/'><img decoding=\"async\" width=\"500\" height=\"280\" src=\"https:\/\/municipalidadalhue.cl\/portal\/wp-content\/uploads\/2024\/10\/DSC3142-500x280.jpg\" class=\"attachment-thumbnail size-thumbnail\" alt=\"\" \/><\/a>\n\t\t\t<\/div><\/figure><figure class='gallery-item'>\n\t\t\t<div class='gallery-icon landscape'>\n\t\t\t\t<a href='https:\/\/municipalidadalhue.cl\/portal\/se-inauguro-centro-de-turismo-y-capacitacion-alhue-conecta\/_dsc3144\/'><img loading=\"lazy\" decoding=\"async\" width=\"500\" height=\"280\" src=\"https:\/\/municipalidadalhue.cl\/portal\/wp-content\/uploads\/2024\/10\/DSC3144-500x280.jpg\" class=\"attachment-thumbnail size-thumbnail\" alt=\"\" \/><\/a>\n\t\t\t<\/div><\/figure><figure class='gallery-item'>\n\t\t\t<div class='gallery-icon landscape'>\n\t\t\t\t<a href='https:\/\/municipalidadalhue.cl\/portal\/se-inauguro-centro-de-turismo-y-capacitacion-alhue-conecta\/_dsc3151\/'><img loading=\"lazy\" decoding=\"async\" width=\"500\" height=\"280\" src=\"https:\/\/municipalidadalhue.cl\/portal\/wp-content\/uploads\/2024\/10\/DSC3151-500x280.jpg\" class=\"attachment-thumbnail size-thumbnail\" alt=\"\" \/><\/a>\n\t\t\t<\/div><\/figure><figure class='gallery-item'>\n\t\t\t<div class='gallery-icon landscape'>\n\t\t\t\t<a href='https:\/\/municipalidadalhue.cl\/portal\/se-inauguro-centro-de-turismo-y-capacitacion-alhue-conecta\/_dsc3154\/'><img loading=\"lazy\" decoding=\"async\" width=\"500\" height=\"280\" src=\"https:\/\/municipalidadalhue.cl\/portal\/wp-content\/uploads\/2024\/10\/DSC3154-500x280.jpg\" class=\"attachment-thumbnail size-thumbnail\" alt=\"\" \/><\/a>\n\t\t\t<\/div><\/figure><figure class='gallery-item'>\n\t\t\t<div class='gallery-icon landscape'>\n\t\t\t\t<a href='https:\/\/municipalidadalhue.cl\/portal\/se-inauguro-centro-de-turismo-y-capacitacion-alhue-conecta\/_dsc3157\/'><img loading=\"lazy\" decoding=\"async\" width=\"500\" height=\"280\" src=\"https:\/\/municipalidadalhue.cl\/portal\/wp-content\/uploads\/2024\/10\/DSC3157-500x280.jpg\" class=\"attachment-thumbnail size-thumbnail\" alt=\"\" \/><\/a>\n\t\t\t<\/div><\/figure><figure class='gallery-item'>\n\t\t\t<div class='gallery-icon landscape'>\n\t\t\t\t<a href='https:\/\/municipalidadalhue.cl\/portal\/se-inauguro-centro-de-turismo-y-capacitacion-alhue-conecta\/_dsc3176\/'><img loading=\"lazy\" decoding=\"async\" width=\"500\" height=\"280\" src=\"https:\/\/municipalidadalhue.cl\/portal\/wp-content\/uploads\/2024\/10\/DSC3176-500x280.jpg\" class=\"attachment-thumbnail size-thumbnail\" alt=\"\" \/><\/a>\n\t\t\t<\/div><\/figure><figure class='gallery-item'>\n\t\t\t<div class='gallery-icon landscape'>\n\t\t\t\t<a href='https:\/\/municipalidadalhue.cl\/portal\/se-inauguro-centro-de-turismo-y-capacitacion-alhue-conecta\/_dsc3191\/'><img loading=\"lazy\" decoding=\"async\" width=\"500\" height=\"280\" src=\"https:\/\/municipalidadalhue.cl\/portal\/wp-content\/uploads\/2024\/10\/DSC3191-500x280.jpg\" class=\"attachment-thumbnail size-thumbnail\" alt=\"\" \/><\/a>\n\t\t\t<\/div><\/figure><figure class='gallery-item'>\n\t\t\t<div class='gallery-icon landscape'>\n\t\t\t\t<a href='https:\/\/municipalidadalhue.cl\/portal\/se-inauguro-centro-de-turismo-y-capacitacion-alhue-conecta\/_dsc3201\/'><img loading=\"lazy\" decoding=\"async\" width=\"500\" height=\"280\" src=\"https:\/\/municipalidadalhue.cl\/portal\/wp-content\/uploads\/2024\/10\/DSC3201-500x280.jpg\" class=\"attachment-thumbnail size-thumbnail\" alt=\"\" \/><\/a>\n\t\t\t<\/div><\/figure><figure class='gallery-item'>\n\t\t\t<div class='gallery-icon landscape'>\n\t\t\t\t<a href='https:\/\/municipalidadalhue.cl\/portal\/se-inauguro-centro-de-turismo-y-capacitacion-alhue-conecta\/_dsc3203\/'><img loading=\"lazy\" decoding=\"async\" width=\"500\" height=\"280\" src=\"https:\/\/municipalidadalhue.cl\/portal\/wp-content\/uploads\/2024\/10\/DSC3203-500x280.jpg\" class=\"attachment-thumbnail size-thumbnail\" alt=\"\" \/><\/a>\n\t\t\t<\/div><\/figure><figure class='gallery-item'>\n\t\t\t<div class='gallery-icon landscape'>\n\t\t\t\t<a href='https:\/\/municipalidadalhue.cl\/portal\/se-inauguro-centro-de-turismo-y-capacitacion-alhue-conecta\/dcim100mediadji_0470-jpg\/'><img loading=\"lazy\" decoding=\"async\" width=\"500\" height=\"280\" src=\"https:\/\/municipalidadalhue.cl\/portal\/wp-content\/uploads\/2024\/10\/DJI_0470-500x280.jpg\" class=\"attachment-thumbnail size-thumbnail\" alt=\"\" aria-describedby=\"gallery-1-18520\" srcset=\"https:\/\/municipalidadalhue.cl\/portal\/wp-content\/uploads\/2024\/10\/DJI_0470-500x280.jpg 500w, https:\/\/municipalidadalhue.cl\/portal\/wp-content\/uploads\/2024\/10\/DJI_0470-649x365.jpg 649w, https:\/\/municipalidadalhue.cl\/portal\/wp-content\/uploads\/2024\/10\/DJI_0470-768x432.jpg 768w, https:\/\/municipalidadalhue.cl\/portal\/wp-content\/uploads\/2024\/10\/DJI_0470-1536x864.jpg 1536w, https:\/\/municipalidadalhue.cl\/portal\/wp-content\/uploads\/2024\/10\/DJI_0470-2048x1152.jpg 2048w\" sizes=\"(max-width: 500px) 100vw, 500px\" \/><\/a>\n\t\t\t<\/div>\n\t\t\t\t<figcaption class='wp-caption-text gallery-caption' id='gallery-1-18520'>\n\t\t\t\tDCIM100MEDIADJI_0470.JPG\n\t\t\t\t<\/figcaption><\/figure>\n\t\t<\/div>\n\n","protected":false},"excerpt":{"rendered":"<p>Con el esfuerzo de la C\u00e1mara de Comercio y Turismo de Alhu\u00e9, nuestro municipio, SERCOTEC (Servicio de Cooperaci\u00f3n T\u00e9cnica), las empresas mineras y la ciudadan\u00eda, nuestra comuna cuenta con el primer Centro de Turismo y Capacitaci\u00f3n &#8216;Alhu\u00e9 Conecta&#8217;, donde los emprendedores y turistas podr\u00e1n encontrar apoyo, formaci\u00f3n y recursos, con el objetivo de promover y fortalecer el turismo adem\u00e1s del comercio a lo largo del territorio. En la ceremonia estuvo presente el Alcalde Roberto Torres Huerta, los concejales Marco Urbano y Alex Riquelme; adem\u00e1s de la directora regional de SERCOTEC,&hellip;<\/p>\n","protected":false},"author":1,"featured_media":18508,"comment_status":"closed","ping_status":"closed","sticky":false,"template":"","format":"standard","meta":{"footnotes":""},"categories":[10,4,5,6,8,9],"tags":[],"class_list":["post-18507","post","type-post","status-publish","format-standard","has-post-thumbnail","hentry","category-alcaldesa","category-comunidad","category-concejo","category-cultura","category-noticia","category-proyectos"],"_links":{"self":[{"href":"https:\/\/municipalidadalhue.cl\/portal\/wp-json\/wp\/v2\/posts\/18507","targetHints":{"allow":["GET"]}}],"collection":[{"href":"https:\/\/municipalidadalhue.cl\/portal\/wp-json\/wp\/v2\/posts"}],"about":[{"href":"https:\/\/municipalidadalhue.cl\/portal\/wp-json\/wp\/v2\/types\/post"}],"author":[{"embeddable":true,"href":"https:\/\/municipalidadalhue.cl\/portal\/wp-json\/wp\/v2\/users\/1"}],"replies":[{"embeddable":true,"href":"https:\/\/municipalidadalhue.cl\/portal\/wp-json\/wp\/v2\/comments?post=18507"}],"version-history":[{"count":1,"href":"https:\/\/municipalidadalhue.cl\/portal\/wp-json\/wp\/v2\/posts\/18507\/revisions"}],"predecessor-version":[{"id":18521,"href":"https:\/\/municipalidadalhue.cl\/portal\/wp-json\/wp\/v2\/posts\/18507\/revisions\/18521"}],"wp:featuredmedia":[{"embeddable":true,"href":"https:\/\/municipalidadalhue.cl\/portal\/wp-json\/wp\/v2\/media\/18508"}],"wp:attachment":[{"href":"https:\/\/municipalidadalhue.cl\/portal\/wp-json\/wp\/v2\/media?parent=18507"}],"wp:term":[{"taxonomy":"category","embeddable":true,"href":"https:\/\/municipalidadalhue.cl\/portal\/wp-json\/wp\/v2\/categories?post=18507"},{"taxonomy":"post_tag","embeddable":true,"href":"https:\/\/municipalidadalhue.cl\/portal\/wp-json\/wp\/v2\/tags?post=18507"}],"curies":[{"name":"wp","href":"https:\/\/api.w.org\/{rel}","templated":true}]}}