{"id":18565,"date":"2024-10-21T19:35:17","date_gmt":"2024-10-21T19:35:17","guid":{"rendered":"https:\/\/municipalidadalhue.cl\/portal\/?p=18565"},"modified":"2024-10-21T20:18:46","modified_gmt":"2024-10-21T20:18:46","slug":"con-mas-de-500-personas-mayores-celebramos-le-dimos-bienvenida-a-la-primavera","status":"publish","type":"post","link":"https:\/\/municipalidadalhue.cl\/portal\/con-mas-de-500-personas-mayores-celebramos-le-dimos-bienvenida-a-la-primavera\/","title":{"rendered":"Con m\u00e1s de 500 personas mayores celebramos le dimos Bienvenida a la Primavera"},"content":{"rendered":"<p>Tal como nos hemos caracterizado, el 19 de octubre Ilustre Municipalidad de Alhu\u00e9, realizamos la celebraci\u00f3n de la llegada de la Primavera, esto con la participaci\u00f3n de m\u00e1s de 500 personas mayores de las diferentes localidades de nuestra comuna, quienes pudieron disfrutar de una entretenida tarde de m\u00fasica, alegr\u00eda y diversi\u00f3n.<\/p>\n<p>Esta entretenida cita se llev\u00f3 a cabo desde el Parque Comunal, y cont\u00f3 con la asistencia del Alcalde Roberto Torres Huerta, adem\u00e1s de los concejales Marco Urbano, Carmen Gloria Espinoza, Roberto Aravena, Jos\u00e9 Arellano, \u00c1lex Riquelme y Leonel Acevedo, quienes resaltaron la importancia de las personas mayores en Alhu\u00e9, subrayando que nuestro municipio seguir\u00e1 trabajando y apoyando a este grupo etario.<\/p>\n<p>Asimismo, el Alcalde Roberto Torres Huerta resalt\u00f3 que como municipio se est\u00e1n desarrollando todo tipo de importantes proyectos que seguir\u00e1n mejorando la calidad de vida de nuestras personas mayores.<\/p>\n<p>En la celebraci\u00f3n los asistentes tuvieron la oportunidad de disfrutar de un rico almuerzo, adem\u00e1s de grandes presentaciones art\u00edsticas, con todo el ritmo de Valo Voz de Melipilla, el romanticismo y recuerdo del tributo a Camilo Sesto, adem\u00e1s de la alegr\u00eda del doble de Marco Antonio Sol\u00eds.<\/p>\n<p>Como municipio agradecemos la participaci\u00f3n y asistencia de nuestras personas mayores en la celebraci\u00f3n de la llegada de la Primavera, aparte de destacar el trabajo de los equipos municipales, para que esta entretenida instancia se realizara de la mejor manera.<\/p>\n<div id='gallery-1' class='gallery galleryid-18565 gallery-columns-3 gallery-size-thumbnail'><figure class='gallery-item'>\n\t\t\t<div class='gallery-icon landscape'>\n\t\t\t\t<a href='https:\/\/municipalidadalhue.cl\/portal\/con-mas-de-500-personas-mayores-celebramos-le-dimos-bienvenida-a-la-primavera\/dsc_0000-40\/'><img fetchpriority=\"high\" decoding=\"async\" width=\"500\" height=\"280\" src=\"https:\/\/municipalidadalhue.cl\/portal\/wp-content\/uploads\/2024\/10\/DSC_0000-2-500x280.jpg\" class=\"attachment-thumbnail size-thumbnail\" alt=\"\" \/><\/a>\n\t\t\t<\/div><\/figure><figure class='gallery-item'>\n\t\t\t<div class='gallery-icon landscape'>\n\t\t\t\t<a href='https:\/\/municipalidadalhue.cl\/portal\/con-mas-de-500-personas-mayores-celebramos-le-dimos-bienvenida-a-la-primavera\/dsc_0025-13\/'><img decoding=\"async\" width=\"500\" height=\"280\" src=\"https:\/\/municipalidadalhue.cl\/portal\/wp-content\/uploads\/2024\/10\/DSC_0025-1-500x280.jpg\" class=\"attachment-thumbnail size-thumbnail\" alt=\"\" \/><\/a>\n\t\t\t<\/div><\/figure><figure class='gallery-item'>\n\t\t\t<div class='gallery-icon landscape'>\n\t\t\t\t<a href='https:\/\/municipalidadalhue.cl\/portal\/con-mas-de-500-personas-mayores-celebramos-le-dimos-bienvenida-a-la-primavera\/dsc_0034-13\/'><img decoding=\"async\" width=\"500\" height=\"280\" src=\"https:\/\/municipalidadalhue.cl\/portal\/wp-content\/uploads\/2024\/10\/DSC_0034-500x280.jpg\" class=\"attachment-thumbnail size-thumbnail\" alt=\"\" \/><\/a>\n\t\t\t<\/div><\/figure><figure class='gallery-item'>\n\t\t\t<div class='gallery-icon landscape'>\n\t\t\t\t<a href='https:\/\/municipalidadalhue.cl\/portal\/con-mas-de-500-personas-mayores-celebramos-le-dimos-bienvenida-a-la-primavera\/dsc_0046-11\/'><img loading=\"lazy\" decoding=\"async\" width=\"500\" height=\"280\" src=\"https:\/\/municipalidadalhue.cl\/portal\/wp-content\/uploads\/2024\/10\/DSC_0046-500x280.jpg\" class=\"attachment-thumbnail size-thumbnail\" alt=\"\" \/><\/a>\n\t\t\t<\/div><\/figure><figure class='gallery-item'>\n\t\t\t<div class='gallery-icon landscape'>\n\t\t\t\t<a href='https:\/\/municipalidadalhue.cl\/portal\/con-mas-de-500-personas-mayores-celebramos-le-dimos-bienvenida-a-la-primavera\/dsc_0054-11\/'><img loading=\"lazy\" decoding=\"async\" width=\"500\" height=\"280\" src=\"https:\/\/municipalidadalhue.cl\/portal\/wp-content\/uploads\/2024\/10\/DSC_0054-500x280.jpg\" class=\"attachment-thumbnail size-thumbnail\" alt=\"\" \/><\/a>\n\t\t\t<\/div><\/figure><figure class='gallery-item'>\n\t\t\t<div class='gallery-icon landscape'>\n\t\t\t\t<a href='https:\/\/municipalidadalhue.cl\/portal\/con-mas-de-500-personas-mayores-celebramos-le-dimos-bienvenida-a-la-primavera\/dsc_0083-5\/'><img loading=\"lazy\" decoding=\"async\" width=\"500\" height=\"280\" src=\"https:\/\/municipalidadalhue.cl\/portal\/wp-content\/uploads\/2024\/10\/DSC_0083-500x280.jpg\" class=\"attachment-thumbnail size-thumbnail\" alt=\"\" \/><\/a>\n\t\t\t<\/div><\/figure><figure class='gallery-item'>\n\t\t\t<div class='gallery-icon landscape'>\n\t\t\t\t<a href='https:\/\/municipalidadalhue.cl\/portal\/con-mas-de-500-personas-mayores-celebramos-le-dimos-bienvenida-a-la-primavera\/dsc_0086-6\/'><img loading=\"lazy\" decoding=\"async\" width=\"500\" height=\"280\" src=\"https:\/\/municipalidadalhue.cl\/portal\/wp-content\/uploads\/2024\/10\/DSC_0086-500x280.jpg\" class=\"attachment-thumbnail size-thumbnail\" alt=\"\" \/><\/a>\n\t\t\t<\/div><\/figure><figure class='gallery-item'>\n\t\t\t<div class='gallery-icon landscape'>\n\t\t\t\t<a href='https:\/\/municipalidadalhue.cl\/portal\/con-mas-de-500-personas-mayores-celebramos-le-dimos-bienvenida-a-la-primavera\/dsc_0093-5\/'><img loading=\"lazy\" decoding=\"async\" width=\"500\" height=\"280\" src=\"https:\/\/municipalidadalhue.cl\/portal\/wp-content\/uploads\/2024\/10\/DSC_0093-500x280.jpg\" class=\"attachment-thumbnail size-thumbnail\" alt=\"\" \/><\/a>\n\t\t\t<\/div><\/figure><figure class='gallery-item'>\n\t\t\t<div class='gallery-icon landscape'>\n\t\t\t\t<a href='https:\/\/municipalidadalhue.cl\/portal\/con-mas-de-500-personas-mayores-celebramos-le-dimos-bienvenida-a-la-primavera\/dsc_0104-6\/'><img loading=\"lazy\" decoding=\"async\" width=\"500\" height=\"280\" src=\"https:\/\/municipalidadalhue.cl\/portal\/wp-content\/uploads\/2024\/10\/DSC_0104-500x280.jpg\" class=\"attachment-thumbnail size-thumbnail\" alt=\"\" \/><\/a>\n\t\t\t<\/div><\/figure><figure class='gallery-item'>\n\t\t\t<div class='gallery-icon landscape'>\n\t\t\t\t<a href='https:\/\/municipalidadalhue.cl\/portal\/con-mas-de-500-personas-mayores-celebramos-le-dimos-bienvenida-a-la-primavera\/dsc_0125-3\/'><img loading=\"lazy\" decoding=\"async\" width=\"500\" height=\"280\" src=\"https:\/\/municipalidadalhue.cl\/portal\/wp-content\/uploads\/2024\/10\/DSC_0125-500x280.jpg\" class=\"attachment-thumbnail size-thumbnail\" alt=\"\" \/><\/a>\n\t\t\t<\/div><\/figure><figure class='gallery-item'>\n\t\t\t<div class='gallery-icon landscape'>\n\t\t\t\t<a href='https:\/\/municipalidadalhue.cl\/portal\/con-mas-de-500-personas-mayores-celebramos-le-dimos-bienvenida-a-la-primavera\/dsc_0135-2\/'><img loading=\"lazy\" decoding=\"async\" width=\"500\" height=\"280\" src=\"https:\/\/municipalidadalhue.cl\/portal\/wp-content\/uploads\/2024\/10\/DSC_0135-500x280.jpg\" class=\"attachment-thumbnail size-thumbnail\" alt=\"\" \/><\/a>\n\t\t\t<\/div><\/figure><figure class='gallery-item'>\n\t\t\t<div class='gallery-icon landscape'>\n\t\t\t\t<a href='https:\/\/municipalidadalhue.cl\/portal\/con-mas-de-500-personas-mayores-celebramos-le-dimos-bienvenida-a-la-primavera\/dsc_0145-5\/'><img loading=\"lazy\" decoding=\"async\" width=\"500\" height=\"280\" src=\"https:\/\/municipalidadalhue.cl\/portal\/wp-content\/uploads\/2024\/10\/DSC_0145-500x280.jpg\" class=\"attachment-thumbnail size-thumbnail\" alt=\"\" \/><\/a>\n\t\t\t<\/div><\/figure><figure class='gallery-item'>\n\t\t\t<div class='gallery-icon landscape'>\n\t\t\t\t<a href='https:\/\/municipalidadalhue.cl\/portal\/con-mas-de-500-personas-mayores-celebramos-le-dimos-bienvenida-a-la-primavera\/dsc_0153-3\/'><img loading=\"lazy\" decoding=\"async\" width=\"500\" height=\"280\" src=\"https:\/\/municipalidadalhue.cl\/portal\/wp-content\/uploads\/2024\/10\/DSC_0153-500x280.jpg\" class=\"attachment-thumbnail size-thumbnail\" alt=\"\" \/><\/a>\n\t\t\t<\/div><\/figure><figure class='gallery-item'>\n\t\t\t<div class='gallery-icon landscape'>\n\t\t\t\t<a href='https:\/\/municipalidadalhue.cl\/portal\/con-mas-de-500-personas-mayores-celebramos-le-dimos-bienvenida-a-la-primavera\/dsc_0174-2\/'><img loading=\"lazy\" decoding=\"async\" width=\"500\" height=\"280\" src=\"https:\/\/municipalidadalhue.cl\/portal\/wp-content\/uploads\/2024\/10\/DSC_0174-500x280.jpg\" class=\"attachment-thumbnail size-thumbnail\" alt=\"\" \/><\/a>\n\t\t\t<\/div><\/figure><figure class='gallery-item'>\n\t\t\t<div class='gallery-icon landscape'>\n\t\t\t\t<a href='https:\/\/municipalidadalhue.cl\/portal\/con-mas-de-500-personas-mayores-celebramos-le-dimos-bienvenida-a-la-primavera\/dsc_0177-2\/'><img loading=\"lazy\" decoding=\"async\" width=\"500\" height=\"280\" src=\"https:\/\/municipalidadalhue.cl\/portal\/wp-content\/uploads\/2024\/10\/DSC_0177-500x280.jpg\" class=\"attachment-thumbnail size-thumbnail\" alt=\"\" \/><\/a>\n\t\t\t<\/div><\/figure><figure class='gallery-item'>\n\t\t\t<div class='gallery-icon landscape'>\n\t\t\t\t<a href='https:\/\/municipalidadalhue.cl\/portal\/con-mas-de-500-personas-mayores-celebramos-le-dimos-bienvenida-a-la-primavera\/dsc_0221\/'><img loading=\"lazy\" decoding=\"async\" width=\"500\" height=\"280\" src=\"https:\/\/municipalidadalhue.cl\/portal\/wp-content\/uploads\/2024\/10\/DSC_0221-500x280.jpg\" class=\"attachment-thumbnail size-thumbnail\" alt=\"\" \/><\/a>\n\t\t\t<\/div><\/figure><figure class='gallery-item'>\n\t\t\t<div class='gallery-icon landscape'>\n\t\t\t\t<a href='https:\/\/municipalidadalhue.cl\/portal\/con-mas-de-500-personas-mayores-celebramos-le-dimos-bienvenida-a-la-primavera\/dsc_0228-2\/'><img loading=\"lazy\" decoding=\"async\" width=\"500\" height=\"280\" src=\"https:\/\/municipalidadalhue.cl\/portal\/wp-content\/uploads\/2024\/10\/DSC_0228-500x280.jpg\" class=\"attachment-thumbnail size-thumbnail\" alt=\"\" \/><\/a>\n\t\t\t<\/div><\/figure><figure class='gallery-item'>\n\t\t\t<div class='gallery-icon landscape'>\n\t\t\t\t<a href='https:\/\/municipalidadalhue.cl\/portal\/con-mas-de-500-personas-mayores-celebramos-le-dimos-bienvenida-a-la-primavera\/dsc_0250\/'><img loading=\"lazy\" decoding=\"async\" width=\"500\" height=\"280\" src=\"https:\/\/municipalidadalhue.cl\/portal\/wp-content\/uploads\/2024\/10\/DSC_0250-500x280.jpg\" class=\"attachment-thumbnail size-thumbnail\" alt=\"\" \/><\/a>\n\t\t\t<\/div><\/figure>\n\t\t<\/div>\n\n","protected":false},"excerpt":{"rendered":"<p>Tal como nos hemos caracterizado, el 19 de octubre Ilustre Municipalidad de Alhu\u00e9, realizamos la celebraci\u00f3n de la llegada de la Primavera, esto con la participaci\u00f3n de m\u00e1s de 500 personas mayores de las diferentes localidades de nuestra comuna, quienes pudieron disfrutar de una entretenida tarde de m\u00fasica, alegr\u00eda y diversi\u00f3n. Esta entretenida cita se llev\u00f3 a cabo desde el Parque Comunal, y cont\u00f3 con la asistencia del Alcalde Roberto Torres Huerta, adem\u00e1s de los concejales Marco Urbano, Carmen Gloria Espinoza, Roberto Aravena, Jos\u00e9 Arellano, \u00c1lex Riquelme y Leonel Acevedo,&hellip;<\/p>\n","protected":false},"author":1,"featured_media":18566,"comment_status":"closed","ping_status":"closed","sticky":false,"template":"","format":"standard","meta":{"footnotes":""},"categories":[10,4,5,7,8],"tags":[],"class_list":["post-18565","post","type-post","status-publish","format-standard","has-post-thumbnail","hentry","category-alcaldesa","category-comunidad","category-concejo","category-destacada","category-noticia"],"_links":{"self":[{"href":"https:\/\/municipalidadalhue.cl\/portal\/wp-json\/wp\/v2\/posts\/18565","targetHints":{"allow":["GET"]}}],"collection":[{"href":"https:\/\/municipalidadalhue.cl\/portal\/wp-json\/wp\/v2\/posts"}],"about":[{"href":"https:\/\/municipalidadalhue.cl\/portal\/wp-json\/wp\/v2\/types\/post"}],"author":[{"embeddable":true,"href":"https:\/\/municipalidadalhue.cl\/portal\/wp-json\/wp\/v2\/users\/1"}],"replies":[{"embeddable":true,"href":"https:\/\/municipalidadalhue.cl\/portal\/wp-json\/wp\/v2\/comments?post=18565"}],"version-history":[{"count":1,"href":"https:\/\/municipalidadalhue.cl\/portal\/wp-json\/wp\/v2\/posts\/18565\/revisions"}],"predecessor-version":[{"id":18585,"href":"https:\/\/municipalidadalhue.cl\/portal\/wp-json\/wp\/v2\/posts\/18565\/revisions\/18585"}],"wp:featuredmedia":[{"embeddable":true,"href":"https:\/\/municipalidadalhue.cl\/portal\/wp-json\/wp\/v2\/media\/18566"}],"wp:attachment":[{"href":"https:\/\/municipalidadalhue.cl\/portal\/wp-json\/wp\/v2\/media?parent=18565"}],"wp:term":[{"taxonomy":"category","embeddable":true,"href":"https:\/\/municipalidadalhue.cl\/portal\/wp-json\/wp\/v2\/categories?post=18565"},{"taxonomy":"post_tag","embeddable":true,"href":"https:\/\/municipalidadalhue.cl\/portal\/wp-json\/wp\/v2\/tags?post=18565"}],"curies":[{"name":"wp","href":"https:\/\/api.w.org\/{rel}","templated":true}]}}