{"id":18632,"date":"2024-11-27T19:00:11","date_gmt":"2024-11-27T19:00:11","guid":{"rendered":"https:\/\/municipalidadalhue.cl\/portal\/?p=18632"},"modified":"2024-11-27T19:00:11","modified_gmt":"2024-11-27T19:00:11","slug":"con-emotivas-intervenciones-se-conmemoro-dia-internacional-de-la-erradicacion-contra-la-violencia-hacia-la-mujer-en-alhue","status":"publish","type":"post","link":"https:\/\/municipalidadalhue.cl\/portal\/con-emotivas-intervenciones-se-conmemoro-dia-internacional-de-la-erradicacion-contra-la-violencia-hacia-la-mujer-en-alhue\/","title":{"rendered":"Con emotivas intervenciones se conmemor\u00f3 D\u00eda Internacional de la Erradicaci\u00f3n contra la violencia hacia la Mujer en Alhu\u00e9"},"content":{"rendered":"<p>Desde la Plaza de Armas de Villa Alhu\u00e9 se llev\u00f3 a cabo una jornada enmarcada en la conmemoraci\u00f3n del D\u00eda Internacional de la Erradicaci\u00f3n contra la violencia hacia la Mujer, donde se realizaron una serie de actividades para recordar esta fecha que busca terminar con estas situaciones.<\/p>\n<p>En ese sentido, se desarrollaron variadas tem\u00e1ticas con estudiantes del Liceo Sara Troncoso, adem\u00e1s de una intervenci\u00f3n que busca sensibilizar a la comunidad por las v\u00edctimas de femicidios.<\/p>\n<p>Asimismo, se presentaron diversos stands de la Direcci\u00f3n de Desarrollo Comunitario (DIDECO), adem\u00e1s de la participaci\u00f3n de representantes del Departamento de Salud, de estudiantes del Liceo Sara Troncoso, adem\u00e1s de ni\u00f1os y ni\u00f1as del Jard\u00edn Infantil Albalalhu\u00e9, todo con el objetivo de concientizar a la comunidad frente a este tema.<\/p>\n<p>Destacar que esta jornada fue organizada por la Ilustre Municipalidad de Alhu\u00e9, por medio del Centro Integral de Atenci\u00f3n a la Familia (CAF), con el fundamental apoyo de la Oficina de Mujer de DIDECO.<\/p>\n<p>Como municipio resaltamos y agradecemos a cada una de las personas que acogieron este mensaje, que nos ayuda como sociedad a tener una actitud m\u00e1s proactiva frente a la violencia de g\u00e9nero.<\/p>\n<div id='gallery-1' class='gallery galleryid-18632 gallery-columns-3 gallery-size-thumbnail'><figure class='gallery-item'>\n\t\t\t<div class='gallery-icon landscape'>\n\t\t\t\t<a href='https:\/\/municipalidadalhue.cl\/portal\/con-emotivas-intervenciones-se-conmemoro-dia-internacional-de-la-erradicacion-contra-la-violencia-hacia-la-mujer-en-alhue\/_dsc0001\/'><img fetchpriority=\"high\" decoding=\"async\" width=\"500\" height=\"280\" src=\"https:\/\/municipalidadalhue.cl\/portal\/wp-content\/uploads\/2024\/11\/DSC0001-500x280.jpg\" class=\"attachment-thumbnail size-thumbnail\" alt=\"\" \/><\/a>\n\t\t\t<\/div><\/figure><figure class='gallery-item'>\n\t\t\t<div class='gallery-icon landscape'>\n\t\t\t\t<a href='https:\/\/municipalidadalhue.cl\/portal\/con-emotivas-intervenciones-se-conmemoro-dia-internacional-de-la-erradicacion-contra-la-violencia-hacia-la-mujer-en-alhue\/_dsc0002\/'><img decoding=\"async\" width=\"500\" height=\"280\" src=\"https:\/\/municipalidadalhue.cl\/portal\/wp-content\/uploads\/2024\/11\/DSC0002-500x280.jpg\" class=\"attachment-thumbnail size-thumbnail\" alt=\"\" \/><\/a>\n\t\t\t<\/div><\/figure><figure class='gallery-item'>\n\t\t\t<div class='gallery-icon landscape'>\n\t\t\t\t<a href='https:\/\/municipalidadalhue.cl\/portal\/con-emotivas-intervenciones-se-conmemoro-dia-internacional-de-la-erradicacion-contra-la-violencia-hacia-la-mujer-en-alhue\/_dsc0003\/'><img decoding=\"async\" width=\"500\" height=\"280\" src=\"https:\/\/municipalidadalhue.cl\/portal\/wp-content\/uploads\/2024\/11\/DSC0003-500x280.jpg\" class=\"attachment-thumbnail size-thumbnail\" alt=\"\" \/><\/a>\n\t\t\t<\/div><\/figure><figure class='gallery-item'>\n\t\t\t<div class='gallery-icon landscape'>\n\t\t\t\t<a href='https:\/\/municipalidadalhue.cl\/portal\/con-emotivas-intervenciones-se-conmemoro-dia-internacional-de-la-erradicacion-contra-la-violencia-hacia-la-mujer-en-alhue\/_dsc4843\/'><img loading=\"lazy\" decoding=\"async\" width=\"500\" height=\"280\" src=\"https:\/\/municipalidadalhue.cl\/portal\/wp-content\/uploads\/2024\/11\/DSC4843-500x280.jpg\" class=\"attachment-thumbnail size-thumbnail\" alt=\"\" \/><\/a>\n\t\t\t<\/div><\/figure><figure class='gallery-item'>\n\t\t\t<div class='gallery-icon landscape'>\n\t\t\t\t<a href='https:\/\/municipalidadalhue.cl\/portal\/con-emotivas-intervenciones-se-conmemoro-dia-internacional-de-la-erradicacion-contra-la-violencia-hacia-la-mujer-en-alhue\/_dsc4848\/'><img loading=\"lazy\" decoding=\"async\" width=\"500\" height=\"280\" src=\"https:\/\/municipalidadalhue.cl\/portal\/wp-content\/uploads\/2024\/11\/DSC4848-500x280.jpg\" class=\"attachment-thumbnail size-thumbnail\" alt=\"\" \/><\/a>\n\t\t\t<\/div><\/figure><figure class='gallery-item'>\n\t\t\t<div class='gallery-icon landscape'>\n\t\t\t\t<a href='https:\/\/municipalidadalhue.cl\/portal\/con-emotivas-intervenciones-se-conmemoro-dia-internacional-de-la-erradicacion-contra-la-violencia-hacia-la-mujer-en-alhue\/_dsc4849\/'><img loading=\"lazy\" decoding=\"async\" width=\"500\" height=\"280\" src=\"https:\/\/municipalidadalhue.cl\/portal\/wp-content\/uploads\/2024\/11\/DSC4849-500x280.jpg\" class=\"attachment-thumbnail size-thumbnail\" alt=\"\" \/><\/a>\n\t\t\t<\/div><\/figure><figure class='gallery-item'>\n\t\t\t<div class='gallery-icon landscape'>\n\t\t\t\t<a href='https:\/\/municipalidadalhue.cl\/portal\/con-emotivas-intervenciones-se-conmemoro-dia-internacional-de-la-erradicacion-contra-la-violencia-hacia-la-mujer-en-alhue\/_dsc4850\/'><img loading=\"lazy\" decoding=\"async\" width=\"500\" height=\"280\" src=\"https:\/\/municipalidadalhue.cl\/portal\/wp-content\/uploads\/2024\/11\/DSC4850-500x280.jpg\" class=\"attachment-thumbnail size-thumbnail\" alt=\"\" \/><\/a>\n\t\t\t<\/div><\/figure><figure class='gallery-item'>\n\t\t\t<div class='gallery-icon landscape'>\n\t\t\t\t<a href='https:\/\/municipalidadalhue.cl\/portal\/con-emotivas-intervenciones-se-conmemoro-dia-internacional-de-la-erradicacion-contra-la-violencia-hacia-la-mujer-en-alhue\/_dsc4852\/'><img loading=\"lazy\" decoding=\"async\" width=\"500\" height=\"280\" src=\"https:\/\/municipalidadalhue.cl\/portal\/wp-content\/uploads\/2024\/11\/DSC4852-500x280.jpg\" class=\"attachment-thumbnail size-thumbnail\" alt=\"\" \/><\/a>\n\t\t\t<\/div><\/figure><figure class='gallery-item'>\n\t\t\t<div class='gallery-icon landscape'>\n\t\t\t\t<a href='https:\/\/municipalidadalhue.cl\/portal\/con-emotivas-intervenciones-se-conmemoro-dia-internacional-de-la-erradicacion-contra-la-violencia-hacia-la-mujer-en-alhue\/_dsc4854\/'><img loading=\"lazy\" decoding=\"async\" width=\"500\" height=\"280\" src=\"https:\/\/municipalidadalhue.cl\/portal\/wp-content\/uploads\/2024\/11\/DSC4854-500x280.jpg\" class=\"attachment-thumbnail size-thumbnail\" alt=\"\" \/><\/a>\n\t\t\t<\/div><\/figure><figure class='gallery-item'>\n\t\t\t<div class='gallery-icon landscape'>\n\t\t\t\t<a href='https:\/\/municipalidadalhue.cl\/portal\/con-emotivas-intervenciones-se-conmemoro-dia-internacional-de-la-erradicacion-contra-la-violencia-hacia-la-mujer-en-alhue\/_dsc4856\/'><img loading=\"lazy\" decoding=\"async\" width=\"500\" height=\"280\" src=\"https:\/\/municipalidadalhue.cl\/portal\/wp-content\/uploads\/2024\/11\/DSC4856-500x280.jpg\" class=\"attachment-thumbnail size-thumbnail\" alt=\"\" \/><\/a>\n\t\t\t<\/div><\/figure><figure class='gallery-item'>\n\t\t\t<div class='gallery-icon landscape'>\n\t\t\t\t<a href='https:\/\/municipalidadalhue.cl\/portal\/con-emotivas-intervenciones-se-conmemoro-dia-internacional-de-la-erradicacion-contra-la-violencia-hacia-la-mujer-en-alhue\/_dsc4859\/'><img loading=\"lazy\" decoding=\"async\" width=\"500\" height=\"280\" src=\"https:\/\/municipalidadalhue.cl\/portal\/wp-content\/uploads\/2024\/11\/DSC4859-500x280.jpg\" class=\"attachment-thumbnail size-thumbnail\" alt=\"\" \/><\/a>\n\t\t\t<\/div><\/figure><figure class='gallery-item'>\n\t\t\t<div class='gallery-icon landscape'>\n\t\t\t\t<a href='https:\/\/municipalidadalhue.cl\/portal\/con-emotivas-intervenciones-se-conmemoro-dia-internacional-de-la-erradicacion-contra-la-violencia-hacia-la-mujer-en-alhue\/_dsc4861\/'><img loading=\"lazy\" decoding=\"async\" width=\"500\" height=\"280\" src=\"https:\/\/municipalidadalhue.cl\/portal\/wp-content\/uploads\/2024\/11\/DSC4861-500x280.jpg\" class=\"attachment-thumbnail size-thumbnail\" alt=\"\" \/><\/a>\n\t\t\t<\/div><\/figure><figure class='gallery-item'>\n\t\t\t<div class='gallery-icon landscape'>\n\t\t\t\t<a href='https:\/\/municipalidadalhue.cl\/portal\/con-emotivas-intervenciones-se-conmemoro-dia-internacional-de-la-erradicacion-contra-la-violencia-hacia-la-mujer-en-alhue\/_dsc4862\/'><img loading=\"lazy\" decoding=\"async\" width=\"500\" height=\"280\" src=\"https:\/\/municipalidadalhue.cl\/portal\/wp-content\/uploads\/2024\/11\/DSC4862-500x280.jpg\" class=\"attachment-thumbnail size-thumbnail\" alt=\"\" \/><\/a>\n\t\t\t<\/div><\/figure><figure class='gallery-item'>\n\t\t\t<div class='gallery-icon landscape'>\n\t\t\t\t<a href='https:\/\/municipalidadalhue.cl\/portal\/con-emotivas-intervenciones-se-conmemoro-dia-internacional-de-la-erradicacion-contra-la-violencia-hacia-la-mujer-en-alhue\/_dsc4863-2\/'><img loading=\"lazy\" decoding=\"async\" width=\"500\" height=\"280\" src=\"https:\/\/municipalidadalhue.cl\/portal\/wp-content\/uploads\/2024\/11\/DSC4863-1-500x280.jpg\" class=\"attachment-thumbnail size-thumbnail\" alt=\"\" \/><\/a>\n\t\t\t<\/div><\/figure><figure class='gallery-item'>\n\t\t\t<div class='gallery-icon landscape'>\n\t\t\t\t<a href='https:\/\/municipalidadalhue.cl\/portal\/con-emotivas-intervenciones-se-conmemoro-dia-internacional-de-la-erradicacion-contra-la-violencia-hacia-la-mujer-en-alhue\/_dsc4865\/'><img loading=\"lazy\" decoding=\"async\" width=\"500\" height=\"280\" src=\"https:\/\/municipalidadalhue.cl\/portal\/wp-content\/uploads\/2024\/11\/DSC4865-500x280.jpg\" class=\"attachment-thumbnail size-thumbnail\" alt=\"\" \/><\/a>\n\t\t\t<\/div><\/figure><figure class='gallery-item'>\n\t\t\t<div class='gallery-icon landscape'>\n\t\t\t\t<a href='https:\/\/municipalidadalhue.cl\/portal\/con-emotivas-intervenciones-se-conmemoro-dia-internacional-de-la-erradicacion-contra-la-violencia-hacia-la-mujer-en-alhue\/_dsc4869\/'><img loading=\"lazy\" decoding=\"async\" width=\"500\" height=\"280\" src=\"https:\/\/municipalidadalhue.cl\/portal\/wp-content\/uploads\/2024\/11\/DSC4869-500x280.jpg\" class=\"attachment-thumbnail size-thumbnail\" alt=\"\" \/><\/a>\n\t\t\t<\/div><\/figure><figure class='gallery-item'>\n\t\t\t<div class='gallery-icon landscape'>\n\t\t\t\t<a href='https:\/\/municipalidadalhue.cl\/portal\/con-emotivas-intervenciones-se-conmemoro-dia-internacional-de-la-erradicacion-contra-la-violencia-hacia-la-mujer-en-alhue\/_dsc4870\/'><img loading=\"lazy\" decoding=\"async\" width=\"500\" height=\"280\" src=\"https:\/\/municipalidadalhue.cl\/portal\/wp-content\/uploads\/2024\/11\/DSC4870-500x280.jpg\" class=\"attachment-thumbnail size-thumbnail\" alt=\"\" \/><\/a>\n\t\t\t<\/div><\/figure><figure class='gallery-item'>\n\t\t\t<div class='gallery-icon landscape'>\n\t\t\t\t<a href='https:\/\/municipalidadalhue.cl\/portal\/con-emotivas-intervenciones-se-conmemoro-dia-internacional-de-la-erradicacion-contra-la-violencia-hacia-la-mujer-en-alhue\/_dsc4871\/'><img loading=\"lazy\" decoding=\"async\" width=\"500\" height=\"280\" src=\"https:\/\/municipalidadalhue.cl\/portal\/wp-content\/uploads\/2024\/11\/DSC4871-500x280.jpg\" class=\"attachment-thumbnail size-thumbnail\" alt=\"\" \/><\/a>\n\t\t\t<\/div><\/figure><figure class='gallery-item'>\n\t\t\t<div class='gallery-icon landscape'>\n\t\t\t\t<a href='https:\/\/municipalidadalhue.cl\/portal\/con-emotivas-intervenciones-se-conmemoro-dia-internacional-de-la-erradicacion-contra-la-violencia-hacia-la-mujer-en-alhue\/_dsc4873\/'><img loading=\"lazy\" decoding=\"async\" width=\"500\" height=\"280\" src=\"https:\/\/municipalidadalhue.cl\/portal\/wp-content\/uploads\/2024\/11\/DSC4873-500x280.jpg\" class=\"attachment-thumbnail size-thumbnail\" alt=\"\" \/><\/a>\n\t\t\t<\/div><\/figure><figure class='gallery-item'>\n\t\t\t<div class='gallery-icon landscape'>\n\t\t\t\t<a href='https:\/\/municipalidadalhue.cl\/portal\/con-emotivas-intervenciones-se-conmemoro-dia-internacional-de-la-erradicacion-contra-la-violencia-hacia-la-mujer-en-alhue\/_dsc4876\/'><img loading=\"lazy\" decoding=\"async\" width=\"500\" height=\"280\" src=\"https:\/\/municipalidadalhue.cl\/portal\/wp-content\/uploads\/2024\/11\/DSC4876-500x280.jpg\" class=\"attachment-thumbnail size-thumbnail\" alt=\"\" \/><\/a>\n\t\t\t<\/div><\/figure><figure class='gallery-item'>\n\t\t\t<div class='gallery-icon landscape'>\n\t\t\t\t<a href='https:\/\/municipalidadalhue.cl\/portal\/con-emotivas-intervenciones-se-conmemoro-dia-internacional-de-la-erradicacion-contra-la-violencia-hacia-la-mujer-en-alhue\/_dsc4877\/'><img loading=\"lazy\" decoding=\"async\" width=\"500\" height=\"280\" src=\"https:\/\/municipalidadalhue.cl\/portal\/wp-content\/uploads\/2024\/11\/DSC4877-500x280.jpg\" class=\"attachment-thumbnail size-thumbnail\" alt=\"\" \/><\/a>\n\t\t\t<\/div><\/figure>\n\t\t<\/div>\n\n","protected":false},"excerpt":{"rendered":"<p>Desde la Plaza de Armas de Villa Alhu\u00e9 se llev\u00f3 a cabo una jornada enmarcada en la conmemoraci\u00f3n del D\u00eda Internacional de la Erradicaci\u00f3n contra la violencia hacia la Mujer, donde se realizaron una serie de actividades para recordar esta fecha que busca terminar con estas situaciones. En ese sentido, se desarrollaron variadas tem\u00e1ticas con estudiantes del Liceo Sara Troncoso, adem\u00e1s de una intervenci\u00f3n que busca sensibilizar a la comunidad por las v\u00edctimas de femicidios. Asimismo, se presentaron diversos stands de la Direcci\u00f3n de Desarrollo Comunitario (DIDECO), adem\u00e1s de la&hellip;<\/p>\n","protected":false},"author":1,"featured_media":18633,"comment_status":"closed","ping_status":"closed","sticky":false,"template":"","format":"standard","meta":{"footnotes":""},"categories":[4,8],"tags":[],"class_list":["post-18632","post","type-post","status-publish","format-standard","has-post-thumbnail","hentry","category-comunidad","category-noticia"],"_links":{"self":[{"href":"https:\/\/municipalidadalhue.cl\/portal\/wp-json\/wp\/v2\/posts\/18632","targetHints":{"allow":["GET"]}}],"collection":[{"href":"https:\/\/municipalidadalhue.cl\/portal\/wp-json\/wp\/v2\/posts"}],"about":[{"href":"https:\/\/municipalidadalhue.cl\/portal\/wp-json\/wp\/v2\/types\/post"}],"author":[{"embeddable":true,"href":"https:\/\/municipalidadalhue.cl\/portal\/wp-json\/wp\/v2\/users\/1"}],"replies":[{"embeddable":true,"href":"https:\/\/municipalidadalhue.cl\/portal\/wp-json\/wp\/v2\/comments?post=18632"}],"version-history":[{"count":1,"href":"https:\/\/municipalidadalhue.cl\/portal\/wp-json\/wp\/v2\/posts\/18632\/revisions"}],"predecessor-version":[{"id":18655,"href":"https:\/\/municipalidadalhue.cl\/portal\/wp-json\/wp\/v2\/posts\/18632\/revisions\/18655"}],"wp:featuredmedia":[{"embeddable":true,"href":"https:\/\/municipalidadalhue.cl\/portal\/wp-json\/wp\/v2\/media\/18633"}],"wp:attachment":[{"href":"https:\/\/municipalidadalhue.cl\/portal\/wp-json\/wp\/v2\/media?parent=18632"}],"wp:term":[{"taxonomy":"category","embeddable":true,"href":"https:\/\/municipalidadalhue.cl\/portal\/wp-json\/wp\/v2\/categories?post=18632"},{"taxonomy":"post_tag","embeddable":true,"href":"https:\/\/municipalidadalhue.cl\/portal\/wp-json\/wp\/v2\/tags?post=18632"}],"curies":[{"name":"wp","href":"https:\/\/api.w.org\/{rel}","templated":true}]}}