{"id":18656,"date":"2024-11-28T12:12:58","date_gmt":"2024-11-28T12:12:58","guid":{"rendered":"https:\/\/municipalidadalhue.cl\/portal\/?p=18656"},"modified":"2024-11-28T12:13:28","modified_gmt":"2024-11-28T12:13:28","slug":"cientos-de-personas-disfrutaron-de-espectacular-gala-de-ballet-de-alhue","status":"publish","type":"post","link":"https:\/\/municipalidadalhue.cl\/portal\/cientos-de-personas-disfrutaron-de-espectacular-gala-de-ballet-de-alhue\/","title":{"rendered":"Cientos de personas disfrutaron de Espectacular Gala de Ballet de Alhu\u00e9"},"content":{"rendered":"<p>Con una destacada asistencia, el 26 de noviembre se realiz\u00f3 desde el Parque Comunal la Gala del Taller Extraescolar de Ballet de la Ilustre Municipalidad de Alhu\u00e9, con una hermosa presentaci\u00f3n que representaba al cuento de \u201cLa Bella Durmiente\u201d, donde las ni\u00f1as que componen esta destacada iniciativa maravillaron a cada uno de los presentes.<\/p>\n<p>En esta gran jornada estuvo presente la alcaldesa (s), Massiel Mart\u00ednez; adem\u00e1s de los concejales Carmen Gloria Espinoza, Roberto Aravena y Alex Riquelme, entre otros asistentes, quienes resaltaron el trabajo y constancia de cada una de las ni\u00f1as, as\u00ed como la dedicaci\u00f3n de sus padres y familiares, para que esta gala saliera de la mejor forma.<\/p>\n<p>Cabe consignar, que este Taller Extraescolar de Ballet que realiza nuestro municipio, por medio del Departamento de Educaci\u00f3n, seguir\u00e1 desarroll\u00e1ndose en Alhu\u00e9 el pr\u00f3ximo a\u00f1o 2025.<\/p>\n<div id='gallery-1' class='gallery galleryid-18656 gallery-columns-3 gallery-size-thumbnail'><figure class='gallery-item'>\n\t\t\t<div class='gallery-icon landscape'>\n\t\t\t\t<a href='https:\/\/municipalidadalhue.cl\/portal\/cientos-de-personas-disfrutaron-de-espectacular-gala-de-ballet-de-alhue\/_dsc0003-2\/'><img fetchpriority=\"high\" decoding=\"async\" width=\"500\" height=\"280\" src=\"https:\/\/municipalidadalhue.cl\/portal\/wp-content\/uploads\/2024\/11\/DSC0003-1-500x280.jpg\" class=\"attachment-thumbnail size-thumbnail\" alt=\"\" \/><\/a>\n\t\t\t<\/div><\/figure><figure class='gallery-item'>\n\t\t\t<div class='gallery-icon landscape'>\n\t\t\t\t<a href='https:\/\/municipalidadalhue.cl\/portal\/cientos-de-personas-disfrutaron-de-espectacular-gala-de-ballet-de-alhue\/_dsc4935\/'><img decoding=\"async\" width=\"500\" height=\"280\" src=\"https:\/\/municipalidadalhue.cl\/portal\/wp-content\/uploads\/2024\/11\/DSC4935-500x280.jpg\" class=\"attachment-thumbnail size-thumbnail\" alt=\"\" \/><\/a>\n\t\t\t<\/div><\/figure><figure class='gallery-item'>\n\t\t\t<div class='gallery-icon landscape'>\n\t\t\t\t<a href='https:\/\/municipalidadalhue.cl\/portal\/cientos-de-personas-disfrutaron-de-espectacular-gala-de-ballet-de-alhue\/_dsc4986\/'><img decoding=\"async\" width=\"500\" height=\"280\" src=\"https:\/\/municipalidadalhue.cl\/portal\/wp-content\/uploads\/2024\/11\/DSC4986-500x280.jpg\" class=\"attachment-thumbnail size-thumbnail\" alt=\"\" \/><\/a>\n\t\t\t<\/div><\/figure><figure class='gallery-item'>\n\t\t\t<div class='gallery-icon landscape'>\n\t\t\t\t<a href='https:\/\/municipalidadalhue.cl\/portal\/cientos-de-personas-disfrutaron-de-espectacular-gala-de-ballet-de-alhue\/_dsc5006\/'><img loading=\"lazy\" decoding=\"async\" width=\"500\" height=\"280\" src=\"https:\/\/municipalidadalhue.cl\/portal\/wp-content\/uploads\/2024\/11\/DSC5006-500x280.jpg\" class=\"attachment-thumbnail size-thumbnail\" alt=\"\" \/><\/a>\n\t\t\t<\/div><\/figure><figure class='gallery-item'>\n\t\t\t<div class='gallery-icon landscape'>\n\t\t\t\t<a href='https:\/\/municipalidadalhue.cl\/portal\/cientos-de-personas-disfrutaron-de-espectacular-gala-de-ballet-de-alhue\/_dsc5040\/'><img loading=\"lazy\" decoding=\"async\" width=\"500\" height=\"280\" src=\"https:\/\/municipalidadalhue.cl\/portal\/wp-content\/uploads\/2024\/11\/DSC5040-500x280.jpg\" class=\"attachment-thumbnail size-thumbnail\" alt=\"\" \/><\/a>\n\t\t\t<\/div><\/figure><figure class='gallery-item'>\n\t\t\t<div class='gallery-icon landscape'>\n\t\t\t\t<a href='https:\/\/municipalidadalhue.cl\/portal\/cientos-de-personas-disfrutaron-de-espectacular-gala-de-ballet-de-alhue\/_dsc5054\/'><img loading=\"lazy\" decoding=\"async\" width=\"500\" height=\"280\" src=\"https:\/\/municipalidadalhue.cl\/portal\/wp-content\/uploads\/2024\/11\/DSC5054-500x280.jpg\" class=\"attachment-thumbnail size-thumbnail\" alt=\"\" \/><\/a>\n\t\t\t<\/div><\/figure><figure class='gallery-item'>\n\t\t\t<div class='gallery-icon landscape'>\n\t\t\t\t<a href='https:\/\/municipalidadalhue.cl\/portal\/cientos-de-personas-disfrutaron-de-espectacular-gala-de-ballet-de-alhue\/_dsc5081\/'><img loading=\"lazy\" decoding=\"async\" width=\"500\" height=\"280\" src=\"https:\/\/municipalidadalhue.cl\/portal\/wp-content\/uploads\/2024\/11\/DSC5081-500x280.jpg\" class=\"attachment-thumbnail size-thumbnail\" alt=\"\" \/><\/a>\n\t\t\t<\/div><\/figure><figure class='gallery-item'>\n\t\t\t<div class='gallery-icon landscape'>\n\t\t\t\t<a href='https:\/\/municipalidadalhue.cl\/portal\/cientos-de-personas-disfrutaron-de-espectacular-gala-de-ballet-de-alhue\/_dsc5131\/'><img loading=\"lazy\" decoding=\"async\" width=\"500\" height=\"280\" src=\"https:\/\/municipalidadalhue.cl\/portal\/wp-content\/uploads\/2024\/11\/DSC5131-500x280.jpg\" class=\"attachment-thumbnail size-thumbnail\" alt=\"\" \/><\/a>\n\t\t\t<\/div><\/figure><figure class='gallery-item'>\n\t\t\t<div class='gallery-icon landscape'>\n\t\t\t\t<a href='https:\/\/municipalidadalhue.cl\/portal\/cientos-de-personas-disfrutaron-de-espectacular-gala-de-ballet-de-alhue\/_dsc5171\/'><img loading=\"lazy\" decoding=\"async\" width=\"500\" height=\"280\" src=\"https:\/\/municipalidadalhue.cl\/portal\/wp-content\/uploads\/2024\/11\/DSC5171-500x280.jpg\" class=\"attachment-thumbnail size-thumbnail\" alt=\"\" \/><\/a>\n\t\t\t<\/div><\/figure>\n\t\t<\/div>\n\n","protected":false},"excerpt":{"rendered":"<p>Con una destacada asistencia, el 26 de noviembre se realiz\u00f3 desde el Parque Comunal la Gala del Taller Extraescolar de Ballet de la Ilustre Municipalidad de Alhu\u00e9, con una hermosa presentaci\u00f3n que representaba al cuento de \u201cLa Bella Durmiente\u201d, donde las ni\u00f1as que componen esta destacada iniciativa maravillaron a cada uno de los presentes. En esta gran jornada estuvo presente la alcaldesa (s), Massiel Mart\u00ednez; adem\u00e1s de los concejales Carmen Gloria Espinoza, Roberto Aravena y Alex Riquelme, entre otros asistentes, quienes resaltaron el trabajo y constancia de cada una de&hellip;<\/p>\n","protected":false},"author":1,"featured_media":18657,"comment_status":"closed","ping_status":"closed","sticky":false,"template":"","format":"standard","meta":{"footnotes":""},"categories":[4,6,31,8],"tags":[],"class_list":["post-18656","post","type-post","status-publish","format-standard","has-post-thumbnail","hentry","category-comunidad","category-cultura","category-educacion","category-noticia"],"_links":{"self":[{"href":"https:\/\/municipalidadalhue.cl\/portal\/wp-json\/wp\/v2\/posts\/18656","targetHints":{"allow":["GET"]}}],"collection":[{"href":"https:\/\/municipalidadalhue.cl\/portal\/wp-json\/wp\/v2\/posts"}],"about":[{"href":"https:\/\/municipalidadalhue.cl\/portal\/wp-json\/wp\/v2\/types\/post"}],"author":[{"embeddable":true,"href":"https:\/\/municipalidadalhue.cl\/portal\/wp-json\/wp\/v2\/users\/1"}],"replies":[{"embeddable":true,"href":"https:\/\/municipalidadalhue.cl\/portal\/wp-json\/wp\/v2\/comments?post=18656"}],"version-history":[{"count":1,"href":"https:\/\/municipalidadalhue.cl\/portal\/wp-json\/wp\/v2\/posts\/18656\/revisions"}],"predecessor-version":[{"id":18667,"href":"https:\/\/municipalidadalhue.cl\/portal\/wp-json\/wp\/v2\/posts\/18656\/revisions\/18667"}],"wp:featuredmedia":[{"embeddable":true,"href":"https:\/\/municipalidadalhue.cl\/portal\/wp-json\/wp\/v2\/media\/18657"}],"wp:attachment":[{"href":"https:\/\/municipalidadalhue.cl\/portal\/wp-json\/wp\/v2\/media?parent=18656"}],"wp:term":[{"taxonomy":"category","embeddable":true,"href":"https:\/\/municipalidadalhue.cl\/portal\/wp-json\/wp\/v2\/categories?post=18656"},{"taxonomy":"post_tag","embeddable":true,"href":"https:\/\/municipalidadalhue.cl\/portal\/wp-json\/wp\/v2\/tags?post=18656"}],"curies":[{"name":"wp","href":"https:\/\/api.w.org\/{rel}","templated":true}]}}