{"id":18836,"date":"2025-01-15T13:41:00","date_gmt":"2025-01-15T13:41:00","guid":{"rendered":"https:\/\/municipalidadalhue.cl\/portal\/?p=18836"},"modified":"2025-01-15T13:41:00","modified_gmt":"2025-01-15T13:41:00","slug":"nuevo-jefe-de-tenencia-de-carabineros-de-alhue-se-reunio-con-alcaldesa-marcela-chamorro-macias","status":"publish","type":"post","link":"https:\/\/municipalidadalhue.cl\/portal\/nuevo-jefe-de-tenencia-de-carabineros-de-alhue-se-reunio-con-alcaldesa-marcela-chamorro-macias\/","title":{"rendered":"Nuevo jefe de Tenencia de Carabineros de Alhu\u00e9 se reuni\u00f3 con Alcaldesa Marcela Chamorro Mac\u00edas"},"content":{"rendered":"<p>El 14 de enero se desarroll\u00f3 una productiva reuni\u00f3n en dependencias de nuestro municipio, en donde la Alcaldesa Marcela Chamorro Mac\u00edas se reuni\u00f3 con el nuevo jefe de tenencia de Carabineros de Alhu\u00e9, suboficial Daniel Chiple.<\/p>\n<p>En el encuentro se analizaron una serie de tem\u00e1ticas que tienen relaci\u00f3n con la seguridad ciudadana de nuestro territorio, adem\u00e1s de hechos delictuales que puedan producirse a lo largo del territorio.<\/p>\n<p>En la cita tambi\u00e9n estuvo presente la administradora municipal Massiel Mart\u00ednez, la jefa de gabinete municipal, Carla Meza y el director del Departamento de Seguridad P\u00fablica de Alhu\u00e9, Jos\u00e9 Araus.<\/p>\n<p>De la misma forma, nuestra edil resalt\u00f3 el trabajo que se lleva a cabo desde el municipio en materia de seguridad, destacando que muy pronto comenzar\u00e1n a desarrollarse los patrullajes mixtos en la comuna, junto a funcionarios municipales y efectivos de carabineros, adem\u00e1s de la puesta en marcha de c\u00e1maras de televigilancia y la inauguraci\u00f3n del nuevo ret\u00e9n m\u00f3vil, proyecto gestionado por la Ilustre Municipalidad de Alhu\u00e9.<\/p>\n","protected":false},"excerpt":{"rendered":"<p>El 14 de enero se desarroll\u00f3 una productiva reuni\u00f3n en dependencias de nuestro municipio, en donde la Alcaldesa Marcela Chamorro Mac\u00edas se reuni\u00f3 con el nuevo jefe de tenencia de Carabineros de Alhu\u00e9, suboficial Daniel Chiple. En el encuentro se analizaron una serie de tem\u00e1ticas que tienen relaci\u00f3n con la seguridad ciudadana de nuestro territorio, adem\u00e1s de hechos delictuales que puedan producirse a lo largo del territorio. En la cita tambi\u00e9n estuvo presente la administradora municipal Massiel Mart\u00ednez, la jefa de gabinete municipal, Carla Meza y el director del Departamento&hellip;<\/p>\n","protected":false},"author":1,"featured_media":18837,"comment_status":"closed","ping_status":"closed","sticky":false,"template":"","format":"standard","meta":{"footnotes":""},"categories":[10,4,8,9],"tags":[],"class_list":["post-18836","post","type-post","status-publish","format-standard","has-post-thumbnail","hentry","category-alcaldesa","category-comunidad","category-noticia","category-proyectos"],"_links":{"self":[{"href":"https:\/\/municipalidadalhue.cl\/portal\/wp-json\/wp\/v2\/posts\/18836","targetHints":{"allow":["GET"]}}],"collection":[{"href":"https:\/\/municipalidadalhue.cl\/portal\/wp-json\/wp\/v2\/posts"}],"about":[{"href":"https:\/\/municipalidadalhue.cl\/portal\/wp-json\/wp\/v2\/types\/post"}],"author":[{"embeddable":true,"href":"https:\/\/municipalidadalhue.cl\/portal\/wp-json\/wp\/v2\/users\/1"}],"replies":[{"embeddable":true,"href":"https:\/\/municipalidadalhue.cl\/portal\/wp-json\/wp\/v2\/comments?post=18836"}],"version-history":[{"count":1,"href":"https:\/\/municipalidadalhue.cl\/portal\/wp-json\/wp\/v2\/posts\/18836\/revisions"}],"predecessor-version":[{"id":18838,"href":"https:\/\/municipalidadalhue.cl\/portal\/wp-json\/wp\/v2\/posts\/18836\/revisions\/18838"}],"wp:featuredmedia":[{"embeddable":true,"href":"https:\/\/municipalidadalhue.cl\/portal\/wp-json\/wp\/v2\/media\/18837"}],"wp:attachment":[{"href":"https:\/\/municipalidadalhue.cl\/portal\/wp-json\/wp\/v2\/media?parent=18836"}],"wp:term":[{"taxonomy":"category","embeddable":true,"href":"https:\/\/municipalidadalhue.cl\/portal\/wp-json\/wp\/v2\/categories?post=18836"},{"taxonomy":"post_tag","embeddable":true,"href":"https:\/\/municipalidadalhue.cl\/portal\/wp-json\/wp\/v2\/tags?post=18836"}],"curies":[{"name":"wp","href":"https:\/\/api.w.org\/{rel}","templated":true}]}}