{"id":18900,"date":"2025-01-21T19:27:49","date_gmt":"2025-01-21T19:27:49","guid":{"rendered":"https:\/\/municipalidadalhue.cl\/portal\/?p=18900"},"modified":"2025-01-21T19:27:49","modified_gmt":"2025-01-21T19:27:49","slug":"alcaldesa-marcela-chamorro-macias-se-reune-con-nuevo-jefe-provincial-de-conaf-para-seguir-previniendo-incendios-forestales-en-alhue","status":"publish","type":"post","link":"https:\/\/municipalidadalhue.cl\/portal\/alcaldesa-marcela-chamorro-macias-se-reune-con-nuevo-jefe-provincial-de-conaf-para-seguir-previniendo-incendios-forestales-en-alhue\/","title":{"rendered":"Alcaldesa Marcela Chamorro Mac\u00edas se re\u00fane con nuevo jefe provincial de CONAF para seguir previniendo incendios forestales en Alhu\u00e9"},"content":{"rendered":"<p>La Alcaldesa Marcela Chamorro Mac\u00edas sostuvo un productivo encuentro protocolar con el nuevo jefe provincial de CONAF (Corporaci\u00f3n Nacional Forestal), Alejandro B\u00f3rquez.<\/p>\n<p>El principal objetivo de esta reuni\u00f3n es trabajar en materia de prevenci\u00f3n de incendios forestales a lo largo de nuestra comuna<\/p>\n<p>En ese sentido, debemos destacar la productiva labor que se ha desarrollado junto a los equipos de emergencia de la Ilustre Municipalidad de Alhu\u00e9, adem\u00e1s de bomberos de Alhu\u00e9 y carabineros, con el prop\u00f3sito de concientizar a la poblaci\u00f3n con respecto a los incendios forestales.<\/p>\n<p>Bajo ese marco, se han llevado a cabo variadas actividades, ya sea con adultos y estudiantes de la comuna, realizando charlas que buscan prevenir este tipo de emergencias en Alhu\u00e9.<\/p>\n","protected":false},"excerpt":{"rendered":"<p>La Alcaldesa Marcela Chamorro Mac\u00edas sostuvo un productivo encuentro protocolar con el nuevo jefe provincial de CONAF (Corporaci\u00f3n Nacional Forestal), Alejandro B\u00f3rquez. El principal objetivo de esta reuni\u00f3n es trabajar en materia de prevenci\u00f3n de incendios forestales a lo largo de nuestra comuna En ese sentido, debemos destacar la productiva labor que se ha desarrollado junto a los equipos de emergencia de la Ilustre Municipalidad de Alhu\u00e9, adem\u00e1s de bomberos de Alhu\u00e9 y carabineros, con el prop\u00f3sito de concientizar a la poblaci\u00f3n con respecto a los incendios forestales. Bajo ese&hellip;<\/p>\n","protected":false},"author":1,"featured_media":18901,"comment_status":"closed","ping_status":"closed","sticky":false,"template":"","format":"standard","meta":{"footnotes":""},"categories":[10,4,8],"tags":[],"class_list":["post-18900","post","type-post","status-publish","format-standard","has-post-thumbnail","hentry","category-alcaldesa","category-comunidad","category-noticia"],"_links":{"self":[{"href":"https:\/\/municipalidadalhue.cl\/portal\/wp-json\/wp\/v2\/posts\/18900","targetHints":{"allow":["GET"]}}],"collection":[{"href":"https:\/\/municipalidadalhue.cl\/portal\/wp-json\/wp\/v2\/posts"}],"about":[{"href":"https:\/\/municipalidadalhue.cl\/portal\/wp-json\/wp\/v2\/types\/post"}],"author":[{"embeddable":true,"href":"https:\/\/municipalidadalhue.cl\/portal\/wp-json\/wp\/v2\/users\/1"}],"replies":[{"embeddable":true,"href":"https:\/\/municipalidadalhue.cl\/portal\/wp-json\/wp\/v2\/comments?post=18900"}],"version-history":[{"count":1,"href":"https:\/\/municipalidadalhue.cl\/portal\/wp-json\/wp\/v2\/posts\/18900\/revisions"}],"predecessor-version":[{"id":18902,"href":"https:\/\/municipalidadalhue.cl\/portal\/wp-json\/wp\/v2\/posts\/18900\/revisions\/18902"}],"wp:featuredmedia":[{"embeddable":true,"href":"https:\/\/municipalidadalhue.cl\/portal\/wp-json\/wp\/v2\/media\/18901"}],"wp:attachment":[{"href":"https:\/\/municipalidadalhue.cl\/portal\/wp-json\/wp\/v2\/media?parent=18900"}],"wp:term":[{"taxonomy":"category","embeddable":true,"href":"https:\/\/municipalidadalhue.cl\/portal\/wp-json\/wp\/v2\/categories?post=18900"},{"taxonomy":"post_tag","embeddable":true,"href":"https:\/\/municipalidadalhue.cl\/portal\/wp-json\/wp\/v2\/tags?post=18900"}],"curies":[{"name":"wp","href":"https:\/\/api.w.org\/{rel}","templated":true}]}}