{"id":18930,"date":"2025-01-29T17:53:23","date_gmt":"2025-01-29T17:53:23","guid":{"rendered":"https:\/\/municipalidadalhue.cl\/portal\/?p=18930"},"modified":"2025-01-29T17:53:23","modified_gmt":"2025-01-29T17:53:23","slug":"alcaldesa-marcela-chamorro-macias-hizo-entrega-de-nuevo-reten-movil-a-carabineros-de-alhue","status":"publish","type":"post","link":"https:\/\/municipalidadalhue.cl\/portal\/alcaldesa-marcela-chamorro-macias-hizo-entrega-de-nuevo-reten-movil-a-carabineros-de-alhue\/","title":{"rendered":"Alcaldesa Marcela Chamorro Mac\u00edas hizo entrega de nuevo ret\u00e9n m\u00f3vil a carabineros de Alhu\u00e9"},"content":{"rendered":"<p>El 28 de enero desde el frontis de la Tenencia de Carabineros de Villa Alhu\u00e9 se realiz\u00f3 la entrega del primer RET\u00c9N M\u00d3VIL a la polic\u00eda uniformada de nuestra comuna.<\/p>\n<p>La ceremonia estuvo encabezada por la Alcaldesa Marcela Chamorro Mac\u00edas, los concejales Manuel Gonz\u00e1lez, Nancy Cerda, Fidel Valenzuela y Mat\u00edas Valenzuela, el consejero regional Javier Ram\u00edrez, el ex alcalde Roberto Torres Huerta, el Director de Seguridad Municipal Jos\u00e9 Araus, en representaci\u00f3n de la Prefectura Costa de Carabineros el Mayor Gary Ferrada, el Comisario de Carabineros de Melipilla Mayor Rodrigo Vera y el Jefe de Tenencia de Villa Alhu\u00e9, Suboficial Daniel Chiple, adem\u00e1s de representante de la Delegaci\u00f3n Presidencial Provincial, dirigentes sociales y vecinas y vecinos.<\/p>\n<p>El ret\u00e9n m\u00f3vil fue gestionado por el ex alcalde Roberto Torres Huerta y el Concejo Municipal anterior, siendo financiado por el Gobierno Regional Metropolitano.<\/p>\n<p>En su discurso la Alcaldesa Marcela Chamorro destac\u00f3 que este nuevo veh\u00edculo ser\u00e1 fundamental en el trabajo y lucha contra la delincuencia, permitiendo a Carabineros llegar a lugares alejados de la comuna como Hijuelas de Pincha, Hacienda Alhu\u00e9, El Asiento, Talam\u00ed, Ignacio Carrera Pinto y Pichi.<\/p>\n<p>Este ret\u00e9n m\u00f3vil es una m\u00e1s de las herramientas para dar mayor seguridad a la comunidad, a esto se suma la reci\u00e9n creada Direcci\u00f3n de Seguridad Municipal, el proyecto de c\u00e1maras de televigilancia, m\u00e1s y nuevas luminarias, alarmas comunitarias, entre otras iniciativas.<\/p>\n<p>Cabe consignar, que la Alcaldesa Marcela Chamorro Mac\u00edas enfatiz\u00f3 que la seguridad de las personas de la comuna es un trabajo en conjunto entre Carabineros, la comunidad y el municipio, con el objetivo de mantener la paz y tranquilidad que siempre ha caracterizado a Alhu\u00e9.<\/p>\n<div id='gallery-1' class='gallery galleryid-18930 gallery-columns-3 gallery-size-thumbnail'><figure class='gallery-item'>\n\t\t\t<div class='gallery-icon landscape'>\n\t\t\t\t<a href='https:\/\/municipalidadalhue.cl\/portal\/alcaldesa-marcela-chamorro-macias-hizo-entrega-de-nuevo-reten-movil-a-carabineros-de-alhue\/dsc_0001-40\/'><img fetchpriority=\"high\" decoding=\"async\" width=\"500\" height=\"280\" src=\"https:\/\/municipalidadalhue.cl\/portal\/wp-content\/uploads\/2025\/01\/DSC_0001-3-500x280.jpg\" class=\"attachment-thumbnail size-thumbnail\" alt=\"\" \/><\/a>\n\t\t\t<\/div><\/figure><figure class='gallery-item'>\n\t\t\t<div class='gallery-icon landscape'>\n\t\t\t\t<a href='https:\/\/municipalidadalhue.cl\/portal\/alcaldesa-marcela-chamorro-macias-hizo-entrega-de-nuevo-reten-movil-a-carabineros-de-alhue\/dsc_0006-29\/'><img decoding=\"async\" width=\"500\" height=\"280\" src=\"https:\/\/municipalidadalhue.cl\/portal\/wp-content\/uploads\/2025\/01\/DSC_0006-2-500x280.jpg\" class=\"attachment-thumbnail size-thumbnail\" alt=\"\" \/><\/a>\n\t\t\t<\/div><\/figure><figure class='gallery-item'>\n\t\t\t<div class='gallery-icon landscape'>\n\t\t\t\t<a href='https:\/\/municipalidadalhue.cl\/portal\/alcaldesa-marcela-chamorro-macias-hizo-entrega-de-nuevo-reten-movil-a-carabineros-de-alhue\/dsc_0009-22\/'><img decoding=\"async\" width=\"500\" height=\"280\" src=\"https:\/\/municipalidadalhue.cl\/portal\/wp-content\/uploads\/2025\/01\/DSC_0009-2-500x280.jpg\" class=\"attachment-thumbnail size-thumbnail\" alt=\"\" \/><\/a>\n\t\t\t<\/div><\/figure><figure class='gallery-item'>\n\t\t\t<div class='gallery-icon landscape'>\n\t\t\t\t<a href='https:\/\/municipalidadalhue.cl\/portal\/alcaldesa-marcela-chamorro-macias-hizo-entrega-de-nuevo-reten-movil-a-carabineros-de-alhue\/dsc_0014-21\/'><img loading=\"lazy\" decoding=\"async\" width=\"500\" height=\"280\" src=\"https:\/\/municipalidadalhue.cl\/portal\/wp-content\/uploads\/2025\/01\/DSC_0014-1-500x280.jpg\" class=\"attachment-thumbnail size-thumbnail\" alt=\"\" \/><\/a>\n\t\t\t<\/div><\/figure><figure class='gallery-item'>\n\t\t\t<div class='gallery-icon landscape'>\n\t\t\t\t<a href='https:\/\/municipalidadalhue.cl\/portal\/alcaldesa-marcela-chamorro-macias-hizo-entrega-de-nuevo-reten-movil-a-carabineros-de-alhue\/dsc_0017-28\/'><img loading=\"lazy\" decoding=\"async\" width=\"500\" height=\"280\" src=\"https:\/\/municipalidadalhue.cl\/portal\/wp-content\/uploads\/2025\/01\/DSC_0017-2-500x280.jpg\" class=\"attachment-thumbnail size-thumbnail\" alt=\"\" \/><\/a>\n\t\t\t<\/div><\/figure><figure class='gallery-item'>\n\t\t\t<div class='gallery-icon landscape'>\n\t\t\t\t<a href='https:\/\/municipalidadalhue.cl\/portal\/alcaldesa-marcela-chamorro-macias-hizo-entrega-de-nuevo-reten-movil-a-carabineros-de-alhue\/dsc_0022-19\/'><img loading=\"lazy\" decoding=\"async\" width=\"500\" height=\"280\" src=\"https:\/\/municipalidadalhue.cl\/portal\/wp-content\/uploads\/2025\/01\/DSC_0022-1-500x280.jpg\" class=\"attachment-thumbnail size-thumbnail\" alt=\"\" \/><\/a>\n\t\t\t<\/div><\/figure><figure class='gallery-item'>\n\t\t\t<div class='gallery-icon landscape'>\n\t\t\t\t<a href='https:\/\/municipalidadalhue.cl\/portal\/alcaldesa-marcela-chamorro-macias-hizo-entrega-de-nuevo-reten-movil-a-carabineros-de-alhue\/dsc_0025-14\/'><img loading=\"lazy\" decoding=\"async\" width=\"500\" height=\"280\" src=\"https:\/\/municipalidadalhue.cl\/portal\/wp-content\/uploads\/2025\/01\/DSC_0025-500x280.jpg\" class=\"attachment-thumbnail size-thumbnail\" alt=\"\" \/><\/a>\n\t\t\t<\/div><\/figure><figure class='gallery-item'>\n\t\t\t<div class='gallery-icon landscape'>\n\t\t\t\t<a href='https:\/\/municipalidadalhue.cl\/portal\/alcaldesa-marcela-chamorro-macias-hizo-entrega-de-nuevo-reten-movil-a-carabineros-de-alhue\/dsc_0030-19\/'><img loading=\"lazy\" decoding=\"async\" width=\"500\" height=\"280\" src=\"https:\/\/municipalidadalhue.cl\/portal\/wp-content\/uploads\/2025\/01\/DSC_0030-3-500x280.jpg\" class=\"attachment-thumbnail size-thumbnail\" alt=\"\" \/><\/a>\n\t\t\t<\/div><\/figure><figure class='gallery-item'>\n\t\t\t<div class='gallery-icon landscape'>\n\t\t\t\t<a href='https:\/\/municipalidadalhue.cl\/portal\/alcaldesa-marcela-chamorro-macias-hizo-entrega-de-nuevo-reten-movil-a-carabineros-de-alhue\/dsc_0033-18\/'><img loading=\"lazy\" decoding=\"async\" width=\"500\" height=\"280\" src=\"https:\/\/municipalidadalhue.cl\/portal\/wp-content\/uploads\/2025\/01\/DSC_0033-1-500x280.jpg\" class=\"attachment-thumbnail size-thumbnail\" alt=\"\" \/><\/a>\n\t\t\t<\/div><\/figure><figure class='gallery-item'>\n\t\t\t<div class='gallery-icon landscape'>\n\t\t\t\t<a href='https:\/\/municipalidadalhue.cl\/portal\/alcaldesa-marcela-chamorro-macias-hizo-entrega-de-nuevo-reten-movil-a-carabineros-de-alhue\/dsc_0040-12\/'><img loading=\"lazy\" decoding=\"async\" width=\"500\" height=\"280\" src=\"https:\/\/municipalidadalhue.cl\/portal\/wp-content\/uploads\/2025\/01\/DSC_0040-500x280.jpg\" class=\"attachment-thumbnail size-thumbnail\" alt=\"\" \/><\/a>\n\t\t\t<\/div><\/figure><figure class='gallery-item'>\n\t\t\t<div class='gallery-icon landscape'>\n\t\t\t\t<a href='https:\/\/municipalidadalhue.cl\/portal\/alcaldesa-marcela-chamorro-macias-hizo-entrega-de-nuevo-reten-movil-a-carabineros-de-alhue\/dsc_0041-13\/'><img loading=\"lazy\" decoding=\"async\" width=\"500\" height=\"280\" src=\"https:\/\/municipalidadalhue.cl\/portal\/wp-content\/uploads\/2025\/01\/DSC_0041-500x280.jpg\" class=\"attachment-thumbnail size-thumbnail\" alt=\"\" \/><\/a>\n\t\t\t<\/div><\/figure><figure class='gallery-item'>\n\t\t\t<div class='gallery-icon landscape'>\n\t\t\t\t<a href='https:\/\/municipalidadalhue.cl\/portal\/alcaldesa-marcela-chamorro-macias-hizo-entrega-de-nuevo-reten-movil-a-carabineros-de-alhue\/dsc_0044-14\/'><img loading=\"lazy\" decoding=\"async\" width=\"500\" height=\"280\" src=\"https:\/\/municipalidadalhue.cl\/portal\/wp-content\/uploads\/2025\/01\/DSC_0044-500x280.jpg\" class=\"attachment-thumbnail size-thumbnail\" alt=\"\" \/><\/a>\n\t\t\t<\/div><\/figure>\n\t\t<\/div>\n\n","protected":false},"excerpt":{"rendered":"<p>El 28 de enero desde el frontis de la Tenencia de Carabineros de Villa Alhu\u00e9 se realiz\u00f3 la entrega del primer RET\u00c9N M\u00d3VIL a la polic\u00eda uniformada de nuestra comuna. La ceremonia estuvo encabezada por la Alcaldesa Marcela Chamorro Mac\u00edas, los concejales Manuel Gonz\u00e1lez, Nancy Cerda, Fidel Valenzuela y Mat\u00edas Valenzuela, el consejero regional Javier Ram\u00edrez, el ex alcalde Roberto Torres Huerta, el Director de Seguridad Municipal Jos\u00e9 Araus, en representaci\u00f3n de la Prefectura Costa de Carabineros el Mayor Gary Ferrada, el Comisario de Carabineros de Melipilla Mayor Rodrigo Vera&hellip;<\/p>\n","protected":false},"author":1,"featured_media":18931,"comment_status":"closed","ping_status":"closed","sticky":false,"template":"","format":"standard","meta":{"footnotes":""},"categories":[10,4,5,8],"tags":[],"class_list":["post-18930","post","type-post","status-publish","format-standard","has-post-thumbnail","hentry","category-alcaldesa","category-comunidad","category-concejo","category-noticia"],"_links":{"self":[{"href":"https:\/\/municipalidadalhue.cl\/portal\/wp-json\/wp\/v2\/posts\/18930","targetHints":{"allow":["GET"]}}],"collection":[{"href":"https:\/\/municipalidadalhue.cl\/portal\/wp-json\/wp\/v2\/posts"}],"about":[{"href":"https:\/\/municipalidadalhue.cl\/portal\/wp-json\/wp\/v2\/types\/post"}],"author":[{"embeddable":true,"href":"https:\/\/municipalidadalhue.cl\/portal\/wp-json\/wp\/v2\/users\/1"}],"replies":[{"embeddable":true,"href":"https:\/\/municipalidadalhue.cl\/portal\/wp-json\/wp\/v2\/comments?post=18930"}],"version-history":[{"count":1,"href":"https:\/\/municipalidadalhue.cl\/portal\/wp-json\/wp\/v2\/posts\/18930\/revisions"}],"predecessor-version":[{"id":18944,"href":"https:\/\/municipalidadalhue.cl\/portal\/wp-json\/wp\/v2\/posts\/18930\/revisions\/18944"}],"wp:featuredmedia":[{"embeddable":true,"href":"https:\/\/municipalidadalhue.cl\/portal\/wp-json\/wp\/v2\/media\/18931"}],"wp:attachment":[{"href":"https:\/\/municipalidadalhue.cl\/portal\/wp-json\/wp\/v2\/media?parent=18930"}],"wp:term":[{"taxonomy":"category","embeddable":true,"href":"https:\/\/municipalidadalhue.cl\/portal\/wp-json\/wp\/v2\/categories?post=18930"},{"taxonomy":"post_tag","embeddable":true,"href":"https:\/\/municipalidadalhue.cl\/portal\/wp-json\/wp\/v2\/tags?post=18930"}],"curies":[{"name":"wp","href":"https:\/\/api.w.org\/{rel}","templated":true}]}}