{"id":18954,"date":"2025-01-30T19:57:46","date_gmt":"2025-01-30T19:57:46","guid":{"rendered":"https:\/\/municipalidadalhue.cl\/portal\/?p=18954"},"modified":"2025-01-30T19:57:46","modified_gmt":"2025-01-30T19:57:46","slug":"provechosa-reunion-tuvo-alcaldesa-marcela-chamorro-macias-con-seremi-del-trabajo-y-director-del-sence","status":"publish","type":"post","link":"https:\/\/municipalidadalhue.cl\/portal\/provechosa-reunion-tuvo-alcaldesa-marcela-chamorro-macias-con-seremi-del-trabajo-y-director-del-sence\/","title":{"rendered":"Provechosa reuni\u00f3n tuvo Alcaldesa Marcela Chamorro Mac\u00edas con SEREMI del Trabajo y director del SENCE"},"content":{"rendered":"<p>La Alcaldesa Marcela Chamorro Mac\u00edas sostuvo un importante encuentro protocolar con la SEREMI del Trabajo y Previsi\u00f3n Social de la Regi\u00f3n Metropolitana, Marcela Cepeda y con el director Regional Metropolitano del SENCE (Servicio de Capacitaci\u00f3n y Empleo), Alejandro Fern\u00e1ndez.<\/p>\n<p>En esta destacada reuni\u00f3n se trataron variadas tem\u00e1ticas, como es la conformaci\u00f3n de una mesa de trabajo entre nuestro municipio y los programas que desarrollan estos servicios, como es el IPS, Chile Valora, Direcci\u00f3n del Trabajo, entre otras.<\/p>\n<p>De esta manera, se busca generar instancias de formaci\u00f3n y capacitaci\u00f3n para vecinas y vecinos de nuestra comuna, y al mismo tiempo, promover y fomentar el trabajo local.<\/p>\n<p>Nuestra Alcaldesa recalc\u00f3 que en marzo pr\u00f3ximo la SEREMI del Trabajo llevar\u00e1 a cabo en Alhu\u00e9 una charla para toda nuestra comunidad, la que estar\u00e1 enfocada en la reforma de pensiones.<\/p>\n","protected":false},"excerpt":{"rendered":"<p>La Alcaldesa Marcela Chamorro Mac\u00edas sostuvo un importante encuentro protocolar con la SEREMI del Trabajo y Previsi\u00f3n Social de la Regi\u00f3n Metropolitana, Marcela Cepeda y con el director Regional Metropolitano del SENCE (Servicio de Capacitaci\u00f3n y Empleo), Alejandro Fern\u00e1ndez. En esta destacada reuni\u00f3n se trataron variadas tem\u00e1ticas, como es la conformaci\u00f3n de una mesa de trabajo entre nuestro municipio y los programas que desarrollan estos servicios, como es el IPS, Chile Valora, Direcci\u00f3n del Trabajo, entre otras. De esta manera, se busca generar instancias de formaci\u00f3n y capacitaci\u00f3n para vecinas&hellip;<\/p>\n","protected":false},"author":1,"featured_media":18955,"comment_status":"closed","ping_status":"closed","sticky":false,"template":"","format":"standard","meta":{"footnotes":""},"categories":[10,4,8,9],"tags":[],"class_list":["post-18954","post","type-post","status-publish","format-standard","has-post-thumbnail","hentry","category-alcaldesa","category-comunidad","category-noticia","category-proyectos"],"_links":{"self":[{"href":"https:\/\/municipalidadalhue.cl\/portal\/wp-json\/wp\/v2\/posts\/18954","targetHints":{"allow":["GET"]}}],"collection":[{"href":"https:\/\/municipalidadalhue.cl\/portal\/wp-json\/wp\/v2\/posts"}],"about":[{"href":"https:\/\/municipalidadalhue.cl\/portal\/wp-json\/wp\/v2\/types\/post"}],"author":[{"embeddable":true,"href":"https:\/\/municipalidadalhue.cl\/portal\/wp-json\/wp\/v2\/users\/1"}],"replies":[{"embeddable":true,"href":"https:\/\/municipalidadalhue.cl\/portal\/wp-json\/wp\/v2\/comments?post=18954"}],"version-history":[{"count":1,"href":"https:\/\/municipalidadalhue.cl\/portal\/wp-json\/wp\/v2\/posts\/18954\/revisions"}],"predecessor-version":[{"id":18956,"href":"https:\/\/municipalidadalhue.cl\/portal\/wp-json\/wp\/v2\/posts\/18954\/revisions\/18956"}],"wp:featuredmedia":[{"embeddable":true,"href":"https:\/\/municipalidadalhue.cl\/portal\/wp-json\/wp\/v2\/media\/18955"}],"wp:attachment":[{"href":"https:\/\/municipalidadalhue.cl\/portal\/wp-json\/wp\/v2\/media?parent=18954"}],"wp:term":[{"taxonomy":"category","embeddable":true,"href":"https:\/\/municipalidadalhue.cl\/portal\/wp-json\/wp\/v2\/categories?post=18954"},{"taxonomy":"post_tag","embeddable":true,"href":"https:\/\/municipalidadalhue.cl\/portal\/wp-json\/wp\/v2\/tags?post=18954"}],"curies":[{"name":"wp","href":"https:\/\/api.w.org\/{rel}","templated":true}]}}