{"id":19185,"date":"2025-04-22T14:58:42","date_gmt":"2025-04-22T14:58:42","guid":{"rendered":"https:\/\/municipalidadalhue.cl\/portal\/?p=19185"},"modified":"2025-04-22T14:58:42","modified_gmt":"2025-04-22T14:58:42","slug":"productiva-jornada-de-capacitaciones-sobre-aplicacion-de-ley-karin-se-realizaron-en-alhue","status":"publish","type":"post","link":"https:\/\/municipalidadalhue.cl\/portal\/productiva-jornada-de-capacitaciones-sobre-aplicacion-de-ley-karin-se-realizaron-en-alhue\/","title":{"rendered":"Productiva jornada de capacitaciones sobre aplicaci\u00f3n de Ley Karin se realizaron en Alhu\u00e9"},"content":{"rendered":"<p>Una serie de capacitaciones enmarcadas en la aplicaci\u00f3n de la Ley Karin (N\u00b0 21.643) se desarrollaron en Alhu\u00e9, como iniciativa del municipio para reafirmar su compromiso con la promoci\u00f3n de espacios laborales seguros y libres de violencia.<\/p>\n<p>Al igual que en ocasiones anteriores, la capacitaci\u00f3n fue dictada por la abogada, \u00c1ngela Valdebenito, quien detall\u00f3, ante los funcionarios p\u00fablicos de nuestra comuna, los alcances y el funcionamiento de esta normativa.<\/p>\n<p>Junto a personal municipal de diversas \u00e1reas, entre ellas educaci\u00f3n y salud, la Alcaldesa, Marcela Chamorro Mac\u00edas, y los concejales Manuel Gonz\u00e1lez, Nancy Cerda, Fidel Valenzuela, Leonel Acevedo y Mat\u00edas Valenzuela tambi\u00e9n se hicieron parte de esta importante jornada, desarrollada en el Sal\u00f3n Municipal.<\/p>\n<p>La jefa comunal destac\u00f3 la relevancia de esta instancia formativa, se\u00f1alando que \u00abcomo municipio, estamos firmemente comprometidos en resguardar ambientes de trabajo seguros y en fomentar una cultura de respeto y dignidad para todos nuestros funcionarios\u00bb.<\/p>\n<p>Asimismo, recalc\u00f3 que esta normativa modifica el C\u00f3digo del Trabajo en materia de prevenci\u00f3n, investigaci\u00f3n y sanci\u00f3n del acoso laboral y sexual, incluyendo tambi\u00e9n situaciones de violencia en el \u00e1mbito laboral.<\/p>\n<p>Finalmente, la Alcaldesa, Marcela Chamorro, subray\u00f3 que \u00abeste tipo de capacitaciones no solo fortalecen el conocimiento de nuestras normativas, sino que, adem\u00e1s, son clave para construir comunidades laborales m\u00e1s justas, equitativas y humanas\u201d.<\/p>\n<div id='gallery-1' class='gallery galleryid-19185 gallery-columns-3 gallery-size-thumbnail'><figure class='gallery-item'>\n\t\t\t<div class='gallery-icon landscape'>\n\t\t\t\t<a href='https:\/\/municipalidadalhue.cl\/portal\/productiva-jornada-de-capacitaciones-sobre-aplicacion-de-ley-karin-se-realizaron-en-alhue\/2-28\/'><img fetchpriority=\"high\" decoding=\"async\" width=\"500\" height=\"280\" src=\"https:\/\/municipalidadalhue.cl\/portal\/wp-content\/uploads\/2025\/04\/2-500x280.jpg\" class=\"attachment-thumbnail size-thumbnail\" alt=\"\" \/><\/a>\n\t\t\t<\/div><\/figure><figure class='gallery-item'>\n\t\t\t<div class='gallery-icon landscape'>\n\t\t\t\t<a href='https:\/\/municipalidadalhue.cl\/portal\/productiva-jornada-de-capacitaciones-sobre-aplicacion-de-ley-karin-se-realizaron-en-alhue\/3-11\/'><img decoding=\"async\" width=\"500\" height=\"280\" src=\"https:\/\/municipalidadalhue.cl\/portal\/wp-content\/uploads\/2025\/04\/3-500x280.jpg\" class=\"attachment-thumbnail size-thumbnail\" alt=\"\" \/><\/a>\n\t\t\t<\/div><\/figure><figure class='gallery-item'>\n\t\t\t<div class='gallery-icon landscape'>\n\t\t\t\t<a href='https:\/\/municipalidadalhue.cl\/portal\/productiva-jornada-de-capacitaciones-sobre-aplicacion-de-ley-karin-se-realizaron-en-alhue\/4-9\/'><img decoding=\"async\" width=\"500\" height=\"280\" src=\"https:\/\/municipalidadalhue.cl\/portal\/wp-content\/uploads\/2025\/04\/4-500x280.jpg\" class=\"attachment-thumbnail size-thumbnail\" alt=\"\" \/><\/a>\n\t\t\t<\/div><\/figure><figure class='gallery-item'>\n\t\t\t<div class='gallery-icon landscape'>\n\t\t\t\t<a href='https:\/\/municipalidadalhue.cl\/portal\/productiva-jornada-de-capacitaciones-sobre-aplicacion-de-ley-karin-se-realizaron-en-alhue\/dsc_0002-37\/'><img loading=\"lazy\" decoding=\"async\" width=\"500\" height=\"280\" src=\"https:\/\/municipalidadalhue.cl\/portal\/wp-content\/uploads\/2025\/04\/DSC_0002-500x280.jpg\" class=\"attachment-thumbnail size-thumbnail\" alt=\"\" \/><\/a>\n\t\t\t<\/div><\/figure><figure class='gallery-item'>\n\t\t\t<div class='gallery-icon landscape'>\n\t\t\t\t<a href='https:\/\/municipalidadalhue.cl\/portal\/productiva-jornada-de-capacitaciones-sobre-aplicacion-de-ley-karin-se-realizaron-en-alhue\/dsc_0004-32\/'><img loading=\"lazy\" decoding=\"async\" width=\"500\" height=\"280\" src=\"https:\/\/municipalidadalhue.cl\/portal\/wp-content\/uploads\/2025\/04\/DSC_0004-500x280.jpg\" class=\"attachment-thumbnail size-thumbnail\" alt=\"\" \/><\/a>\n\t\t\t<\/div><\/figure><figure class='gallery-item'>\n\t\t\t<div class='gallery-icon landscape'>\n\t\t\t\t<a href='https:\/\/municipalidadalhue.cl\/portal\/productiva-jornada-de-capacitaciones-sobre-aplicacion-de-ley-karin-se-realizaron-en-alhue\/dsc_0005-28\/'><img loading=\"lazy\" decoding=\"async\" width=\"500\" height=\"280\" src=\"https:\/\/municipalidadalhue.cl\/portal\/wp-content\/uploads\/2025\/04\/DSC_0005-500x280.jpg\" class=\"attachment-thumbnail size-thumbnail\" alt=\"\" \/><\/a>\n\t\t\t<\/div><\/figure><figure class='gallery-item'>\n\t\t\t<div class='gallery-icon landscape'>\n\t\t\t\t<a href='https:\/\/municipalidadalhue.cl\/portal\/productiva-jornada-de-capacitaciones-sobre-aplicacion-de-ley-karin-se-realizaron-en-alhue\/dsc_0007-25\/'><img loading=\"lazy\" decoding=\"async\" width=\"500\" height=\"280\" src=\"https:\/\/municipalidadalhue.cl\/portal\/wp-content\/uploads\/2025\/04\/DSC_0007-500x280.jpg\" class=\"attachment-thumbnail size-thumbnail\" alt=\"\" \/><\/a>\n\t\t\t<\/div><\/figure><figure class='gallery-item'>\n\t\t\t<div class='gallery-icon landscape'>\n\t\t\t\t<a href='https:\/\/municipalidadalhue.cl\/portal\/productiva-jornada-de-capacitaciones-sobre-aplicacion-de-ley-karin-se-realizaron-en-alhue\/dsc_0009-24\/'><img loading=\"lazy\" decoding=\"async\" width=\"500\" height=\"280\" src=\"https:\/\/municipalidadalhue.cl\/portal\/wp-content\/uploads\/2025\/04\/DSC_0009-500x280.jpg\" class=\"attachment-thumbnail size-thumbnail\" alt=\"\" \/><\/a>\n\t\t\t<\/div><\/figure><figure class='gallery-item'>\n\t\t\t<div class='gallery-icon landscape'>\n\t\t\t\t<a href='https:\/\/municipalidadalhue.cl\/portal\/productiva-jornada-de-capacitaciones-sobre-aplicacion-de-ley-karin-se-realizaron-en-alhue\/dsc_0010-21\/'><img loading=\"lazy\" decoding=\"async\" width=\"500\" height=\"280\" src=\"https:\/\/municipalidadalhue.cl\/portal\/wp-content\/uploads\/2025\/04\/DSC_0010-500x280.jpg\" class=\"attachment-thumbnail size-thumbnail\" alt=\"\" \/><\/a>\n\t\t\t<\/div><\/figure>\n\t\t<\/div>\n\n","protected":false},"excerpt":{"rendered":"<p>Una serie de capacitaciones enmarcadas en la aplicaci\u00f3n de la Ley Karin (N\u00b0 21.643) se desarrollaron en Alhu\u00e9, como iniciativa del municipio para reafirmar su compromiso con la promoci\u00f3n de espacios laborales seguros y libres de violencia. Al igual que en ocasiones anteriores, la capacitaci\u00f3n fue dictada por la abogada, \u00c1ngela Valdebenito, quien detall\u00f3, ante los funcionarios p\u00fablicos de nuestra comuna, los alcances y el funcionamiento de esta normativa. Junto a personal municipal de diversas \u00e1reas, entre ellas educaci\u00f3n y salud, la Alcaldesa, Marcela Chamorro Mac\u00edas, y los concejales Manuel&hellip;<\/p>\n","protected":false},"author":1,"featured_media":19186,"comment_status":"closed","ping_status":"closed","sticky":false,"template":"","format":"standard","meta":{"footnotes":""},"categories":[10,4,5,8],"tags":[],"class_list":["post-19185","post","type-post","status-publish","format-standard","has-post-thumbnail","hentry","category-alcaldesa","category-comunidad","category-concejo","category-noticia"],"_links":{"self":[{"href":"https:\/\/municipalidadalhue.cl\/portal\/wp-json\/wp\/v2\/posts\/19185","targetHints":{"allow":["GET"]}}],"collection":[{"href":"https:\/\/municipalidadalhue.cl\/portal\/wp-json\/wp\/v2\/posts"}],"about":[{"href":"https:\/\/municipalidadalhue.cl\/portal\/wp-json\/wp\/v2\/types\/post"}],"author":[{"embeddable":true,"href":"https:\/\/municipalidadalhue.cl\/portal\/wp-json\/wp\/v2\/users\/1"}],"replies":[{"embeddable":true,"href":"https:\/\/municipalidadalhue.cl\/portal\/wp-json\/wp\/v2\/comments?post=19185"}],"version-history":[{"count":1,"href":"https:\/\/municipalidadalhue.cl\/portal\/wp-json\/wp\/v2\/posts\/19185\/revisions"}],"predecessor-version":[{"id":19196,"href":"https:\/\/municipalidadalhue.cl\/portal\/wp-json\/wp\/v2\/posts\/19185\/revisions\/19196"}],"wp:featuredmedia":[{"embeddable":true,"href":"https:\/\/municipalidadalhue.cl\/portal\/wp-json\/wp\/v2\/media\/19186"}],"wp:attachment":[{"href":"https:\/\/municipalidadalhue.cl\/portal\/wp-json\/wp\/v2\/media?parent=19185"}],"wp:term":[{"taxonomy":"category","embeddable":true,"href":"https:\/\/municipalidadalhue.cl\/portal\/wp-json\/wp\/v2\/categories?post=19185"},{"taxonomy":"post_tag","embeddable":true,"href":"https:\/\/municipalidadalhue.cl\/portal\/wp-json\/wp\/v2\/tags?post=19185"}],"curies":[{"name":"wp","href":"https:\/\/api.w.org\/{rel}","templated":true}]}}