{"id":19530,"date":"2025-07-25T16:59:14","date_gmt":"2025-07-25T16:59:14","guid":{"rendered":"https:\/\/municipalidadalhue.cl\/portal\/?p=19530"},"modified":"2025-07-25T16:59:14","modified_gmt":"2025-07-25T16:59:14","slug":"carabineros-de-villa-alhue-presento-su-cuenta-publica-2024-con-destacada-participacion-comunitaria","status":"publish","type":"post","link":"https:\/\/municipalidadalhue.cl\/portal\/carabineros-de-villa-alhue-presento-su-cuenta-publica-2024-con-destacada-participacion-comunitaria\/","title":{"rendered":"Carabineros de Villa Alhu\u00e9 present\u00f3 su Cuenta P\u00fablica 2024 con destacada participaci\u00f3n comunitaria"},"content":{"rendered":"<p>La Alcaldesa Marcela Chamorro Mac\u00edas contin\u00faa fortaleciendo el trabajo conjunto con Carabineros de la Tenencia de Villa Alhu\u00e9, reafirmando el compromiso de su gesti\u00f3n con la seguridad, el orden y la tranquilidad de la comunidad. A trav\u00e9s de una labor coordinada y permanente, se han impulsado acciones concretas que buscan entregar mayor resguardo a las vecinas y vecinos de la comuna, reconociendo el rol fundamental que cumple Carabineros en este prop\u00f3sito.<\/p>\n<p>Bajo ese marco, Carabineros de Alhu\u00e9 realiz\u00f3 la presentaci\u00f3n de su Cuenta P\u00fablica 2024, instancia en la que se expusieron los principales procedimientos y labores desarrolladas durante el \u00faltimo a\u00f1o en nuestra comuna.<\/p>\n<p>La ceremonia cont\u00f3 con la presencia de la Alcaldesa Marcela Chamorro Mac\u00edas; el subprefecto de los Servicios de la Prefectura Costa, teniente coronel Germ\u00e1n Ram\u00edrez; el subcomisario de los Servicios de la 24\u00aa Comisar\u00eda de Melipilla, capit\u00e1n Fernando Vivar; el jefe de la Tenencia de Carabineros de Villa Alhu\u00e9, suboficial Daniel Chiple; el director del Departamento de Seguridad P\u00fablica, Jos\u00e9 Araus; adem\u00e1s de dirigentes sociales y habitantes del sector.<\/p>\n<p>Durante la jornada, el capit\u00e1n Fernando Vivar fue el encargado de presentar la Cuenta P\u00fablica, destacando una importante disminuci\u00f3n del 35% en los procedimientos policiales entre 2023 y 2024. Asimismo, inform\u00f3 que las aprehensiones a nivel comunal disminuyeron en un 12,9%, con un total de 135 detenidos por diversos delitos.<\/p>\n<p>Por su parte, la Alcaldesa Marcela Chamorro Mac\u00edas valor\u00f3 el compromiso y profesionalismo de Carabineros de Alhu\u00e9, subrayando la importancia de seguir trabajando en unidad para avanzar hacia una comuna m\u00e1s segura y protegida para todas y todos.<\/p>\n<div id='gallery-1' class='gallery galleryid-19530 gallery-columns-3 gallery-size-thumbnail'><figure class='gallery-item'>\n\t\t\t<div class='gallery-icon landscape'>\n\t\t\t\t<a href='https:\/\/municipalidadalhue.cl\/portal\/carabineros-de-villa-alhue-presento-su-cuenta-publica-2024-con-destacada-participacion-comunitaria\/dsc_0002-40\/'><img fetchpriority=\"high\" decoding=\"async\" width=\"500\" height=\"280\" src=\"https:\/\/municipalidadalhue.cl\/portal\/wp-content\/uploads\/2025\/07\/DSC_0002-1-500x280.jpg\" class=\"attachment-thumbnail size-thumbnail\" alt=\"\" \/><\/a>\n\t\t\t<\/div><\/figure><figure class='gallery-item'>\n\t\t\t<div class='gallery-icon landscape'>\n\t\t\t\t<a href='https:\/\/municipalidadalhue.cl\/portal\/carabineros-de-villa-alhue-presento-su-cuenta-publica-2024-con-destacada-participacion-comunitaria\/dsc_0020-25\/'><img decoding=\"async\" width=\"500\" height=\"280\" src=\"https:\/\/municipalidadalhue.cl\/portal\/wp-content\/uploads\/2025\/07\/DSC_0020-1-500x280.jpg\" class=\"attachment-thumbnail size-thumbnail\" alt=\"\" \/><\/a>\n\t\t\t<\/div><\/figure><figure class='gallery-item'>\n\t\t\t<div class='gallery-icon landscape'>\n\t\t\t\t<a href='https:\/\/municipalidadalhue.cl\/portal\/carabineros-de-villa-alhue-presento-su-cuenta-publica-2024-con-destacada-participacion-comunitaria\/dsc_0023-21\/'><img decoding=\"async\" width=\"500\" height=\"280\" src=\"https:\/\/municipalidadalhue.cl\/portal\/wp-content\/uploads\/2025\/07\/DSC_0023-500x280.jpg\" class=\"attachment-thumbnail size-thumbnail\" alt=\"\" \/><\/a>\n\t\t\t<\/div><\/figure><figure class='gallery-item'>\n\t\t\t<div class='gallery-icon landscape'>\n\t\t\t\t<a href='https:\/\/municipalidadalhue.cl\/portal\/carabineros-de-villa-alhue-presento-su-cuenta-publica-2024-con-destacada-participacion-comunitaria\/dsc_0027-16\/'><img loading=\"lazy\" decoding=\"async\" width=\"500\" height=\"280\" src=\"https:\/\/municipalidadalhue.cl\/portal\/wp-content\/uploads\/2025\/07\/DSC_0027-500x280.jpg\" class=\"attachment-thumbnail size-thumbnail\" alt=\"\" \/><\/a>\n\t\t\t<\/div><\/figure><figure class='gallery-item'>\n\t\t\t<div class='gallery-icon landscape'>\n\t\t\t\t<a href='https:\/\/municipalidadalhue.cl\/portal\/carabineros-de-villa-alhue-presento-su-cuenta-publica-2024-con-destacada-participacion-comunitaria\/dsc_0029-15\/'><img loading=\"lazy\" decoding=\"async\" width=\"500\" height=\"280\" src=\"https:\/\/municipalidadalhue.cl\/portal\/wp-content\/uploads\/2025\/07\/DSC_0029-500x280.jpg\" class=\"attachment-thumbnail size-thumbnail\" alt=\"\" \/><\/a>\n\t\t\t<\/div><\/figure><figure class='gallery-item'>\n\t\t\t<div class='gallery-icon landscape'>\n\t\t\t\t<a href='https:\/\/municipalidadalhue.cl\/portal\/carabineros-de-villa-alhue-presento-su-cuenta-publica-2024-con-destacada-participacion-comunitaria\/dsc_0031-20\/'><img loading=\"lazy\" decoding=\"async\" width=\"500\" height=\"280\" src=\"https:\/\/municipalidadalhue.cl\/portal\/wp-content\/uploads\/2025\/07\/DSC_0031-500x280.jpg\" class=\"attachment-thumbnail size-thumbnail\" alt=\"\" \/><\/a>\n\t\t\t<\/div><\/figure><figure class='gallery-item'>\n\t\t\t<div class='gallery-icon landscape'>\n\t\t\t\t<a href='https:\/\/municipalidadalhue.cl\/portal\/carabineros-de-villa-alhue-presento-su-cuenta-publica-2024-con-destacada-participacion-comunitaria\/dsc_0032-14\/'><img loading=\"lazy\" decoding=\"async\" width=\"500\" height=\"280\" src=\"https:\/\/municipalidadalhue.cl\/portal\/wp-content\/uploads\/2025\/07\/DSC_0032-2-500x280.jpg\" class=\"attachment-thumbnail size-thumbnail\" alt=\"\" \/><\/a>\n\t\t\t<\/div><\/figure><figure class='gallery-item'>\n\t\t\t<div class='gallery-icon landscape'>\n\t\t\t\t<a href='https:\/\/municipalidadalhue.cl\/portal\/carabineros-de-villa-alhue-presento-su-cuenta-publica-2024-con-destacada-participacion-comunitaria\/dsc_0034-16\/'><img loading=\"lazy\" decoding=\"async\" width=\"500\" height=\"280\" src=\"https:\/\/municipalidadalhue.cl\/portal\/wp-content\/uploads\/2025\/07\/DSC_0034-1-500x280.jpg\" class=\"attachment-thumbnail size-thumbnail\" alt=\"\" \/><\/a>\n\t\t\t<\/div><\/figure><figure class='gallery-item'>\n\t\t\t<div class='gallery-icon landscape'>\n\t\t\t\t<a href='https:\/\/municipalidadalhue.cl\/portal\/carabineros-de-villa-alhue-presento-su-cuenta-publica-2024-con-destacada-participacion-comunitaria\/dsc_0040-14\/'><img loading=\"lazy\" decoding=\"async\" width=\"500\" height=\"280\" src=\"https:\/\/municipalidadalhue.cl\/portal\/wp-content\/uploads\/2025\/07\/DSC_0040-1-500x280.jpg\" class=\"attachment-thumbnail size-thumbnail\" alt=\"\" \/><\/a>\n\t\t\t<\/div><\/figure>\n\t\t<\/div>\n\n","protected":false},"excerpt":{"rendered":"<p>La Alcaldesa Marcela Chamorro Mac\u00edas contin\u00faa fortaleciendo el trabajo conjunto con Carabineros de la Tenencia de Villa Alhu\u00e9, reafirmando el compromiso de su gesti\u00f3n con la seguridad, el orden y la tranquilidad de la comunidad. A trav\u00e9s de una labor coordinada y permanente, se han impulsado acciones concretas que buscan entregar mayor resguardo a las vecinas y vecinos de la comuna, reconociendo el rol fundamental que cumple Carabineros en este prop\u00f3sito. Bajo ese marco, Carabineros de Alhu\u00e9 realiz\u00f3 la presentaci\u00f3n de su Cuenta P\u00fablica 2024, instancia en la que se&hellip;<\/p>\n","protected":false},"author":1,"featured_media":19531,"comment_status":"closed","ping_status":"closed","sticky":false,"template":"","format":"standard","meta":{"footnotes":""},"categories":[10,4,8],"tags":[],"class_list":["post-19530","post","type-post","status-publish","format-standard","has-post-thumbnail","hentry","category-alcaldesa","category-comunidad","category-noticia"],"_links":{"self":[{"href":"https:\/\/municipalidadalhue.cl\/portal\/wp-json\/wp\/v2\/posts\/19530","targetHints":{"allow":["GET"]}}],"collection":[{"href":"https:\/\/municipalidadalhue.cl\/portal\/wp-json\/wp\/v2\/posts"}],"about":[{"href":"https:\/\/municipalidadalhue.cl\/portal\/wp-json\/wp\/v2\/types\/post"}],"author":[{"embeddable":true,"href":"https:\/\/municipalidadalhue.cl\/portal\/wp-json\/wp\/v2\/users\/1"}],"replies":[{"embeddable":true,"href":"https:\/\/municipalidadalhue.cl\/portal\/wp-json\/wp\/v2\/comments?post=19530"}],"version-history":[{"count":1,"href":"https:\/\/municipalidadalhue.cl\/portal\/wp-json\/wp\/v2\/posts\/19530\/revisions"}],"predecessor-version":[{"id":19541,"href":"https:\/\/municipalidadalhue.cl\/portal\/wp-json\/wp\/v2\/posts\/19530\/revisions\/19541"}],"wp:featuredmedia":[{"embeddable":true,"href":"https:\/\/municipalidadalhue.cl\/portal\/wp-json\/wp\/v2\/media\/19531"}],"wp:attachment":[{"href":"https:\/\/municipalidadalhue.cl\/portal\/wp-json\/wp\/v2\/media?parent=19530"}],"wp:term":[{"taxonomy":"category","embeddable":true,"href":"https:\/\/municipalidadalhue.cl\/portal\/wp-json\/wp\/v2\/categories?post=19530"},{"taxonomy":"post_tag","embeddable":true,"href":"https:\/\/municipalidadalhue.cl\/portal\/wp-json\/wp\/v2\/tags?post=19530"}],"curies":[{"name":"wp","href":"https:\/\/api.w.org\/{rel}","templated":true}]}}