{"id":19542,"date":"2025-07-28T21:28:43","date_gmt":"2025-07-28T21:28:43","guid":{"rendered":"https:\/\/municipalidadalhue.cl\/portal\/?p=19542"},"modified":"2025-07-28T21:28:43","modified_gmt":"2025-07-28T21:28:43","slug":"alhue-conmemoro-el-dia-nacional-de-las-campesinas-y-campesinos-con-un-emotivo-acto-liderado-por-la-alcaldesa-marcela-chamorro-macias","status":"publish","type":"post","link":"https:\/\/municipalidadalhue.cl\/portal\/alhue-conmemoro-el-dia-nacional-de-las-campesinas-y-campesinos-con-un-emotivo-acto-liderado-por-la-alcaldesa-marcela-chamorro-macias\/","title":{"rendered":"Alhu\u00e9 conmemor\u00f3 el D\u00eda Nacional de las Campesinas y Campesinos con un emotivo acto liderado por la Alcaldesa Marcela Chamorro Mac\u00edas"},"content":{"rendered":"<p>Cada 28 de julio se celebra en Chile el D\u00eda Nacional de las Campesinas y Campesinos, en conmemoraci\u00f3n de la Ley de Reforma Agraria y la Sindicalizaci\u00f3n Campesina, reconociendo el invaluable aporte de hombres y mujeres del campo al desarrollo econ\u00f3mico, social y cultural de los sectores rurales del pa\u00eds.<\/p>\n<p>En este contexto, la Alcaldesa Marcela Chamorro Mac\u00edas, junto a los concejales Manuel Gonz\u00e1lez y Alex Riquelme, encabezaron una significativa ceremonia conmemorativa en la sede del APR de Hacienda Alhu\u00e9, que reuni\u00f3 a decenas de vecinas y vecinos del mundo rural.<\/p>\n<p>Durante el acto, nuestra primera autoridad resalt\u00f3 el rol fundamental que cumplen las campesinas y campesinos de Alhu\u00e9, verdaderos pilares en la producci\u00f3n de alimentos y en la conservaci\u00f3n de nuestras tradiciones. Su compromiso y esfuerzo diario son esenciales para la soberan\u00eda alimentaria del pa\u00eds y el bienestar de nuestras comunidades.<\/p>\n<p>Desde su gesti\u00f3n, la Alcaldesa Marcela Chamorro Mac\u00edas ha impulsado diversas iniciativas en apoyo al mundo rural, reafirmando su compromiso con el fortalecimiento de la agricultura familiar, la protecci\u00f3n de los recursos naturales y el bienestar de quienes viven del trabajo de la tierra.<\/p>\n<p>La Ilustre Municipalidad de Alhu\u00e9 continuar\u00e1 trabajando de la mano con nuestros campesinos y campesinas, valorando su labor y entregando el respaldo necesario para seguir construyendo un Alhu\u00e9 m\u00e1s justo, digno y con igualdad de oportunidades para todos.<\/p>\n<div id='gallery-1' class='gallery galleryid-19542 gallery-columns-3 gallery-size-thumbnail'><figure class='gallery-item'>\n\t\t\t<div class='gallery-icon landscape'>\n\t\t\t\t<a href='https:\/\/municipalidadalhue.cl\/portal\/alhue-conmemoro-el-dia-nacional-de-las-campesinas-y-campesinos-con-un-emotivo-acto-liderado-por-la-alcaldesa-marcela-chamorro-macias\/dsc_0020-26\/'><img fetchpriority=\"high\" decoding=\"async\" width=\"500\" height=\"280\" src=\"https:\/\/municipalidadalhue.cl\/portal\/wp-content\/uploads\/2025\/07\/DSC_0020-2-500x280.jpg\" class=\"attachment-thumbnail size-thumbnail\" alt=\"\" \/><\/a>\n\t\t\t<\/div><\/figure><figure class='gallery-item'>\n\t\t\t<div class='gallery-icon landscape'>\n\t\t\t\t<a href='https:\/\/municipalidadalhue.cl\/portal\/alhue-conmemoro-el-dia-nacional-de-las-campesinas-y-campesinos-con-un-emotivo-acto-liderado-por-la-alcaldesa-marcela-chamorro-macias\/dsc_0021-21\/'><img decoding=\"async\" width=\"500\" height=\"280\" src=\"https:\/\/municipalidadalhue.cl\/portal\/wp-content\/uploads\/2025\/07\/DSC_0021-1-500x280.jpg\" class=\"attachment-thumbnail size-thumbnail\" alt=\"\" \/><\/a>\n\t\t\t<\/div><\/figure><figure class='gallery-item'>\n\t\t\t<div class='gallery-icon landscape'>\n\t\t\t\t<a href='https:\/\/municipalidadalhue.cl\/portal\/alhue-conmemoro-el-dia-nacional-de-las-campesinas-y-campesinos-con-un-emotivo-acto-liderado-por-la-alcaldesa-marcela-chamorro-macias\/dsc_0022-25\/'><img decoding=\"async\" width=\"500\" height=\"280\" src=\"https:\/\/municipalidadalhue.cl\/portal\/wp-content\/uploads\/2025\/07\/DSC_0022-1-500x280.jpg\" class=\"attachment-thumbnail size-thumbnail\" alt=\"\" \/><\/a>\n\t\t\t<\/div><\/figure><figure class='gallery-item'>\n\t\t\t<div class='gallery-icon landscape'>\n\t\t\t\t<a href='https:\/\/municipalidadalhue.cl\/portal\/alhue-conmemoro-el-dia-nacional-de-las-campesinas-y-campesinos-con-un-emotivo-acto-liderado-por-la-alcaldesa-marcela-chamorro-macias\/dsc_0029-16\/'><img loading=\"lazy\" decoding=\"async\" width=\"500\" height=\"280\" src=\"https:\/\/municipalidadalhue.cl\/portal\/wp-content\/uploads\/2025\/07\/DSC_0029-1-500x280.jpg\" class=\"attachment-thumbnail size-thumbnail\" alt=\"\" \/><\/a>\n\t\t\t<\/div><\/figure><figure class='gallery-item'>\n\t\t\t<div class='gallery-icon landscape'>\n\t\t\t\t<a href='https:\/\/municipalidadalhue.cl\/portal\/alhue-conmemoro-el-dia-nacional-de-las-campesinas-y-campesinos-con-un-emotivo-acto-liderado-por-la-alcaldesa-marcela-chamorro-macias\/dsc_0033-22\/'><img loading=\"lazy\" decoding=\"async\" width=\"500\" height=\"280\" src=\"https:\/\/municipalidadalhue.cl\/portal\/wp-content\/uploads\/2025\/07\/DSC_0033-500x280.jpg\" class=\"attachment-thumbnail size-thumbnail\" alt=\"\" \/><\/a>\n\t\t\t<\/div><\/figure><figure class='gallery-item'>\n\t\t\t<div class='gallery-icon landscape'>\n\t\t\t\t<a href='https:\/\/municipalidadalhue.cl\/portal\/alhue-conmemoro-el-dia-nacional-de-las-campesinas-y-campesinos-con-un-emotivo-acto-liderado-por-la-alcaldesa-marcela-chamorro-macias\/dsc_0036-16\/'><img loading=\"lazy\" decoding=\"async\" width=\"500\" height=\"280\" src=\"https:\/\/municipalidadalhue.cl\/portal\/wp-content\/uploads\/2025\/07\/DSC_0036-2-500x280.jpg\" class=\"attachment-thumbnail size-thumbnail\" alt=\"\" \/><\/a>\n\t\t\t<\/div><\/figure><figure class='gallery-item'>\n\t\t\t<div class='gallery-icon landscape'>\n\t\t\t\t<a href='https:\/\/municipalidadalhue.cl\/portal\/alhue-conmemoro-el-dia-nacional-de-las-campesinas-y-campesinos-con-un-emotivo-acto-liderado-por-la-alcaldesa-marcela-chamorro-macias\/dsc_0039-13\/'><img loading=\"lazy\" decoding=\"async\" width=\"500\" height=\"280\" src=\"https:\/\/municipalidadalhue.cl\/portal\/wp-content\/uploads\/2025\/07\/DSC_0039-500x280.jpg\" class=\"attachment-thumbnail size-thumbnail\" alt=\"\" \/><\/a>\n\t\t\t<\/div><\/figure><figure class='gallery-item'>\n\t\t\t<div class='gallery-icon landscape'>\n\t\t\t\t<a href='https:\/\/municipalidadalhue.cl\/portal\/alhue-conmemoro-el-dia-nacional-de-las-campesinas-y-campesinos-con-un-emotivo-acto-liderado-por-la-alcaldesa-marcela-chamorro-macias\/dsc_0041-17\/'><img loading=\"lazy\" decoding=\"async\" width=\"500\" height=\"280\" src=\"https:\/\/municipalidadalhue.cl\/portal\/wp-content\/uploads\/2025\/07\/DSC_0041-1-500x280.jpg\" class=\"attachment-thumbnail size-thumbnail\" alt=\"\" \/><\/a>\n\t\t\t<\/div><\/figure><figure class='gallery-item'>\n\t\t\t<div class='gallery-icon landscape'>\n\t\t\t\t<a href='https:\/\/municipalidadalhue.cl\/portal\/alhue-conmemoro-el-dia-nacional-de-las-campesinas-y-campesinos-con-un-emotivo-acto-liderado-por-la-alcaldesa-marcela-chamorro-macias\/dsc_0042-9\/'><img loading=\"lazy\" decoding=\"async\" width=\"500\" height=\"280\" src=\"https:\/\/municipalidadalhue.cl\/portal\/wp-content\/uploads\/2025\/07\/DSC_0042-500x280.jpg\" class=\"attachment-thumbnail size-thumbnail\" alt=\"\" \/><\/a>\n\t\t\t<\/div><\/figure><figure class='gallery-item'>\n\t\t\t<div class='gallery-icon landscape'>\n\t\t\t\t<a href='https:\/\/municipalidadalhue.cl\/portal\/alhue-conmemoro-el-dia-nacional-de-las-campesinas-y-campesinos-con-un-emotivo-acto-liderado-por-la-alcaldesa-marcela-chamorro-macias\/dsc_0046-14\/'><img loading=\"lazy\" decoding=\"async\" width=\"500\" height=\"280\" src=\"https:\/\/municipalidadalhue.cl\/portal\/wp-content\/uploads\/2025\/07\/DSC_0046-500x280.jpg\" class=\"attachment-thumbnail size-thumbnail\" alt=\"\" \/><\/a>\n\t\t\t<\/div><\/figure><figure class='gallery-item'>\n\t\t\t<div class='gallery-icon landscape'>\n\t\t\t\t<a href='https:\/\/municipalidadalhue.cl\/portal\/alhue-conmemoro-el-dia-nacional-de-las-campesinas-y-campesinos-con-un-emotivo-acto-liderado-por-la-alcaldesa-marcela-chamorro-macias\/dsc_0048-16\/'><img loading=\"lazy\" decoding=\"async\" width=\"500\" height=\"280\" src=\"https:\/\/municipalidadalhue.cl\/portal\/wp-content\/uploads\/2025\/07\/DSC_0048-1-500x280.jpg\" class=\"attachment-thumbnail size-thumbnail\" alt=\"\" \/><\/a>\n\t\t\t<\/div><\/figure><figure class='gallery-item'>\n\t\t\t<div class='gallery-icon landscape'>\n\t\t\t\t<a href='https:\/\/municipalidadalhue.cl\/portal\/alhue-conmemoro-el-dia-nacional-de-las-campesinas-y-campesinos-con-un-emotivo-acto-liderado-por-la-alcaldesa-marcela-chamorro-macias\/dsc_0050-12\/'><img loading=\"lazy\" decoding=\"async\" width=\"500\" height=\"280\" src=\"https:\/\/municipalidadalhue.cl\/portal\/wp-content\/uploads\/2025\/07\/DSC_0050-500x280.jpg\" class=\"attachment-thumbnail size-thumbnail\" alt=\"\" \/><\/a>\n\t\t\t<\/div><\/figure><figure class='gallery-item'>\n\t\t\t<div class='gallery-icon landscape'>\n\t\t\t\t<a href='https:\/\/municipalidadalhue.cl\/portal\/alhue-conmemoro-el-dia-nacional-de-las-campesinas-y-campesinos-con-un-emotivo-acto-liderado-por-la-alcaldesa-marcela-chamorro-macias\/dsc_0053-16\/'><img loading=\"lazy\" decoding=\"async\" width=\"500\" height=\"280\" src=\"https:\/\/municipalidadalhue.cl\/portal\/wp-content\/uploads\/2025\/07\/DSC_0053-1-500x280.jpg\" class=\"attachment-thumbnail size-thumbnail\" alt=\"\" \/><\/a>\n\t\t\t<\/div><\/figure><figure class='gallery-item'>\n\t\t\t<div class='gallery-icon landscape'>\n\t\t\t\t<a href='https:\/\/municipalidadalhue.cl\/portal\/alhue-conmemoro-el-dia-nacional-de-las-campesinas-y-campesinos-con-un-emotivo-acto-liderado-por-la-alcaldesa-marcela-chamorro-macias\/dsc_0056-8\/'><img loading=\"lazy\" decoding=\"async\" width=\"500\" height=\"280\" src=\"https:\/\/municipalidadalhue.cl\/portal\/wp-content\/uploads\/2025\/07\/DSC_0056-500x280.jpg\" class=\"attachment-thumbnail size-thumbnail\" alt=\"\" \/><\/a>\n\t\t\t<\/div><\/figure><figure class='gallery-item'>\n\t\t\t<div class='gallery-icon landscape'>\n\t\t\t\t<a href='https:\/\/municipalidadalhue.cl\/portal\/alhue-conmemoro-el-dia-nacional-de-las-campesinas-y-campesinos-con-un-emotivo-acto-liderado-por-la-alcaldesa-marcela-chamorro-macias\/dsc_0067-6\/'><img loading=\"lazy\" decoding=\"async\" width=\"500\" height=\"280\" src=\"https:\/\/municipalidadalhue.cl\/portal\/wp-content\/uploads\/2025\/07\/DSC_0067-500x280.jpg\" class=\"attachment-thumbnail size-thumbnail\" alt=\"\" \/><\/a>\n\t\t\t<\/div><\/figure>\n\t\t<\/div>\n\n","protected":false},"excerpt":{"rendered":"<p>Cada 28 de julio se celebra en Chile el D\u00eda Nacional de las Campesinas y Campesinos, en conmemoraci\u00f3n de la Ley de Reforma Agraria y la Sindicalizaci\u00f3n Campesina, reconociendo el invaluable aporte de hombres y mujeres del campo al desarrollo econ\u00f3mico, social y cultural de los sectores rurales del pa\u00eds. En este contexto, la Alcaldesa Marcela Chamorro Mac\u00edas, junto a los concejales Manuel Gonz\u00e1lez y Alex Riquelme, encabezaron una significativa ceremonia conmemorativa en la sede del APR de Hacienda Alhu\u00e9, que reuni\u00f3 a decenas de vecinas y vecinos del mundo&hellip;<\/p>\n","protected":false},"author":1,"featured_media":19543,"comment_status":"closed","ping_status":"closed","sticky":false,"template":"","format":"standard","meta":{"footnotes":""},"categories":[10,4,5,8],"tags":[],"class_list":["post-19542","post","type-post","status-publish","format-standard","has-post-thumbnail","hentry","category-alcaldesa","category-comunidad","category-concejo","category-noticia"],"_links":{"self":[{"href":"https:\/\/municipalidadalhue.cl\/portal\/wp-json\/wp\/v2\/posts\/19542","targetHints":{"allow":["GET"]}}],"collection":[{"href":"https:\/\/municipalidadalhue.cl\/portal\/wp-json\/wp\/v2\/posts"}],"about":[{"href":"https:\/\/municipalidadalhue.cl\/portal\/wp-json\/wp\/v2\/types\/post"}],"author":[{"embeddable":true,"href":"https:\/\/municipalidadalhue.cl\/portal\/wp-json\/wp\/v2\/users\/1"}],"replies":[{"embeddable":true,"href":"https:\/\/municipalidadalhue.cl\/portal\/wp-json\/wp\/v2\/comments?post=19542"}],"version-history":[{"count":1,"href":"https:\/\/municipalidadalhue.cl\/portal\/wp-json\/wp\/v2\/posts\/19542\/revisions"}],"predecessor-version":[{"id":19559,"href":"https:\/\/municipalidadalhue.cl\/portal\/wp-json\/wp\/v2\/posts\/19542\/revisions\/19559"}],"wp:featuredmedia":[{"embeddable":true,"href":"https:\/\/municipalidadalhue.cl\/portal\/wp-json\/wp\/v2\/media\/19543"}],"wp:attachment":[{"href":"https:\/\/municipalidadalhue.cl\/portal\/wp-json\/wp\/v2\/media?parent=19542"}],"wp:term":[{"taxonomy":"category","embeddable":true,"href":"https:\/\/municipalidadalhue.cl\/portal\/wp-json\/wp\/v2\/categories?post=19542"},{"taxonomy":"post_tag","embeddable":true,"href":"https:\/\/municipalidadalhue.cl\/portal\/wp-json\/wp\/v2\/tags?post=19542"}],"curies":[{"name":"wp","href":"https:\/\/api.w.org\/{rel}","templated":true}]}}