{"id":19601,"date":"2025-08-12T14:46:43","date_gmt":"2025-08-12T14:46:43","guid":{"rendered":"https:\/\/municipalidadalhue.cl\/portal\/?p=19601"},"modified":"2025-08-12T14:46:43","modified_gmt":"2025-08-12T14:46:43","slug":"mas-de-2-mil-personas-celebraron-el-dia-de-la-ninez-en-el-parque-comunal-de-alhue","status":"publish","type":"post","link":"https:\/\/municipalidadalhue.cl\/portal\/mas-de-2-mil-personas-celebraron-el-dia-de-la-ninez-en-el-parque-comunal-de-alhue\/","title":{"rendered":"M\u00e1s de 2 mil personas celebraron el D\u00eda de la Ni\u00f1ez en el Parque Comunal de Alhu\u00e9"},"content":{"rendered":"<p>Con una masiva asistencia que super\u00f3 las 2 mil personas, el Parque Comunal de Alhu\u00e9 se convirti\u00f3 en el punto de encuentro para celebrar el D\u00eda de la Ni\u00f1ez, en una jornada organizada por nuestro municipio.<\/p>\n<p>La actividad cont\u00f3 con la presencia de la Alcaldesa Marcela Chamorro Mac\u00edas y los concejales Manuel Gonz\u00e1lez, Alex Riquelme y Fidel Valenzuela, quienes destacaron la alta participaci\u00f3n de las familias y resaltaron que el evento fue preparado con especial dedicaci\u00f3n para todos los ni\u00f1os y ni\u00f1as de la comuna.<\/p>\n<p>Las y los asistentes disfrutaron de juegos inflables, pinta caritas, golosinas, actividades recreativas y, como gran atractivo, el espect\u00e1culo de Cachureos, que por primera vez se present\u00f3 en Alhu\u00e9.<\/p>\n<p>La jornada tambi\u00e9n incluy\u00f3 la iniciativa educativa \u201cAlhu\u00e9 Kids\u201d, que permiti\u00f3 a los m\u00e1s peque\u00f1os conocer de cerca distintos oficios, gracias a la colaboraci\u00f3n del Cuerpo de Bomberos de Alhu\u00e9, Carabineros, CONAF y funcionarias de DIDECO y del Departamento de Salud.<\/p>\n<p>El evento se desarroll\u00f3 en un ambiente de alegr\u00eda, risas y aprendizaje, consolid\u00e1ndose como una instancia de encuentro y recreaci\u00f3n para toda la comunidad.<\/p>\n<div id='gallery-1' class='gallery galleryid-19601 gallery-columns-3 gallery-size-thumbnail'><figure class='gallery-item'>\n\t\t\t<div class='gallery-icon landscape'>\n\t\t\t\t<a href='https:\/\/municipalidadalhue.cl\/portal\/mas-de-2-mil-personas-celebraron-el-dia-de-la-ninez-en-el-parque-comunal-de-alhue\/dsc_0001-54\/'><img fetchpriority=\"high\" decoding=\"async\" width=\"500\" height=\"280\" src=\"https:\/\/municipalidadalhue.cl\/portal\/wp-content\/uploads\/2025\/08\/DSC_0001-500x280.jpg\" class=\"attachment-thumbnail size-thumbnail\" alt=\"\" \/><\/a>\n\t\t\t<\/div><\/figure><figure class='gallery-item'>\n\t\t\t<div class='gallery-icon landscape'>\n\t\t\t\t<a href='https:\/\/municipalidadalhue.cl\/portal\/mas-de-2-mil-personas-celebraron-el-dia-de-la-ninez-en-el-parque-comunal-de-alhue\/dsc_0002-41\/'><img decoding=\"async\" width=\"500\" height=\"280\" src=\"https:\/\/municipalidadalhue.cl\/portal\/wp-content\/uploads\/2025\/08\/DSC_0002-500x280.jpg\" class=\"attachment-thumbnail size-thumbnail\" alt=\"\" \/><\/a>\n\t\t\t<\/div><\/figure><figure class='gallery-item'>\n\t\t\t<div class='gallery-icon landscape'>\n\t\t\t\t<a href='https:\/\/municipalidadalhue.cl\/portal\/mas-de-2-mil-personas-celebraron-el-dia-de-la-ninez-en-el-parque-comunal-de-alhue\/dsc_0003-31\/'><img decoding=\"async\" width=\"500\" height=\"280\" src=\"https:\/\/municipalidadalhue.cl\/portal\/wp-content\/uploads\/2025\/08\/DSC_0003-500x280.jpg\" class=\"attachment-thumbnail size-thumbnail\" alt=\"\" \/><\/a>\n\t\t\t<\/div><\/figure><figure class='gallery-item'>\n\t\t\t<div class='gallery-icon landscape'>\n\t\t\t\t<a href='https:\/\/municipalidadalhue.cl\/portal\/mas-de-2-mil-personas-celebraron-el-dia-de-la-ninez-en-el-parque-comunal-de-alhue\/dsc_0004-35\/'><img loading=\"lazy\" decoding=\"async\" width=\"500\" height=\"280\" src=\"https:\/\/municipalidadalhue.cl\/portal\/wp-content\/uploads\/2025\/08\/DSC_0004-500x280.jpg\" class=\"attachment-thumbnail size-thumbnail\" alt=\"\" \/><\/a>\n\t\t\t<\/div><\/figure><figure class='gallery-item'>\n\t\t\t<div class='gallery-icon landscape'>\n\t\t\t\t<a href='https:\/\/municipalidadalhue.cl\/portal\/mas-de-2-mil-personas-celebraron-el-dia-de-la-ninez-en-el-parque-comunal-de-alhue\/dsc_0047-17\/'><img loading=\"lazy\" decoding=\"async\" width=\"500\" height=\"280\" src=\"https:\/\/municipalidadalhue.cl\/portal\/wp-content\/uploads\/2025\/08\/DSC_0047-500x280.jpg\" class=\"attachment-thumbnail size-thumbnail\" alt=\"\" \/><\/a>\n\t\t\t<\/div><\/figure><figure class='gallery-item'>\n\t\t\t<div class='gallery-icon landscape'>\n\t\t\t\t<a href='https:\/\/municipalidadalhue.cl\/portal\/mas-de-2-mil-personas-celebraron-el-dia-de-la-ninez-en-el-parque-comunal-de-alhue\/dsc_0050-13\/'><img loading=\"lazy\" decoding=\"async\" width=\"500\" height=\"280\" src=\"https:\/\/municipalidadalhue.cl\/portal\/wp-content\/uploads\/2025\/08\/DSC_0050-500x280.jpg\" class=\"attachment-thumbnail size-thumbnail\" alt=\"\" \/><\/a>\n\t\t\t<\/div><\/figure><figure class='gallery-item'>\n\t\t\t<div class='gallery-icon landscape'>\n\t\t\t\t<a href='https:\/\/municipalidadalhue.cl\/portal\/mas-de-2-mil-personas-celebraron-el-dia-de-la-ninez-en-el-parque-comunal-de-alhue\/dsc_0054-16\/'><img loading=\"lazy\" decoding=\"async\" width=\"500\" height=\"280\" src=\"https:\/\/municipalidadalhue.cl\/portal\/wp-content\/uploads\/2025\/08\/DSC_0054-500x280.jpg\" class=\"attachment-thumbnail size-thumbnail\" alt=\"\" \/><\/a>\n\t\t\t<\/div><\/figure><figure class='gallery-item'>\n\t\t\t<div class='gallery-icon landscape'>\n\t\t\t\t<a href='https:\/\/municipalidadalhue.cl\/portal\/mas-de-2-mil-personas-celebraron-el-dia-de-la-ninez-en-el-parque-comunal-de-alhue\/dsc_0064-8\/'><img loading=\"lazy\" decoding=\"async\" width=\"500\" height=\"280\" src=\"https:\/\/municipalidadalhue.cl\/portal\/wp-content\/uploads\/2025\/08\/DSC_0064-500x280.jpg\" class=\"attachment-thumbnail size-thumbnail\" alt=\"\" \/><\/a>\n\t\t\t<\/div><\/figure><figure class='gallery-item'>\n\t\t\t<div class='gallery-icon landscape'>\n\t\t\t\t<a href='https:\/\/municipalidadalhue.cl\/portal\/mas-de-2-mil-personas-celebraron-el-dia-de-la-ninez-en-el-parque-comunal-de-alhue\/dsc_0066-11\/'><img loading=\"lazy\" decoding=\"async\" width=\"500\" height=\"280\" src=\"https:\/\/municipalidadalhue.cl\/portal\/wp-content\/uploads\/2025\/08\/DSC_0066-500x280.jpg\" class=\"attachment-thumbnail size-thumbnail\" alt=\"\" \/><\/a>\n\t\t\t<\/div><\/figure><figure class='gallery-item'>\n\t\t\t<div class='gallery-icon landscape'>\n\t\t\t\t<a href='https:\/\/municipalidadalhue.cl\/portal\/mas-de-2-mil-personas-celebraron-el-dia-de-la-ninez-en-el-parque-comunal-de-alhue\/dsc_0070-7\/'><img loading=\"lazy\" decoding=\"async\" width=\"500\" height=\"280\" src=\"https:\/\/municipalidadalhue.cl\/portal\/wp-content\/uploads\/2025\/08\/DSC_0070-500x280.jpg\" class=\"attachment-thumbnail size-thumbnail\" alt=\"\" \/><\/a>\n\t\t\t<\/div><\/figure><figure class='gallery-item'>\n\t\t\t<div class='gallery-icon landscape'>\n\t\t\t\t<a href='https:\/\/municipalidadalhue.cl\/portal\/mas-de-2-mil-personas-celebraron-el-dia-de-la-ninez-en-el-parque-comunal-de-alhue\/dsc_0071-13\/'><img loading=\"lazy\" decoding=\"async\" width=\"500\" height=\"280\" src=\"https:\/\/municipalidadalhue.cl\/portal\/wp-content\/uploads\/2025\/08\/DSC_0071-500x280.jpg\" class=\"attachment-thumbnail size-thumbnail\" alt=\"\" \/><\/a>\n\t\t\t<\/div><\/figure><figure class='gallery-item'>\n\t\t\t<div class='gallery-icon landscape'>\n\t\t\t\t<a href='https:\/\/municipalidadalhue.cl\/portal\/mas-de-2-mil-personas-celebraron-el-dia-de-la-ninez-en-el-parque-comunal-de-alhue\/dsc_0073-6\/'><img loading=\"lazy\" decoding=\"async\" width=\"500\" height=\"280\" src=\"https:\/\/municipalidadalhue.cl\/portal\/wp-content\/uploads\/2025\/08\/DSC_0073-500x280.jpg\" class=\"attachment-thumbnail size-thumbnail\" alt=\"\" \/><\/a>\n\t\t\t<\/div><\/figure><figure class='gallery-item'>\n\t\t\t<div class='gallery-icon landscape'>\n\t\t\t\t<a href='https:\/\/municipalidadalhue.cl\/portal\/mas-de-2-mil-personas-celebraron-el-dia-de-la-ninez-en-el-parque-comunal-de-alhue\/dsc_0074-6\/'><img loading=\"lazy\" decoding=\"async\" width=\"500\" height=\"280\" src=\"https:\/\/municipalidadalhue.cl\/portal\/wp-content\/uploads\/2025\/08\/DSC_0074-500x280.jpg\" class=\"attachment-thumbnail size-thumbnail\" alt=\"\" \/><\/a>\n\t\t\t<\/div><\/figure><figure class='gallery-item'>\n\t\t\t<div class='gallery-icon landscape'>\n\t\t\t\t<a href='https:\/\/municipalidadalhue.cl\/portal\/mas-de-2-mil-personas-celebraron-el-dia-de-la-ninez-en-el-parque-comunal-de-alhue\/dsc_0078-6\/'><img loading=\"lazy\" decoding=\"async\" width=\"500\" height=\"280\" src=\"https:\/\/municipalidadalhue.cl\/portal\/wp-content\/uploads\/2025\/08\/DSC_0078-500x280.jpg\" class=\"attachment-thumbnail size-thumbnail\" alt=\"\" \/><\/a>\n\t\t\t<\/div><\/figure><figure class='gallery-item'>\n\t\t\t<div class='gallery-icon landscape'>\n\t\t\t\t<a href='https:\/\/municipalidadalhue.cl\/portal\/mas-de-2-mil-personas-celebraron-el-dia-de-la-ninez-en-el-parque-comunal-de-alhue\/dsc_0081-4\/'><img loading=\"lazy\" decoding=\"async\" width=\"500\" height=\"280\" src=\"https:\/\/municipalidadalhue.cl\/portal\/wp-content\/uploads\/2025\/08\/DSC_0081-500x280.jpg\" class=\"attachment-thumbnail size-thumbnail\" alt=\"\" \/><\/a>\n\t\t\t<\/div><\/figure><figure class='gallery-item'>\n\t\t\t<div class='gallery-icon landscape'>\n\t\t\t\t<a href='https:\/\/municipalidadalhue.cl\/portal\/mas-de-2-mil-personas-celebraron-el-dia-de-la-ninez-en-el-parque-comunal-de-alhue\/dsc_0082-3\/'><img loading=\"lazy\" decoding=\"async\" width=\"500\" height=\"280\" src=\"https:\/\/municipalidadalhue.cl\/portal\/wp-content\/uploads\/2025\/08\/DSC_0082-500x280.jpg\" class=\"attachment-thumbnail size-thumbnail\" alt=\"\" \/><\/a>\n\t\t\t<\/div><\/figure><figure class='gallery-item'>\n\t\t\t<div class='gallery-icon landscape'>\n\t\t\t\t<a href='https:\/\/municipalidadalhue.cl\/portal\/mas-de-2-mil-personas-celebraron-el-dia-de-la-ninez-en-el-parque-comunal-de-alhue\/dsc_0085-7\/'><img loading=\"lazy\" decoding=\"async\" width=\"500\" height=\"280\" src=\"https:\/\/municipalidadalhue.cl\/portal\/wp-content\/uploads\/2025\/08\/DSC_0085-500x280.jpg\" class=\"attachment-thumbnail size-thumbnail\" alt=\"\" \/><\/a>\n\t\t\t<\/div><\/figure><figure class='gallery-item'>\n\t\t\t<div class='gallery-icon landscape'>\n\t\t\t\t<a href='https:\/\/municipalidadalhue.cl\/portal\/mas-de-2-mil-personas-celebraron-el-dia-de-la-ninez-en-el-parque-comunal-de-alhue\/dsc_0091-7\/'><img loading=\"lazy\" decoding=\"async\" width=\"500\" height=\"280\" src=\"https:\/\/municipalidadalhue.cl\/portal\/wp-content\/uploads\/2025\/08\/DSC_0091-500x280.jpg\" class=\"attachment-thumbnail size-thumbnail\" alt=\"\" \/><\/a>\n\t\t\t<\/div><\/figure><figure class='gallery-item'>\n\t\t\t<div class='gallery-icon landscape'>\n\t\t\t\t<a href='https:\/\/municipalidadalhue.cl\/portal\/mas-de-2-mil-personas-celebraron-el-dia-de-la-ninez-en-el-parque-comunal-de-alhue\/dsc_0096-3\/'><img loading=\"lazy\" decoding=\"async\" width=\"500\" height=\"280\" src=\"https:\/\/municipalidadalhue.cl\/portal\/wp-content\/uploads\/2025\/08\/DSC_0096-500x280.jpg\" class=\"attachment-thumbnail size-thumbnail\" alt=\"\" \/><\/a>\n\t\t\t<\/div><\/figure><figure class='gallery-item'>\n\t\t\t<div class='gallery-icon landscape'>\n\t\t\t\t<a href='https:\/\/municipalidadalhue.cl\/portal\/mas-de-2-mil-personas-celebraron-el-dia-de-la-ninez-en-el-parque-comunal-de-alhue\/dsc_0099-8\/'><img loading=\"lazy\" decoding=\"async\" width=\"500\" height=\"280\" src=\"https:\/\/municipalidadalhue.cl\/portal\/wp-content\/uploads\/2025\/08\/DSC_0099-500x280.jpg\" class=\"attachment-thumbnail size-thumbnail\" alt=\"\" \/><\/a>\n\t\t\t<\/div><\/figure><figure class='gallery-item'>\n\t\t\t<div class='gallery-icon landscape'>\n\t\t\t\t<a href='https:\/\/municipalidadalhue.cl\/portal\/mas-de-2-mil-personas-celebraron-el-dia-de-la-ninez-en-el-parque-comunal-de-alhue\/dsc_0118-5\/'><img loading=\"lazy\" decoding=\"async\" width=\"500\" height=\"280\" src=\"https:\/\/municipalidadalhue.cl\/portal\/wp-content\/uploads\/2025\/08\/DSC_0118-500x280.jpg\" class=\"attachment-thumbnail size-thumbnail\" alt=\"\" \/><\/a>\n\t\t\t<\/div><\/figure><figure class='gallery-item'>\n\t\t\t<div class='gallery-icon landscape'>\n\t\t\t\t<a href='https:\/\/municipalidadalhue.cl\/portal\/mas-de-2-mil-personas-celebraron-el-dia-de-la-ninez-en-el-parque-comunal-de-alhue\/dsc_0130-3\/'><img loading=\"lazy\" decoding=\"async\" width=\"500\" height=\"280\" src=\"https:\/\/municipalidadalhue.cl\/portal\/wp-content\/uploads\/2025\/08\/DSC_0130-500x280.jpg\" class=\"attachment-thumbnail size-thumbnail\" alt=\"\" \/><\/a>\n\t\t\t<\/div><\/figure><figure class='gallery-item'>\n\t\t\t<div class='gallery-icon landscape'>\n\t\t\t\t<a href='https:\/\/municipalidadalhue.cl\/portal\/mas-de-2-mil-personas-celebraron-el-dia-de-la-ninez-en-el-parque-comunal-de-alhue\/dsc_0139-5\/'><img loading=\"lazy\" decoding=\"async\" width=\"500\" height=\"280\" src=\"https:\/\/municipalidadalhue.cl\/portal\/wp-content\/uploads\/2025\/08\/DSC_0139-500x280.jpg\" class=\"attachment-thumbnail size-thumbnail\" alt=\"\" \/><\/a>\n\t\t\t<\/div><\/figure><figure class='gallery-item'>\n\t\t\t<div class='gallery-icon landscape'>\n\t\t\t\t<a href='https:\/\/municipalidadalhue.cl\/portal\/mas-de-2-mil-personas-celebraron-el-dia-de-la-ninez-en-el-parque-comunal-de-alhue\/dsc_0146-3\/'><img loading=\"lazy\" decoding=\"async\" width=\"500\" height=\"280\" src=\"https:\/\/municipalidadalhue.cl\/portal\/wp-content\/uploads\/2025\/08\/DSC_0146-500x280.jpg\" class=\"attachment-thumbnail size-thumbnail\" alt=\"\" \/><\/a>\n\t\t\t<\/div><\/figure>\n\t\t<\/div>\n\n","protected":false},"excerpt":{"rendered":"<p>Con una masiva asistencia que super\u00f3 las 2 mil personas, el Parque Comunal de Alhu\u00e9 se convirti\u00f3 en el punto de encuentro para celebrar el D\u00eda de la Ni\u00f1ez, en una jornada organizada por nuestro municipio. La actividad cont\u00f3 con la presencia de la Alcaldesa Marcela Chamorro Mac\u00edas y los concejales Manuel Gonz\u00e1lez, Alex Riquelme y Fidel Valenzuela, quienes destacaron la alta participaci\u00f3n de las familias y resaltaron que el evento fue preparado con especial dedicaci\u00f3n para todos los ni\u00f1os y ni\u00f1as de la comuna. Las y los asistentes disfrutaron&hellip;<\/p>\n","protected":false},"author":1,"featured_media":19602,"comment_status":"closed","ping_status":"closed","sticky":false,"template":"","format":"standard","meta":{"footnotes":""},"categories":[10,4,5,8],"tags":[],"class_list":["post-19601","post","type-post","status-publish","format-standard","has-post-thumbnail","hentry","category-alcaldesa","category-comunidad","category-concejo","category-noticia"],"_links":{"self":[{"href":"https:\/\/municipalidadalhue.cl\/portal\/wp-json\/wp\/v2\/posts\/19601","targetHints":{"allow":["GET"]}}],"collection":[{"href":"https:\/\/municipalidadalhue.cl\/portal\/wp-json\/wp\/v2\/posts"}],"about":[{"href":"https:\/\/municipalidadalhue.cl\/portal\/wp-json\/wp\/v2\/types\/post"}],"author":[{"embeddable":true,"href":"https:\/\/municipalidadalhue.cl\/portal\/wp-json\/wp\/v2\/users\/1"}],"replies":[{"embeddable":true,"href":"https:\/\/municipalidadalhue.cl\/portal\/wp-json\/wp\/v2\/comments?post=19601"}],"version-history":[{"count":1,"href":"https:\/\/municipalidadalhue.cl\/portal\/wp-json\/wp\/v2\/posts\/19601\/revisions"}],"predecessor-version":[{"id":19627,"href":"https:\/\/municipalidadalhue.cl\/portal\/wp-json\/wp\/v2\/posts\/19601\/revisions\/19627"}],"wp:featuredmedia":[{"embeddable":true,"href":"https:\/\/municipalidadalhue.cl\/portal\/wp-json\/wp\/v2\/media\/19602"}],"wp:attachment":[{"href":"https:\/\/municipalidadalhue.cl\/portal\/wp-json\/wp\/v2\/media?parent=19601"}],"wp:term":[{"taxonomy":"category","embeddable":true,"href":"https:\/\/municipalidadalhue.cl\/portal\/wp-json\/wp\/v2\/categories?post=19601"},{"taxonomy":"post_tag","embeddable":true,"href":"https:\/\/municipalidadalhue.cl\/portal\/wp-json\/wp\/v2\/tags?post=19601"}],"curies":[{"name":"wp","href":"https:\/\/api.w.org\/{rel}","templated":true}]}}