{"id":19630,"date":"2025-08-13T16:49:22","date_gmt":"2025-08-13T16:49:22","guid":{"rendered":"https:\/\/municipalidadalhue.cl\/portal\/?p=19630"},"modified":"2025-08-13T16:49:22","modified_gmt":"2025-08-13T16:49:22","slug":"con-la-noche-de-encanto-y-tradicion-comienzan-las-celebraciones-de-los-270-anos-de-alhue","status":"publish","type":"post","link":"https:\/\/municipalidadalhue.cl\/portal\/con-la-noche-de-encanto-y-tradicion-comienzan-las-celebraciones-de-los-270-anos-de-alhue\/","title":{"rendered":"Con la Noche de Encanto y Tradici\u00f3n comienzan las celebraciones de los 270 a\u00f1os de Alhu\u00e9"},"content":{"rendered":"<p>El 12 de agosto Alhu\u00e9 dio inicio a las celebraciones por sus 270 a\u00f1os de historia con una de las actividades m\u00e1s queridas por nuestra comunidad: la \u201cNoche de Encanto y Tradici\u00f3n\u201d.<\/p>\n<p>La jornada, realizada en la tradicional Quinta de Recreo El Par\u00eds, reuni\u00f3 a una gran cantidad de vecinos, vecinas y turistas, quienes disfrutaron de m\u00fasica, baile y alegr\u00eda en un ambiente lleno de identidad y cultura.<\/p>\n<p>La Alcaldesa Marcela Chamorro Mac\u00edas, junto al Honorable Concejo Municipal, representado por los concejales Manuel Gonz\u00e1lez, Nancy Cerda y Fidel Valenzuela, encabezaron esta fiesta.<\/p>\n<p>Nuestra Alcaldesa destac\u00f3 que \u201cesta celebraci\u00f3n es un reflejo del cari\u00f1o y orgullo que sentimos por nuestra tierra. Queremos que cada alhu\u00edno y alhu\u00edna se sienta parte de esta historia y que juntos sigamos preservando nuestras tradiciones para las futuras generaciones\u201d.<\/p>\n<p>La actividad, organizada por la Ilustre Municipalidad de Alhu\u00e9, a trav\u00e9s de la Oficina de Cultura de DIDECO, cont\u00f3 con la participaci\u00f3n de reconocidas agrupaciones locales como Las Hermanas Donoso; Warara; la cantora y poetiza Anita Irraz\u00e1bal; el Grupo de Radioteatro Las Chonchonas; las canciones de Camila Neira; la participaci\u00f3n especial de 2 j\u00f3venes int\u00e9rpretes de la comuna. Luciano Palma y Alfonso Galleguillos; y la pareja compuesta por la Sra. Glasfira Salazar y el Sr. Guillermo Isidoro Jim\u00e9nez, representantes de Alhu\u00e9 en el reciente Campeonato Provincial de Cueca de Personas Mayores realizado en Melipilla.<\/p>\n<p>As\u00ed, con m\u00fasica, tradici\u00f3n y orgullo por nuestras ra\u00edces, comenzamos un nuevo aniversario que nos invita a celebrar la historia y proyecci\u00f3n de nuestra tierra.<\/p>\n<div id='gallery-1' class='gallery galleryid-19630 gallery-columns-3 gallery-size-thumbnail'><figure class='gallery-item'>\n\t\t\t<div class='gallery-icon landscape'>\n\t\t\t\t<a href='https:\/\/municipalidadalhue.cl\/portal\/con-la-noche-de-encanto-y-tradicion-comienzan-las-celebraciones-de-los-270-anos-de-alhue\/1-106\/'><img fetchpriority=\"high\" decoding=\"async\" width=\"500\" height=\"280\" src=\"https:\/\/municipalidadalhue.cl\/portal\/wp-content\/uploads\/2025\/08\/1-1-500x280.jpg\" class=\"attachment-thumbnail size-thumbnail\" alt=\"\" \/><\/a>\n\t\t\t<\/div><\/figure><figure class='gallery-item'>\n\t\t\t<div class='gallery-icon landscape'>\n\t\t\t\t<a href='https:\/\/municipalidadalhue.cl\/portal\/con-la-noche-de-encanto-y-tradicion-comienzan-las-celebraciones-de-los-270-anos-de-alhue\/3-14\/'><img decoding=\"async\" width=\"500\" height=\"280\" src=\"https:\/\/municipalidadalhue.cl\/portal\/wp-content\/uploads\/2025\/08\/3-500x280.jpg\" class=\"attachment-thumbnail size-thumbnail\" alt=\"\" \/><\/a>\n\t\t\t<\/div><\/figure><figure class='gallery-item'>\n\t\t\t<div class='gallery-icon landscape'>\n\t\t\t\t<a href='https:\/\/municipalidadalhue.cl\/portal\/con-la-noche-de-encanto-y-tradicion-comienzan-las-celebraciones-de-los-270-anos-de-alhue\/4-12\/'><img decoding=\"async\" width=\"500\" height=\"280\" src=\"https:\/\/municipalidadalhue.cl\/portal\/wp-content\/uploads\/2025\/08\/4-500x280.jpg\" class=\"attachment-thumbnail size-thumbnail\" alt=\"\" \/><\/a>\n\t\t\t<\/div><\/figure><figure class='gallery-item'>\n\t\t\t<div class='gallery-icon landscape'>\n\t\t\t\t<a href='https:\/\/municipalidadalhue.cl\/portal\/con-la-noche-de-encanto-y-tradicion-comienzan-las-celebraciones-de-los-270-anos-de-alhue\/5-6\/'><img loading=\"lazy\" decoding=\"async\" width=\"500\" height=\"280\" src=\"https:\/\/municipalidadalhue.cl\/portal\/wp-content\/uploads\/2025\/08\/5-500x280.jpg\" class=\"attachment-thumbnail size-thumbnail\" alt=\"\" \/><\/a>\n\t\t\t<\/div><\/figure><figure class='gallery-item'>\n\t\t\t<div class='gallery-icon landscape'>\n\t\t\t\t<a href='https:\/\/municipalidadalhue.cl\/portal\/con-la-noche-de-encanto-y-tradicion-comienzan-las-celebraciones-de-los-270-anos-de-alhue\/dsc_0024-18\/'><img loading=\"lazy\" decoding=\"async\" width=\"500\" height=\"280\" src=\"https:\/\/municipalidadalhue.cl\/portal\/wp-content\/uploads\/2025\/08\/DSC_0024-500x280.jpg\" class=\"attachment-thumbnail size-thumbnail\" alt=\"\" \/><\/a>\n\t\t\t<\/div><\/figure><figure class='gallery-item'>\n\t\t\t<div class='gallery-icon landscape'>\n\t\t\t\t<a href='https:\/\/municipalidadalhue.cl\/portal\/con-la-noche-de-encanto-y-tradicion-comienzan-las-celebraciones-de-los-270-anos-de-alhue\/dsc_0025-18\/'><img loading=\"lazy\" decoding=\"async\" width=\"500\" height=\"280\" src=\"https:\/\/municipalidadalhue.cl\/portal\/wp-content\/uploads\/2025\/08\/DSC_0025-500x280.jpg\" class=\"attachment-thumbnail size-thumbnail\" alt=\"\" \/><\/a>\n\t\t\t<\/div><\/figure><figure class='gallery-item'>\n\t\t\t<div class='gallery-icon landscape'>\n\t\t\t\t<a href='https:\/\/municipalidadalhue.cl\/portal\/con-la-noche-de-encanto-y-tradicion-comienzan-las-celebraciones-de-los-270-anos-de-alhue\/dsc_0033-23\/'><img loading=\"lazy\" decoding=\"async\" width=\"500\" height=\"280\" src=\"https:\/\/municipalidadalhue.cl\/portal\/wp-content\/uploads\/2025\/08\/DSC_0033-500x280.jpg\" class=\"attachment-thumbnail size-thumbnail\" alt=\"\" \/><\/a>\n\t\t\t<\/div><\/figure><figure class='gallery-item'>\n\t\t\t<div class='gallery-icon landscape'>\n\t\t\t\t<a href='https:\/\/municipalidadalhue.cl\/portal\/con-la-noche-de-encanto-y-tradicion-comienzan-las-celebraciones-de-los-270-anos-de-alhue\/dsc_0035-18\/'><img loading=\"lazy\" decoding=\"async\" width=\"500\" height=\"280\" src=\"https:\/\/municipalidadalhue.cl\/portal\/wp-content\/uploads\/2025\/08\/DSC_0035-500x280.jpg\" class=\"attachment-thumbnail size-thumbnail\" alt=\"\" \/><\/a>\n\t\t\t<\/div><\/figure><figure class='gallery-item'>\n\t\t\t<div class='gallery-icon landscape'>\n\t\t\t\t<a href='https:\/\/municipalidadalhue.cl\/portal\/con-la-noche-de-encanto-y-tradicion-comienzan-las-celebraciones-de-los-270-anos-de-alhue\/dsc_0054-17\/'><img loading=\"lazy\" decoding=\"async\" width=\"500\" height=\"280\" src=\"https:\/\/municipalidadalhue.cl\/portal\/wp-content\/uploads\/2025\/08\/DSC_0054-1-500x280.jpg\" class=\"attachment-thumbnail size-thumbnail\" alt=\"\" \/><\/a>\n\t\t\t<\/div><\/figure><figure class='gallery-item'>\n\t\t\t<div class='gallery-icon landscape'>\n\t\t\t\t<a href='https:\/\/municipalidadalhue.cl\/portal\/con-la-noche-de-encanto-y-tradicion-comienzan-las-celebraciones-de-los-270-anos-de-alhue\/dsc_0060-8\/'><img loading=\"lazy\" decoding=\"async\" width=\"500\" height=\"280\" src=\"https:\/\/municipalidadalhue.cl\/portal\/wp-content\/uploads\/2025\/08\/DSC_0060-500x280.jpg\" class=\"attachment-thumbnail size-thumbnail\" alt=\"\" \/><\/a>\n\t\t\t<\/div><\/figure><figure class='gallery-item'>\n\t\t\t<div class='gallery-icon landscape'>\n\t\t\t\t<a href='https:\/\/municipalidadalhue.cl\/portal\/con-la-noche-de-encanto-y-tradicion-comienzan-las-celebraciones-de-los-270-anos-de-alhue\/dsc_0061-11\/'><img loading=\"lazy\" decoding=\"async\" width=\"500\" height=\"280\" src=\"https:\/\/municipalidadalhue.cl\/portal\/wp-content\/uploads\/2025\/08\/DSC_0061-500x280.jpg\" class=\"attachment-thumbnail size-thumbnail\" alt=\"\" \/><\/a>\n\t\t\t<\/div><\/figure><figure class='gallery-item'>\n\t\t\t<div class='gallery-icon landscape'>\n\t\t\t\t<a href='https:\/\/municipalidadalhue.cl\/portal\/con-la-noche-de-encanto-y-tradicion-comienzan-las-celebraciones-de-los-270-anos-de-alhue\/dsc_0069-5\/'><img loading=\"lazy\" decoding=\"async\" width=\"500\" height=\"280\" src=\"https:\/\/municipalidadalhue.cl\/portal\/wp-content\/uploads\/2025\/08\/DSC_0069-500x280.jpg\" class=\"attachment-thumbnail size-thumbnail\" alt=\"\" \/><\/a>\n\t\t\t<\/div><\/figure><figure class='gallery-item'>\n\t\t\t<div class='gallery-icon landscape'>\n\t\t\t\t<a href='https:\/\/municipalidadalhue.cl\/portal\/con-la-noche-de-encanto-y-tradicion-comienzan-las-celebraciones-de-los-270-anos-de-alhue\/dsc_0075-5\/'><img loading=\"lazy\" decoding=\"async\" width=\"500\" height=\"280\" src=\"https:\/\/municipalidadalhue.cl\/portal\/wp-content\/uploads\/2025\/08\/DSC_0075-500x280.jpg\" class=\"attachment-thumbnail size-thumbnail\" alt=\"\" \/><\/a>\n\t\t\t<\/div><\/figure><figure class='gallery-item'>\n\t\t\t<div class='gallery-icon landscape'>\n\t\t\t\t<a href='https:\/\/municipalidadalhue.cl\/portal\/con-la-noche-de-encanto-y-tradicion-comienzan-las-celebraciones-de-los-270-anos-de-alhue\/dsc_0078-7\/'><img loading=\"lazy\" decoding=\"async\" width=\"500\" height=\"280\" src=\"https:\/\/municipalidadalhue.cl\/portal\/wp-content\/uploads\/2025\/08\/DSC_0078-1-500x280.jpg\" class=\"attachment-thumbnail size-thumbnail\" alt=\"\" \/><\/a>\n\t\t\t<\/div><\/figure><figure class='gallery-item'>\n\t\t\t<div class='gallery-icon landscape'>\n\t\t\t\t<a href='https:\/\/municipalidadalhue.cl\/portal\/con-la-noche-de-encanto-y-tradicion-comienzan-las-celebraciones-de-los-270-anos-de-alhue\/dsc_0079-6\/'><img loading=\"lazy\" decoding=\"async\" width=\"500\" height=\"280\" src=\"https:\/\/municipalidadalhue.cl\/portal\/wp-content\/uploads\/2025\/08\/DSC_0079-500x280.jpg\" class=\"attachment-thumbnail size-thumbnail\" alt=\"\" \/><\/a>\n\t\t\t<\/div><\/figure>\n\t\t<\/div>\n\n","protected":false},"excerpt":{"rendered":"<p>El 12 de agosto Alhu\u00e9 dio inicio a las celebraciones por sus 270 a\u00f1os de historia con una de las actividades m\u00e1s queridas por nuestra comunidad: la \u201cNoche de Encanto y Tradici\u00f3n\u201d. La jornada, realizada en la tradicional Quinta de Recreo El Par\u00eds, reuni\u00f3 a una gran cantidad de vecinos, vecinas y turistas, quienes disfrutaron de m\u00fasica, baile y alegr\u00eda en un ambiente lleno de identidad y cultura. La Alcaldesa Marcela Chamorro Mac\u00edas, junto al Honorable Concejo Municipal, representado por los concejales Manuel Gonz\u00e1lez, Nancy Cerda y Fidel Valenzuela, encabezaron&hellip;<\/p>\n","protected":false},"author":1,"featured_media":19631,"comment_status":"closed","ping_status":"closed","sticky":false,"template":"","format":"standard","meta":{"footnotes":""},"categories":[10,4,5,8],"tags":[],"class_list":["post-19630","post","type-post","status-publish","format-standard","has-post-thumbnail","hentry","category-alcaldesa","category-comunidad","category-concejo","category-noticia"],"_links":{"self":[{"href":"https:\/\/municipalidadalhue.cl\/portal\/wp-json\/wp\/v2\/posts\/19630","targetHints":{"allow":["GET"]}}],"collection":[{"href":"https:\/\/municipalidadalhue.cl\/portal\/wp-json\/wp\/v2\/posts"}],"about":[{"href":"https:\/\/municipalidadalhue.cl\/portal\/wp-json\/wp\/v2\/types\/post"}],"author":[{"embeddable":true,"href":"https:\/\/municipalidadalhue.cl\/portal\/wp-json\/wp\/v2\/users\/1"}],"replies":[{"embeddable":true,"href":"https:\/\/municipalidadalhue.cl\/portal\/wp-json\/wp\/v2\/comments?post=19630"}],"version-history":[{"count":1,"href":"https:\/\/municipalidadalhue.cl\/portal\/wp-json\/wp\/v2\/posts\/19630\/revisions"}],"predecessor-version":[{"id":19647,"href":"https:\/\/municipalidadalhue.cl\/portal\/wp-json\/wp\/v2\/posts\/19630\/revisions\/19647"}],"wp:featuredmedia":[{"embeddable":true,"href":"https:\/\/municipalidadalhue.cl\/portal\/wp-json\/wp\/v2\/media\/19631"}],"wp:attachment":[{"href":"https:\/\/municipalidadalhue.cl\/portal\/wp-json\/wp\/v2\/media?parent=19630"}],"wp:term":[{"taxonomy":"category","embeddable":true,"href":"https:\/\/municipalidadalhue.cl\/portal\/wp-json\/wp\/v2\/categories?post=19630"},{"taxonomy":"post_tag","embeddable":true,"href":"https:\/\/municipalidadalhue.cl\/portal\/wp-json\/wp\/v2\/tags?post=19630"}],"curies":[{"name":"wp","href":"https:\/\/api.w.org\/{rel}","templated":true}]}}