{"id":21174,"date":"2026-03-10T15:46:26","date_gmt":"2026-03-10T15:46:26","guid":{"rendered":"https:\/\/municipalidadalhue.cl\/portal\/?p=21174"},"modified":"2026-03-10T15:46:26","modified_gmt":"2026-03-10T15:46:26","slug":"nueva-oficina-de-sernac-atendera-en-alhue","status":"publish","type":"post","link":"https:\/\/municipalidadalhue.cl\/portal\/nueva-oficina-de-sernac-atendera-en-alhue\/","title":{"rendered":"Nueva oficina de SERNAC atender\u00e1 en Alhu\u00e9"},"content":{"rendered":"<p>Nuestra Alcaldesa Marcela Chamorro Mac\u00edas firm\u00f3 un convenio de colaboraci\u00f3n con el director regional metropolitano del Servicio Nacional del Consumidor (SERNAC), Patricio Hidalgo Gorostegui, para habilitar en Alhu\u00e9 una oficina de atenci\u00f3n al consumidor.<\/p>\n<p>Este nuevo punto de atenci\u00f3n funcionar\u00e1 dentro del municipio y permitir\u00e1 a los vecinos presentar reclamos relacionados con problemas de consumo, tanto casos individuales como situaciones que afectan a muchas personas al mismo tiempo, por ejemplo, cortes de servicios b\u00e1sicos como luz o agua.<\/p>\n<p>En la firma de este destacado convenio tambi\u00e9n estuvieron presentes los concejales Manuel Gonz\u00e1lez y Alex Riquelme, quienes tambi\u00e9n recalcaron que esta iniciativa ser\u00e1 de sumo beneficio para nuestra comunidad.<\/p>\n<p>La idea de esta iniciativa, es que los habitantes de Alhu\u00e9 puedan hacer sus consultas y gestiones sin tener que trasladarse hasta otras comunas.<\/p>\n<p>Ante cualquier consulta o requerimientos, nuestros vecinos y vecinas pueden comunicarse a la Direcci\u00f3n de Desarrollo Comunitario (DIDECO) al fono 569 7764 6532.<\/p>\n<div id='gallery-1' class='gallery galleryid-21174 gallery-columns-3 gallery-size-thumbnail'><figure class='gallery-item'>\n\t\t\t<div class='gallery-icon landscape'>\n\t\t\t\t<a href='https:\/\/municipalidadalhue.cl\/portal\/nueva-oficina-de-sernac-atendera-en-alhue\/dsc_0106-8\/'><img fetchpriority=\"high\" decoding=\"async\" width=\"500\" height=\"280\" src=\"https:\/\/municipalidadalhue.cl\/portal\/wp-content\/uploads\/2026\/03\/DSC_0106-500x280.jpg\" class=\"attachment-thumbnail size-thumbnail\" alt=\"\" \/><\/a>\n\t\t\t<\/div><\/figure><figure class='gallery-item'>\n\t\t\t<div class='gallery-icon landscape'>\n\t\t\t\t<a href='https:\/\/municipalidadalhue.cl\/portal\/nueva-oficina-de-sernac-atendera-en-alhue\/dsc_0109-9\/'><img decoding=\"async\" width=\"500\" height=\"280\" src=\"https:\/\/municipalidadalhue.cl\/portal\/wp-content\/uploads\/2026\/03\/DSC_0109-500x280.jpg\" class=\"attachment-thumbnail size-thumbnail\" alt=\"\" \/><\/a>\n\t\t\t<\/div><\/figure><figure class='gallery-item'>\n\t\t\t<div class='gallery-icon landscape'>\n\t\t\t\t<a href='https:\/\/municipalidadalhue.cl\/portal\/nueva-oficina-de-sernac-atendera-en-alhue\/dsc_0110-7\/'><img decoding=\"async\" width=\"500\" height=\"280\" src=\"https:\/\/municipalidadalhue.cl\/portal\/wp-content\/uploads\/2026\/03\/DSC_0110-500x280.jpg\" class=\"attachment-thumbnail size-thumbnail\" alt=\"\" \/><\/a>\n\t\t\t<\/div><\/figure><figure class='gallery-item'>\n\t\t\t<div class='gallery-icon landscape'>\n\t\t\t\t<a href='https:\/\/municipalidadalhue.cl\/portal\/nueva-oficina-de-sernac-atendera-en-alhue\/dsc_0112-4\/'><img loading=\"lazy\" decoding=\"async\" width=\"500\" height=\"280\" src=\"https:\/\/municipalidadalhue.cl\/portal\/wp-content\/uploads\/2026\/03\/DSC_0112-500x280.jpg\" class=\"attachment-thumbnail size-thumbnail\" alt=\"\" \/><\/a>\n\t\t\t<\/div><\/figure><figure class='gallery-item'>\n\t\t\t<div class='gallery-icon landscape'>\n\t\t\t\t<a href='https:\/\/municipalidadalhue.cl\/portal\/nueva-oficina-de-sernac-atendera-en-alhue\/dsc_0113-5\/'><img loading=\"lazy\" decoding=\"async\" width=\"500\" height=\"280\" src=\"https:\/\/municipalidadalhue.cl\/portal\/wp-content\/uploads\/2026\/03\/DSC_0113-500x280.jpg\" class=\"attachment-thumbnail size-thumbnail\" alt=\"\" \/><\/a>\n\t\t\t<\/div><\/figure><figure class='gallery-item'>\n\t\t\t<div class='gallery-icon landscape'>\n\t\t\t\t<a href='https:\/\/municipalidadalhue.cl\/portal\/nueva-oficina-de-sernac-atendera-en-alhue\/dsc_0116-5\/'><img loading=\"lazy\" decoding=\"async\" width=\"500\" height=\"280\" src=\"https:\/\/municipalidadalhue.cl\/portal\/wp-content\/uploads\/2026\/03\/DSC_0116-500x280.jpg\" class=\"attachment-thumbnail size-thumbnail\" alt=\"\" \/><\/a>\n\t\t\t<\/div><\/figure><figure class='gallery-item'>\n\t\t\t<div class='gallery-icon landscape'>\n\t\t\t\t<a href='https:\/\/municipalidadalhue.cl\/portal\/nueva-oficina-de-sernac-atendera-en-alhue\/dsc_0118-7\/'><img loading=\"lazy\" decoding=\"async\" width=\"500\" height=\"280\" src=\"https:\/\/municipalidadalhue.cl\/portal\/wp-content\/uploads\/2026\/03\/DSC_0118-500x280.jpg\" class=\"attachment-thumbnail size-thumbnail\" alt=\"\" \/><\/a>\n\t\t\t<\/div><\/figure><figure class='gallery-item'>\n\t\t\t<div class='gallery-icon landscape'>\n\t\t\t\t<a href='https:\/\/municipalidadalhue.cl\/portal\/nueva-oficina-de-sernac-atendera-en-alhue\/dsc_0122-4\/'><img loading=\"lazy\" decoding=\"async\" width=\"500\" height=\"280\" src=\"https:\/\/municipalidadalhue.cl\/portal\/wp-content\/uploads\/2026\/03\/DSC_0122-500x280.jpg\" class=\"attachment-thumbnail size-thumbnail\" alt=\"\" \/><\/a>\n\t\t\t<\/div><\/figure><figure class='gallery-item'>\n\t\t\t<div class='gallery-icon landscape'>\n\t\t\t\t<a href='https:\/\/municipalidadalhue.cl\/portal\/nueva-oficina-de-sernac-atendera-en-alhue\/dsc_0123-3\/'><img loading=\"lazy\" decoding=\"async\" width=\"500\" height=\"280\" src=\"https:\/\/municipalidadalhue.cl\/portal\/wp-content\/uploads\/2026\/03\/DSC_0123-500x280.jpg\" class=\"attachment-thumbnail size-thumbnail\" alt=\"\" \/><\/a>\n\t\t\t<\/div><\/figure>\n\t\t<\/div>\n\n","protected":false},"excerpt":{"rendered":"<p>Nuestra Alcaldesa Marcela Chamorro Mac\u00edas firm\u00f3 un convenio de colaboraci\u00f3n con el director regional metropolitano del Servicio Nacional del Consumidor (SERNAC), Patricio Hidalgo Gorostegui, para habilitar en Alhu\u00e9 una oficina de atenci\u00f3n al consumidor. Este nuevo punto de atenci\u00f3n funcionar\u00e1 dentro del municipio y permitir\u00e1 a los vecinos presentar reclamos relacionados con problemas de consumo, tanto casos individuales como situaciones que afectan a muchas personas al mismo tiempo, por ejemplo, cortes de servicios b\u00e1sicos como luz o agua. En la firma de este destacado convenio tambi\u00e9n estuvieron presentes los concejales&hellip;<\/p>\n","protected":false},"author":1,"featured_media":21175,"comment_status":"closed","ping_status":"closed","sticky":false,"template":"","format":"standard","meta":{"footnotes":""},"categories":[10,4,5,8,9],"tags":[],"class_list":["post-21174","post","type-post","status-publish","format-standard","has-post-thumbnail","hentry","category-alcaldesa","category-comunidad","category-concejo","category-noticia","category-proyectos"],"_links":{"self":[{"href":"https:\/\/municipalidadalhue.cl\/portal\/wp-json\/wp\/v2\/posts\/21174","targetHints":{"allow":["GET"]}}],"collection":[{"href":"https:\/\/municipalidadalhue.cl\/portal\/wp-json\/wp\/v2\/posts"}],"about":[{"href":"https:\/\/municipalidadalhue.cl\/portal\/wp-json\/wp\/v2\/types\/post"}],"author":[{"embeddable":true,"href":"https:\/\/municipalidadalhue.cl\/portal\/wp-json\/wp\/v2\/users\/1"}],"replies":[{"embeddable":true,"href":"https:\/\/municipalidadalhue.cl\/portal\/wp-json\/wp\/v2\/comments?post=21174"}],"version-history":[{"count":1,"href":"https:\/\/municipalidadalhue.cl\/portal\/wp-json\/wp\/v2\/posts\/21174\/revisions"}],"predecessor-version":[{"id":21185,"href":"https:\/\/municipalidadalhue.cl\/portal\/wp-json\/wp\/v2\/posts\/21174\/revisions\/21185"}],"wp:featuredmedia":[{"embeddable":true,"href":"https:\/\/municipalidadalhue.cl\/portal\/wp-json\/wp\/v2\/media\/21175"}],"wp:attachment":[{"href":"https:\/\/municipalidadalhue.cl\/portal\/wp-json\/wp\/v2\/media?parent=21174"}],"wp:term":[{"taxonomy":"category","embeddable":true,"href":"https:\/\/municipalidadalhue.cl\/portal\/wp-json\/wp\/v2\/categories?post=21174"},{"taxonomy":"post_tag","embeddable":true,"href":"https:\/\/municipalidadalhue.cl\/portal\/wp-json\/wp\/v2\/tags?post=21174"}],"curies":[{"name":"wp","href":"https:\/\/api.w.org\/{rel}","templated":true}]}}