{"id":21994,"date":"2026-04-29T19:18:23","date_gmt":"2026-04-29T19:18:23","guid":{"rendered":"https:\/\/municipalidadalhue.cl\/portal\/?p=21994"},"modified":"2026-04-29T19:20:34","modified_gmt":"2026-04-29T19:20:34","slug":"gobierno-en-terreno-en-alhue-reunio-a-multiples-servicios-publicos-privados-y-voluntariado","status":"publish","type":"post","link":"https:\/\/municipalidadalhue.cl\/portal\/gobierno-en-terreno-en-alhue-reunio-a-multiples-servicios-publicos-privados-y-voluntariado\/","title":{"rendered":"Gobierno en Terreno en Alhu\u00e9 reuni\u00f3 a m\u00faltiples servicios p\u00fablicos, privados y voluntariado"},"content":{"rendered":"<p>A un costado de la feria libre de los viernes, se desarroll\u00f3 una nueva jornada de Gobierno en Terreno, iniciativa impulsada por Delegaci\u00f3n Presidencial Provincial de Melipilla, con apoyo de la Ilustre Municipalidad de Alhu\u00e9.<\/p>\n<p>Esta actividad que cont\u00f3 con la participaci\u00f3n de cerca de 15 servicios p\u00fablicos, privados y voluntariados, entre ellos salud primaria con punto de vacunaci\u00f3n contra la influenza, atenci\u00f3n del CESFAM, Registro Civil, ChileAtiende, CGE, INDAP, CONAF, SII, JUNAEB, entre otros, adem\u00e1s de atenci\u00f3n gratuita de peluquer\u00eda, facilitando el acceso a tr\u00e1mites, orientaci\u00f3n y prestaciones en un s\u00f3lo lugar.<\/p>\n<p>El Delegado Presidencial Provincial de Melipilla, Gast\u00f3n Libuy, valor\u00f3 el desarrollo de la jornada y destac\u00f3 la importancia de este tipo de iniciativas en comunas m\u00e1s apartadas de la Regi\u00f3n Metropolitana.<\/p>\n<p>\u201cUna muy provechosa jornada tuvimos en la comuna de Alhu\u00e9 con nuestro Gobierno en Terreno, donde una vez m\u00e1s pudimos acercar los servicios p\u00fablicos de la provincia, facilitando el acceso a los distintos tr\u00e1mites y servicios que presta el Estado. Nuestro compromiso como Delegaci\u00f3n Presidencial Provincial es seguir recorriendo los territorios con nuevos operativos, junto a los diversos servicios, para mejorar la calidad de vida de nuestras comunidades\u201d, indic\u00f3 la autoridad.<\/p>\n<p>Por su parte, Gladys Rojas, vecina de la comuna, agradeci\u00f3 la instancia. \u201cEncuentro muy bien todo esto, especialmente para las personas mayores, porque nos ayudan a informarnos sobre servicios que muchas veces no conocemos o est\u00e1n lejos. Aqu\u00ed me atendieron r\u00e1pido, pude resolver mis consultas y me gust\u00f3 todo esto\u201d, manifest\u00f3.<\/p>\n","protected":false},"excerpt":{"rendered":"<p>A un costado de la feria libre de los viernes, se desarroll\u00f3 una nueva jornada de Gobierno en Terreno, iniciativa impulsada por Delegaci\u00f3n Presidencial Provincial de Melipilla, con apoyo de la Ilustre Municipalidad de Alhu\u00e9. Esta actividad que cont\u00f3 con la participaci\u00f3n de cerca de 15 servicios p\u00fablicos, privados y voluntariados, entre ellos salud primaria con punto de vacunaci\u00f3n contra la influenza, atenci\u00f3n del CESFAM, Registro Civil, ChileAtiende, CGE, INDAP, CONAF, SII, JUNAEB, entre otros, adem\u00e1s de atenci\u00f3n gratuita de peluquer\u00eda, facilitando el acceso a tr\u00e1mites, orientaci\u00f3n y prestaciones en&hellip;<\/p>\n","protected":false},"author":1,"featured_media":21998,"comment_status":"closed","ping_status":"closed","sticky":false,"template":"","format":"standard","meta":{"footnotes":""},"categories":[4,8],"tags":[],"class_list":["post-21994","post","type-post","status-publish","format-standard","has-post-thumbnail","hentry","category-comunidad","category-noticia"],"_links":{"self":[{"href":"https:\/\/municipalidadalhue.cl\/portal\/wp-json\/wp\/v2\/posts\/21994","targetHints":{"allow":["GET"]}}],"collection":[{"href":"https:\/\/municipalidadalhue.cl\/portal\/wp-json\/wp\/v2\/posts"}],"about":[{"href":"https:\/\/municipalidadalhue.cl\/portal\/wp-json\/wp\/v2\/types\/post"}],"author":[{"embeddable":true,"href":"https:\/\/municipalidadalhue.cl\/portal\/wp-json\/wp\/v2\/users\/1"}],"replies":[{"embeddable":true,"href":"https:\/\/municipalidadalhue.cl\/portal\/wp-json\/wp\/v2\/comments?post=21994"}],"version-history":[{"count":1,"href":"https:\/\/municipalidadalhue.cl\/portal\/wp-json\/wp\/v2\/posts\/21994\/revisions"}],"predecessor-version":[{"id":21996,"href":"https:\/\/municipalidadalhue.cl\/portal\/wp-json\/wp\/v2\/posts\/21994\/revisions\/21996"}],"wp:featuredmedia":[{"embeddable":true,"href":"https:\/\/municipalidadalhue.cl\/portal\/wp-json\/wp\/v2\/media\/21998"}],"wp:attachment":[{"href":"https:\/\/municipalidadalhue.cl\/portal\/wp-json\/wp\/v2\/media?parent=21994"}],"wp:term":[{"taxonomy":"category","embeddable":true,"href":"https:\/\/municipalidadalhue.cl\/portal\/wp-json\/wp\/v2\/categories?post=21994"},{"taxonomy":"post_tag","embeddable":true,"href":"https:\/\/municipalidadalhue.cl\/portal\/wp-json\/wp\/v2\/tags?post=21994"}],"curies":[{"name":"wp","href":"https:\/\/api.w.org\/{rel}","templated":true}]}}