{"id":3732,"date":"2015-01-05T19:56:16","date_gmt":"2015-01-05T19:56:16","guid":{"rendered":"http:\/\/municipalidadalhue.cl\/portal\/?p=3732"},"modified":"2015-01-12T12:18:54","modified_gmt":"2015-01-12T12:18:54","slug":"radio-alhue-cambia-su-dial-a-105-9","status":"publish","type":"post","link":"https:\/\/municipalidadalhue.cl\/portal\/radio-alhue-cambia-su-dial-a-105-9\/","title":{"rendered":"Radio Alhu\u00e9 cambia su dial a 105.9 FM"},"content":{"rendered":"<p><strong>Tras una evaluaci\u00f3n de la Subsecretar\u00eda de Telecomunicaciones, se design\u00f3 que esta ser\u00e1 la nueva frecuencia que poseer\u00e1 la emisora comunitaria.<\/strong><\/p>\n<p><a href=\"http:\/\/municipalidadalhue.cl\/portal\/wp-content\/uploads\/2015\/01\/radio.jpg\"><img fetchpriority=\"high\" decoding=\"async\" class=\"alignright wp-image-3733\" src=\"http:\/\/municipalidadalhue.cl\/portal\/wp-content\/uploads\/2015\/01\/radio-300x259.jpg\" alt=\"radio\" width=\"245\" height=\"212\" srcset=\"https:\/\/municipalidadalhue.cl\/portal\/wp-content\/uploads\/2015\/01\/radio-300x259.jpg 300w, https:\/\/municipalidadalhue.cl\/portal\/wp-content\/uploads\/2015\/01\/radio-1024x884.jpg 1024w, https:\/\/municipalidadalhue.cl\/portal\/wp-content\/uploads\/2015\/01\/radio-900x777.jpg 900w\" sizes=\"(max-width: 245px) 100vw, 245px\" \/><\/a><\/p>\n<p>La agrupaci\u00f3n \u201cAmigos de la Radio\u201d informa que a partir del 6 de enero la Radio Comunitaria Alhu\u00e9 utilizar\u00e1 el dial 105.9 en la Frecuencia Modulada (FM), luego de la disposici\u00f3n que realiz\u00f3 la Subsecretar\u00eda de Telecomunicaciones.<\/p>\n<p>Esto se concret\u00f3, tras la evaluaci\u00f3n que esta entidad gubernamental desarroll\u00f3 a las diversas radioemisoras comunitarias del pa\u00eds, dictaminando que pasaran de la frecuencia 107.5 a 105.9.<\/p>\n<p>Cabe destacar, que este cambio de dial no afectar\u00e1 en la programaci\u00f3n, ni la calidad de la se\u00f1al que entrega Radio Alhu\u00e9 para toda nuestra comunidad.<\/p>\n","protected":false},"excerpt":{"rendered":"<p>Tras una evaluaci\u00f3n de la Subsecretar\u00eda de Telecomunicaciones, se design\u00f3 que esta ser\u00e1 la nueva frecuencia que poseer\u00e1 la emisora comunitaria. La agrupaci\u00f3n \u201cAmigos de la Radio\u201d informa que a partir del 6 de enero la Radio Comunitaria Alhu\u00e9 utilizar\u00e1 el dial 105.9 en la Frecuencia Modulada (FM), luego de la disposici\u00f3n que realiz\u00f3 la Subsecretar\u00eda de Telecomunicaciones. Esto se concret\u00f3, tras la evaluaci\u00f3n que esta entidad gubernamental desarroll\u00f3 a las diversas radioemisoras comunitarias del pa\u00eds, dictaminando que pasaran de la frecuencia 107.5 a 105.9. Cabe destacar, que este cambio&hellip;<\/p>\n","protected":false},"author":1,"featured_media":3735,"comment_status":"closed","ping_status":"closed","sticky":false,"template":"","format":"standard","meta":{"footnotes":""},"categories":[4,8],"tags":[],"class_list":["post-3732","post","type-post","status-publish","format-standard","has-post-thumbnail","hentry","category-comunidad","category-noticia"],"_links":{"self":[{"href":"https:\/\/municipalidadalhue.cl\/portal\/wp-json\/wp\/v2\/posts\/3732","targetHints":{"allow":["GET"]}}],"collection":[{"href":"https:\/\/municipalidadalhue.cl\/portal\/wp-json\/wp\/v2\/posts"}],"about":[{"href":"https:\/\/municipalidadalhue.cl\/portal\/wp-json\/wp\/v2\/types\/post"}],"author":[{"embeddable":true,"href":"https:\/\/municipalidadalhue.cl\/portal\/wp-json\/wp\/v2\/users\/1"}],"replies":[{"embeddable":true,"href":"https:\/\/municipalidadalhue.cl\/portal\/wp-json\/wp\/v2\/comments?post=3732"}],"version-history":[{"count":0,"href":"https:\/\/municipalidadalhue.cl\/portal\/wp-json\/wp\/v2\/posts\/3732\/revisions"}],"wp:featuredmedia":[{"embeddable":true,"href":"https:\/\/municipalidadalhue.cl\/portal\/wp-json\/wp\/v2\/media\/3735"}],"wp:attachment":[{"href":"https:\/\/municipalidadalhue.cl\/portal\/wp-json\/wp\/v2\/media?parent=3732"}],"wp:term":[{"taxonomy":"category","embeddable":true,"href":"https:\/\/municipalidadalhue.cl\/portal\/wp-json\/wp\/v2\/categories?post=3732"},{"taxonomy":"post_tag","embeddable":true,"href":"https:\/\/municipalidadalhue.cl\/portal\/wp-json\/wp\/v2\/tags?post=3732"}],"curies":[{"name":"wp","href":"https:\/\/api.w.org\/{rel}","templated":true}]}}