{"id":3827,"date":"2015-01-14T13:50:13","date_gmt":"2015-01-14T13:50:13","guid":{"rendered":"http:\/\/municipalidadalhue.cl\/portal\/?p=3827"},"modified":"2015-01-19T12:18:45","modified_gmt":"2015-01-19T12:18:45","slug":"alcalde-roberto-torres-huerta-se-reunio-con-directora-provincial-de-educacion-analizando-asignacion-de-recursos-para-alhue","status":"publish","type":"post","link":"https:\/\/municipalidadalhue.cl\/portal\/alcalde-roberto-torres-huerta-se-reunio-con-directora-provincial-de-educacion-analizando-asignacion-de-recursos-para-alhue\/","title":{"rendered":"Alcalde Roberto Torres Huerta se reuni\u00f3 con directora Provincial de Educaci\u00f3n analizando asignaci\u00f3n de recursos para Alhu\u00e9"},"content":{"rendered":"<p><strong>La m\u00e1xima autoridad de la comuna sostuvo una importante cita con Pamela Esperguen, en la que se prioriz\u00f3 la entrega de Fondos de Apoyo a la Educaci\u00f3n P\u00fablica para nuestro territorio.<\/strong><\/p>\n<p><a href=\"http:\/\/municipalidadalhue.cl\/portal\/wp-content\/uploads\/2015\/01\/DSC_0400.jpg\"><img fetchpriority=\"high\" decoding=\"async\" class=\"alignright size-medium wp-image-3828\" src=\"http:\/\/municipalidadalhue.cl\/portal\/wp-content\/uploads\/2015\/01\/DSC_0400-300x225.jpg\" alt=\"DSC_0400\" width=\"300\" height=\"225\" srcset=\"https:\/\/municipalidadalhue.cl\/portal\/wp-content\/uploads\/2015\/01\/DSC_0400-300x225.jpg 300w, https:\/\/municipalidadalhue.cl\/portal\/wp-content\/uploads\/2015\/01\/DSC_0400-1024x768.jpg 1024w, https:\/\/municipalidadalhue.cl\/portal\/wp-content\/uploads\/2015\/01\/DSC_0400-900x675.jpg 900w\" sizes=\"(max-width: 300px) 100vw, 300px\" \/><\/a><\/p>\n<p>La Gobernaci\u00f3n Provincial de Melipilla fue el centro de reuniones que utiliz\u00f3 la Direcci\u00f3n Provincial de Educaci\u00f3n con el equipo encargado de esta \u00e1rea de nuestra comuna, para analizar la asignaci\u00f3n de fondos de Apoyo para la Educaci\u00f3n P\u00fablica (FAEP) 2015.<\/p>\n<p>En esta jornada estuvo presente el Alcalde Roberto Torres Huerta, junto a la jefa (s) del DAEM, Gloria Cerda y el jefe del Departamento de Finanzas, Juan Carlos Cort\u00e9s, quienes se reunieron con la directora provincial de Educaci\u00f3n, Pamela Esperguen y su equipo de trabajo.<\/p>\n<p>La autoridad provincial coment\u00f3 que esta reuni\u00f3n de coordinaci\u00f3n forma parte de la Agenda de Fortalecimiento de la Educaci\u00f3n P\u00fablica que cuenta con una serie de fondos para que las comunas puedan realizar todo tipo de proyectos para el mejoramiento de su servicio educativo<\/p>\n<p>Se trata de ocho iniciativas donde los alcaldes y corporaciones municipales pueden invertir los recursos que les entrega el Estado, por ello la importancia de esta reuni\u00f3n, donde se pueden definir en forma conjunta las mejores opciones de inversi\u00f3n en materia de educaci\u00f3n p\u00fablica.<\/p>\n<p>\u201cEl FAEP 2015 es un fondo de apoyo a la Educaci\u00f3n P\u00fablica que cuenta con ocho iniciativas, las que van desde equipamiento, mobiliario, mejoramiento de infraestructura, hasta capacitaci\u00f3n y desarrollo de talleres\u201d<\/p>\n<p>El Alcalde Roberto Torres Huerta coment\u00f3 que van a invertir los recursos en temas de infraestructura en el Liceo Sara Troncoso y en las escuelas rurales de las diferentes localidades de Alhu\u00e9.<\/p>\n<p>Asimismo, el jefe comunal dijo que esta inversi\u00f3n es muy necesaria para atender en forma adecuada a los estudiantes de Alhu\u00e9, cuya matr\u00edcula para el a\u00f1o 2015 se calcula en unos mil estudiantes.<\/p>\n<p>\u201cVamos a mejorar la implementaci\u00f3n en el Liceo y escuelas p\u00fablicas de la comuna,\u00a0 mejor mobiliario, ya sean mesas,\u00a0 sillas,\u00a0 pizarras, adem\u00e1s mejoramiento de la infraestructura del Liceo Sara Troncoso\u201d, finaliz\u00f3.<\/p>\n","protected":false},"excerpt":{"rendered":"<p>La m\u00e1xima autoridad de la comuna sostuvo una importante cita con Pamela Esperguen, en la que se prioriz\u00f3 la entrega de Fondos de Apoyo a la Educaci\u00f3n P\u00fablica para nuestro territorio. La Gobernaci\u00f3n Provincial de Melipilla fue el centro de reuniones que utiliz\u00f3 la Direcci\u00f3n Provincial de Educaci\u00f3n con el equipo encargado de esta \u00e1rea de nuestra comuna, para analizar la asignaci\u00f3n de fondos de Apoyo para la Educaci\u00f3n P\u00fablica (FAEP) 2015. En esta jornada estuvo presente el Alcalde Roberto Torres Huerta, junto a la jefa (s) del DAEM, Gloria&hellip;<\/p>\n","protected":false},"author":1,"featured_media":0,"comment_status":"closed","ping_status":"closed","sticky":false,"template":"","format":"standard","meta":{"footnotes":""},"categories":[8],"tags":[],"class_list":["post-3827","post","type-post","status-publish","format-standard","hentry","category-noticia"],"_links":{"self":[{"href":"https:\/\/municipalidadalhue.cl\/portal\/wp-json\/wp\/v2\/posts\/3827","targetHints":{"allow":["GET"]}}],"collection":[{"href":"https:\/\/municipalidadalhue.cl\/portal\/wp-json\/wp\/v2\/posts"}],"about":[{"href":"https:\/\/municipalidadalhue.cl\/portal\/wp-json\/wp\/v2\/types\/post"}],"author":[{"embeddable":true,"href":"https:\/\/municipalidadalhue.cl\/portal\/wp-json\/wp\/v2\/users\/1"}],"replies":[{"embeddable":true,"href":"https:\/\/municipalidadalhue.cl\/portal\/wp-json\/wp\/v2\/comments?post=3827"}],"version-history":[{"count":0,"href":"https:\/\/municipalidadalhue.cl\/portal\/wp-json\/wp\/v2\/posts\/3827\/revisions"}],"wp:attachment":[{"href":"https:\/\/municipalidadalhue.cl\/portal\/wp-json\/wp\/v2\/media?parent=3827"}],"wp:term":[{"taxonomy":"category","embeddable":true,"href":"https:\/\/municipalidadalhue.cl\/portal\/wp-json\/wp\/v2\/categories?post=3827"},{"taxonomy":"post_tag","embeddable":true,"href":"https:\/\/municipalidadalhue.cl\/portal\/wp-json\/wp\/v2\/tags?post=3827"}],"curies":[{"name":"wp","href":"https:\/\/api.w.org\/{rel}","templated":true}]}}